{"id":370740,"date":"2021-08-26T09:32:32","date_gmt":"2021-08-26T06:32:32","guid":{"rendered":"http:\/\/arantv.az\/?p=370740"},"modified":"2021-08-26T09:32:32","modified_gmt":"2021-08-26T06:32:32","slug":"turkiy%c9%99-h%c9%99rbcil%c9%99rinin-%c9%99fqanistandan-t%c9%99xliy%c9%99sinin-basa-catma-vaxti-aciqlandi","status":"publish","type":"post","link":"https:\/\/arantv.az\/?p=370740","title":{"rendered":"T\u00fcrkiy\u0259 h\u0259rb\u00e7il\u0259rinin \u018ffqan\u0131standan t\u0259xliy\u0259sinin ba\u015fa \u00e7atma vaxt\u0131 a\u00e7\u0131qland\u0131"},"content":{"rendered":"<p><strong>T\u00fcrkiy\u0259 h\u0259rb\u00e7il\u0259rini \u018ffqan\u0131standan t\u0259xliy\u0259 ed\u0259n t\u0259yyar\u0259 Kabild\u0259n havaya qalx\u0131b.<\/strong><\/p>\n<p><strong>ARANTV.AZ<\/strong> &#8220;Report&#8221;a istinad\u0259n x\u0259b\u0259r verir ki, bu bar\u0259d\u0259 T\u00fcrkiy\u0259 Prezidenti Administrasiyas\u0131n\u0131n s\u00f6z\u00e7\u00fcs\u00fc \u0130brahim Kal\u0131n bildirib.<\/p>\n<p>&#8220;Bu g\u00fcn (d\u00fcn\u0259n) bir t\u0259yyar\u0259 s\u0259maya qalx\u0131b. T\u00fcrkiy\u0259 \u0259sg\u0259rl\u0259rinin t\u0259xliy\u0259si 24 ya da 36 saat \u0259rzind\u0259 ba\u015fa \u00e7ata bil\u0259r&#8221;, &#8211; \u0130brahim Kal\u0131n deyib.<\/p>\n<p>O, bildirib ki, m\u00fclki m\u00fct\u0259x\u0259ssisl\u0259r Kabil Hava Liman\u0131nda f\u0259aliyy\u0259tl\u0259rini davam etdir\u0259 bil\u0259c\u0259kl\u0259r. &#8220;Bununla ba\u011fl\u0131 m\u00fczakir\u0259l\u0259rimiz davam edir&#8221;, &#8211; \u0259lav\u0259 edib.<\/p>\n<p>Qeyd ed\u0259k ki, T\u00fcrkiy\u0259 d\u00fcn\u0259nd\u0259n h\u0259rb\u00e7il\u0259rini \u018ffqan\u0131standan \u00e7\u0131xarma\u011fa ba\u015flay\u0131b.<\/p>\n<p>\u00d6lk\u0259nin Milli M\u00fcdafi\u0259 Nazirliyi a\u00e7\u0131qlamas\u0131nda bu add\u0131m\u0131n m\u00f6vcud v\u0259ziyy\u0259t v\u0259 \u015f\u0259rtl\u0259r qiym\u0259tl\u0259ndirildikd\u0259n sonra at\u0131ld\u0131\u011f\u0131n\u0131 qeyd edib.<\/p>\n<p>Xat\u0131rladaq ki, T\u00fcrkiy\u0259 h\u0259rb\u00e7il\u0259ri 2002-ci ild\u0259n etibar\u0259n \u018ffqan\u0131standa xidm\u0259t edir.<\/p>\n","protected":false},"excerpt":{"rendered":"<p>T\u00fcrkiy\u0259 h\u0259rb\u00e7il\u0259rini \u018ffqan\u0131standan t\u0259xliy\u0259 ed\u0259n t\u0259yyar\u0259 Kabild\u0259n havaya qalx\u0131b. ARANTV.AZ &#8220;Report&#8221;a istinad\u0259n x\u0259b\u0259r verir ki, bu bar\u0259d\u0259 T\u00fcrkiy\u0259 Prezidenti Administrasiyas\u0131n\u0131n s\u00f6z\u00e7\u00fcs\u00fc \u0130brahim Kal\u0131n bildirib. &#8220;Bu g\u00fcn (d\u00fcn\u0259n) bir t\u0259yyar\u0259 s\u0259maya qalx\u0131b. T\u00fcrkiy\u0259 \u0259sg\u0259rl\u0259rinin t\u0259xliy\u0259si 24 ya da 36 saat \u0259rzind\u0259 ba\u015fa \u00e7ata bil\u0259r&#8221;, &#8211; \u0130brahim Kal\u0131n deyib. O, bildirib ki, m\u00fclki m\u00fct\u0259x\u0259ssisl\u0259r Kabil Hava Liman\u0131nda f\u0259aliyy\u0259tl\u0259rini davam etdir\u0259 bil\u0259c\u0259kl\u0259r. &#8220;Bununla ba\u011fl\u0131 m\u00fczakir\u0259l\u0259rimiz davam edir&#8221;, &#8211; \u0259lav\u0259 edib. Qeyd ed\u0259k ki, T\u00fcrkiy\u0259 d\u00fcn\u0259nd\u0259n h\u0259rb\u00e7il\u0259rini \u018ffqan\u0131standan \u00e7\u0131xarma\u011fa ba\u015flay\u0131b. \u00d6lk\u0259nin Milli M\u00fcdafi\u0259 Nazirliyi a\u00e7\u0131qlamas\u0131nda bu add\u0131m\u0131n m\u00f6vcud v\u0259ziyy\u0259t v\u0259 \u015f\u0259rtl\u0259r qiym\u0259tl\u0259ndirildikd\u0259n sonra at\u0131ld\u0131\u011f\u0131n\u0131&hellip;<\/p>\n","protected":false},"author":2,"featured_media":370742,"comment_status":"closed","ping_status":"closed","sticky":false,"template":"","format":"standard","meta":{"om_disable_all_campaigns":false,"_monsterinsights_skip_tracking":false,"_monsterinsights_sitenote_active":false,"_monsterinsights_sitenote_note":"","_monsterinsights_sitenote_category":0},"categories":[7],"tags":[],"aioseo_notices":[],"gutentor_comment":0,"rttpg_featured_image_url":{"full":["https:\/\/arantv.az\/wp-content\/uploads\/2021\/08\/974927.jpg",800,600,false],"landscape":["https:\/\/arantv.az\/wp-content\/uploads\/2021\/08\/974927.jpg",800,600,false],"portraits":["https:\/\/arantv.az\/wp-content\/uploads\/2021\/08\/974927.jpg",800,600,false],"thumbnail":["https:\/\/arantv.az\/wp-content\/uploads\/2021\/08\/974927-500x280.jpg",500,280,true],"medium":["https:\/\/arantv.az\/wp-content\/uploads\/2021\/08\/974927-487x365.jpg",487,365,true],"large":["https:\/\/arantv.az\/wp-content\/uploads\/2021\/08\/974927.jpg",640,480,false],"1536x1536":["https:\/\/arantv.az\/wp-content\/uploads\/2021\/08\/974927.jpg",800,600,false],"2048x2048":["https:\/\/arantv.az\/wp-content\/uploads\/2021\/08\/974927.jpg",800,600,false],"post-thumbnail":["https:\/\/arantv.az\/wp-content\/uploads\/2021\/08\/974927-240x172.jpg",240,172,true],"advps-thumb-one":["https:\/\/arantv.az\/wp-content\/uploads\/2021\/08\/974927.jpg",800,600,false]},"rttpg_author":{"display_name":"V\u00fcsal Rafiqo\u011flu","author_link":"https:\/\/arantv.az\/?author=2"},"rttpg_comment":0,"rttpg_category":"<a href=\"https:\/\/arantv.az\/?cat=7\" rel=\"category\">D\u00fcnya<\/a>","rttpg_excerpt":"T\u00fcrkiy\u0259 h\u0259rb\u00e7il\u0259rini \u018ffqan\u0131standan t\u0259xliy\u0259 ed\u0259n t\u0259yyar\u0259 Kabild\u0259n havaya qalx\u0131b. ARANTV.AZ &#8220;Report&#8221;a istinad\u0259n x\u0259b\u0259r verir ki, bu bar\u0259d\u0259 T\u00fcrkiy\u0259 Prezidenti Administrasiyas\u0131n\u0131n s\u00f6z\u00e7\u00fcs\u00fc \u0130brahim Kal\u0131n bildirib. &#8220;Bu g\u00fcn (d\u00fcn\u0259n) bir t\u0259yyar\u0259 s\u0259maya qalx\u0131b. T\u00fcrkiy\u0259 \u0259sg\u0259rl\u0259rinin t\u0259xliy\u0259si 24 ya da 36 saat \u0259rzind\u0259 ba\u015fa \u00e7ata bil\u0259r&#8221;, &#8211; \u0130brahim Kal\u0131n deyib. O, bildirib ki, m\u00fclki m\u00fct\u0259x\u0259ssisl\u0259r Kabil Hava Liman\u0131nda&hellip;","_links":{"self":[{"href":"https:\/\/arantv.az\/index.php?rest_route=\/wp\/v2\/posts\/370740"}],"collection":[{"href":"https:\/\/arantv.az\/index.php?rest_route=\/wp\/v2\/posts"}],"about":[{"href":"https:\/\/arantv.az\/index.php?rest_route=\/wp\/v2\/types\/post"}],"author":[{"embeddable":true,"href":"https:\/\/arantv.az\/index.php?rest_route=\/wp\/v2\/users\/2"}],"replies":[{"embeddable":true,"href":"https:\/\/arantv.az\/index.php?rest_route=%2Fwp%2Fv2%2Fcomments&post=370740"}],"version-history":[{"count":0,"href":"https:\/\/arantv.az\/index.php?rest_route=\/wp\/v2\/posts\/370740\/revisions"}],"wp:featuredmedia":[{"embeddable":true,"href":"https:\/\/arantv.az\/index.php?rest_route=\/wp\/v2\/media\/370742"}],"wp:attachment":[{"href":"https:\/\/arantv.az\/index.php?rest_route=%2Fwp%2Fv2%2Fmedia&parent=370740"}],"wp:term":[{"taxonomy":"category","embeddable":true,"href":"https:\/\/arantv.az\/index.php?rest_route=%2Fwp%2Fv2%2Fcategories&post=370740"},{"taxonomy":"post_tag","embeddable":true,"href":"https:\/\/arantv.az\/index.php?rest_route=%2Fwp%2Fv2%2Ftags&post=370740"}],"curies":[{"name":"wp","href":"https:\/\/api.w.org\/{rel}","templated":true}]}}