{"id":370747,"date":"2021-08-26T09:35:37","date_gmt":"2021-08-26T06:35:37","guid":{"rendered":"http:\/\/arantv.az\/?p=370747"},"modified":"2021-08-26T09:35:37","modified_gmt":"2021-08-26T06:35:37","slug":"komit%c9%99-v%c9%99t%c9%99ndasin-s%c9%99n%c9%99dini-ala-bilm%c9%99m%c9%99si-il%c9%99-bagli-m%c9%99s%c9%99l%c9%99y%c9%99-aydinliq-g%c9%99tirdi","status":"publish","type":"post","link":"https:\/\/arantv.az\/?p=370747","title":{"rendered":"Komit\u0259 v\u0259t\u0259nda\u015f\u0131n s\u0259n\u0259dini ala bilm\u0259m\u0259si il\u0259 ba\u011fl\u0131 m\u0259s\u0259l\u0259y\u0259 ayd\u0131nl\u0131q g\u0259tirdi"},"content":{"rendered":"<p>\u0130qtisadiyyat Nazirliyi yan\u0131nda \u018fmlak M\u0259s\u0259l\u0259l\u0259ri D\u00f6vl\u0259t Xidm\u0259tisi Sumqay\u0131t \u015f\u0259h\u0259r sakini \u018fyyub Sultanova m\u0259xsus qanuni torpaq s\u0259n\u0259dini komit\u0259 yan\u0131nda Da\u015f\u0131nmaz \u018fmlak D\u00f6vl\u0259t Reyestri xidm\u0259tinin iki sayl\u0131 \u0259razi idar\u0259sind\u0259n ala bilm\u0259m\u0259si il\u0259 ba\u011fl\u0131 fikirl\u0259rin\u0259 m\u00fcnasib\u0259t bildirib.<\/p>\n<p>Qurumdan Oxu.Az-\u0131n sor\u011fusuna cavab olaraq bildirilib ki, v\u0259t\u0259nda\u015f Sultanov \u018fyyub Atam\u0259li o\u011flunun etibarnam\u0259 \u00fczr\u0259 n\u00fcmay\u0259nd\u0259si V\u0259liyev X\u0259lil \u018fhm\u0259d o\u011flu avqustun 20-d\u0259 \u0130qtisadiyyat Nazirliyi yan\u0131nda \u018fmlak M\u0259s\u0259l\u0259l\u0259ri D\u00f6vl\u0259t Xidm\u0259tinin Da\u015f\u0131nmaz \u018fmlak\u0131n D\u00f6vl\u0259t Reyestri Xidm\u0259tinin 2 sayl\u0131 Sumqay\u0131t \u0259razi idar\u0259sin\u0259 g\u0259l\u0259r\u0259k m\u00fcraci\u0259tinin t\u0259min olunmamas\u0131na etiraz edib:<\/p>\n<p>\u201cX\u0259lil V\u0259liyev avqustun 17-d\u0259 Da\u015f\u0131nmaz \u018fmlak\u0131n D\u00f6vl\u0259t Reyestri Xidm\u0259tinin 2 sayl\u0131 Sumqay\u0131t \u0259razi idar\u0259sinin S\u0259n\u0259dl\u0259rin q\u0259bulu b\u00f6lm\u0259sin\u0259 yax\u0131nla\u015faraq etibarnam\u0259 \u00fczr\u0259 n\u00fcmay\u0259nd\u0259si oldu\u011fu \u018fyyub Sultanovun ad\u0131na Sumqay\u0131t XDS \u0130K-nin Ba\u011flar T\u0259s\u0259rr\u00fcfat\u0131 \u0130dar\u0259si t\u0259r\u0259find\u0259n verilmi\u015f ba\u011f sah\u0259sinin v\u0259 tikilil\u0259rin uzunm\u00fcdd\u0259tli icar\u0259y\u0259 verilm\u0259si bar\u0259d\u0259 01.10.1990-c\u0131 il tarixli m\u00fcqavil\u0259ni t\u0259qdim edib. Lakin v\u0259t\u0259nda\u015f\u0131n \u0259riz\u0259sin\u0259 torpaq sah\u0259sinin plan\u0131 (yerl\u0259\u015fm\u0259 sxemi) \u0259lav\u0259 edilm\u0259yib.<\/p>\n<p>Qeyd ed\u0259k ki, Az\u0259rbaycan Respublikas\u0131n\u0131n Torpaq M\u0259c\u0259ll\u0259sinin 65-ci madd\u0259sinin 6-c\u0131 b\u0259ndin\u0259 g\u00f6r\u0259, torpaq sah\u0259sinin t\u0259sdiq edilmi\u015f plan\u0131 torpaq sah\u0259sinin istifad\u0259y\u0259 v\u0259 ya icar\u0259y\u0259 verilm\u0259si (sat\u0131lmas\u0131) bar\u0259d\u0259 m\u00fcqavil\u0259nin ayr\u0131lmaz hiss\u0259sidir.<\/p>\n<p>Eyni zamanda, \u201cDa\u015f\u0131nmaz \u0259mlak\u0131n d\u00f6vl\u0259t reyestri haqq\u0131nda\u201d Qanunun 10-cu madd\u0259sin\u0259 \u0259sas\u0259n, qeydiyyat \u00fc\u00e7\u00fcn verilmi\u015f \u0259riz\u0259y\u0259 torpaq sah\u0259sinin plan\u0131 v\u0259 torpaqda yerl\u0259\u015f\u0259n tikilil\u0259rin cizgisi \u0259lav\u0259 olunmal\u0131d\u0131r.<\/p>\n<p>V\u0259t\u0259nda\u015f\u0131n 1990-c\u0131 ild\u0259n istifad\u0259 etdiyi sah\u0259ni m\u00fc\u0259yy\u0259n etm\u0259y\u0259 imkan ver\u0259n v\u0259 qanunvericilikl\u0259 onun icar\u0259 m\u00fcqavil\u0259sinin ayr\u0131lmaz t\u0259rkib hiss\u0259si olan torpaq sah\u0259sinin plan\u0131 (yerl\u0259\u015fm\u0259 sxemi) m\u00f6vcud olmay\u0131b.<\/p>\n<p>Buna baxmayaraq, 2 sayl\u0131 Sumqay\u0131t \u0259razi idar\u0259sinin arxivind\u0259 ara\u015fd\u0131rma apar\u0131lmas\u0131, el\u0259c\u0259 d\u0259 torpaq sah\u0259sinin yerinin m\u00fc\u0259yy\u0259n edilm\u0259sin\u0259 imkan ver\u0259n dig\u0259r t\u0259dbirl\u0259rin g\u00f6r\u00fclm\u0259si \u00fc\u00e7\u00fcn \u0259riz\u0259 q\u0259bul edilib v\u0259 \u0259lav\u0259 ara\u015fd\u0131rma m\u0259qs\u0259dil\u0259 icra m\u00fcdd\u0259ti qanunvericiliyin t\u0259l\u0259bin\u0259 uy\u011fun olaraq uzad\u0131l\u0131b.<\/p>\n<p>\u00dcmumiyy\u0259tl\u0259, Novxan\u0131, Saray, Corat v\u0259 Sar\u0131qaya ba\u011f massivl\u0259ri il\u0259 ba\u011fl\u0131 idar\u0259nin arxivind\u0259 texniki s\u0259n\u0259dl\u0259rin olmamas\u0131 s\u0259b\u0259bind\u0259n haz\u0131rda h\u0259min sah\u0259l\u0259rin yerl\u0259\u015fm\u0259 \u00fcnvanlar\u0131n\u0131n d\u0259qiql\u0259\u015fdirilm\u0259si \u00fc\u00e7\u00fcn \u0259lav\u0259 t\u0259dbirl\u0259r\u0259 ehtiyac yaran\u0131r. Qeyd ed\u0259k ki, bu ba\u011flar\u0131n \u0259ks\u0259riyy\u0259ti v\u0259t\u0259nda\u015flara Sovet d\u00f6vr\u00fcnd\u0259 verilib, lakin texniki s\u0259n\u0259dl\u0259rl\u0259 t\u0259min edilm\u0259yib\u201d.<\/p>\n<p>\u201cHaz\u0131rda \u018fmlak M\u0259s\u0259l\u0259l\u0259ri D\u00f6vl\u0259t Xidm\u0259ti v\u0259t\u0259nda\u015flar\u0131n ba\u011f sah\u0259l\u0259rinin qeydiyyat\u0131nda probleml\u0259rl\u0259 qar\u015f\u0131la\u015fmamas\u0131 v\u0259 ya ortaya \u00e7\u0131xan probleml\u0259rin h\u0259lli \u00fc\u00e7\u00fcn maksimum s\u0259y g\u00f6st\u0259rir v\u0259 \u201cDa\u015f\u0131nmaz \u0259mlak\u0131n d\u00f6vl\u0259t reyestri haqq\u0131nda\u201d Qanunun 10-cu madd\u0259sin\u0259 m\u00fcvafiq olaraq bunu v\u0259t\u0259nda\u015f\u0131n \u00f6z\u00fcnd\u0259n t\u0259l\u0259b etm\u0259d\u0259n dig\u0259r d\u00f6vl\u0259t orqanlar\u0131 il\u0259 i\u015f apar\u0131r.<\/p>\n<p>\u018flav\u0259 olaraq bildiririk ki, torpaq sah\u0259sinin s\u0259rh\u0259dl\u0259rinin yerd\u0259 (naturada) birg\u0259 m\u00fc\u0259yy\u0259n edilm\u0259si \u00fc\u00e7\u00fcn Sumqay\u0131t B\u0259l\u0259diyy\u0259sin\u0259 v\u0259 Sumqay\u0131t \u015e\u0259h\u0259r \u0130cra Hakimiyy\u0259tin\u0259 sor\u011fu \u00fcnvanlan\u0131b. \u018frazinin naturada m\u00fcvafiq orqanlar\u0131n v\u0259 qon\u015fular\u0131n i\u015ftirak\u0131 il\u0259 m\u00fc\u0259yy\u0259n edilm\u0259sind\u0259n sonra v\u0259t\u0259nda\u015f\u0131n ba\u011f sah\u0259sinin qeydiyyat\u0131 apar\u0131lacaq\u201d, &#8211; dey\u0259 m\u0259lumatda qeyd edilib.<\/p>\n<p>Qeyd ed\u0259k ki, bir ne\u00e7\u0259 g\u00fcn \u0259vv\u0259l v\u0259t\u0259nda\u015f \u018fyyub Sultanovun \u015f\u0259xsi n\u00fcmay\u0259nd\u0259si X\u0259lil V\u0259liyev bildirib ki, onlar Saray ba\u011flar\u0131nda 10 sot torpaq sah\u0259sinin \u00f6z\u0259ll\u0259\u015fdirilm\u0259si \u00fc\u00e7\u00fcn h\u0259min quruma m\u00fcraci\u0259t edibl\u0259r. Xidm\u0259td\u0259n b\u00fct\u00fcn s\u0259n\u0259dl\u0259rin qaydas\u0131nda oldu\u011funu v\u0259 bu ilin iyul ay\u0131n\u0131n 9-da haz\u0131r s\u0259n\u0259di \u018fmlak Komit\u0259sinin iki sayl\u0131 \u0259razi idar\u0259sind\u0259n ala bil\u0259c\u0259kl\u0259rini deyibl\u0259r. Amma m\u0259s\u0259l\u0259 h\u0259llin tapmay\u0131b.<\/p>\n","protected":false},"excerpt":{"rendered":"<p>\u0130qtisadiyyat Nazirliyi yan\u0131nda \u018fmlak M\u0259s\u0259l\u0259l\u0259ri D\u00f6vl\u0259t Xidm\u0259tisi Sumqay\u0131t \u015f\u0259h\u0259r sakini \u018fyyub Sultanova m\u0259xsus qanuni torpaq s\u0259n\u0259dini komit\u0259 yan\u0131nda Da\u015f\u0131nmaz \u018fmlak D\u00f6vl\u0259t Reyestri xidm\u0259tinin iki sayl\u0131 \u0259razi idar\u0259sind\u0259n ala bilm\u0259m\u0259si il\u0259 ba\u011fl\u0131 fikirl\u0259rin\u0259 m\u00fcnasib\u0259t bildirib. Qurumdan Oxu.Az-\u0131n sor\u011fusuna cavab olaraq bildirilib ki, v\u0259t\u0259nda\u015f Sultanov \u018fyyub Atam\u0259li o\u011flunun etibarnam\u0259 \u00fczr\u0259 n\u00fcmay\u0259nd\u0259si V\u0259liyev X\u0259lil \u018fhm\u0259d o\u011flu avqustun 20-d\u0259 \u0130qtisadiyyat Nazirliyi yan\u0131nda \u018fmlak M\u0259s\u0259l\u0259l\u0259ri D\u00f6vl\u0259t Xidm\u0259tinin Da\u015f\u0131nmaz \u018fmlak\u0131n D\u00f6vl\u0259t Reyestri Xidm\u0259tinin 2 sayl\u0131 Sumqay\u0131t \u0259razi idar\u0259sin\u0259 g\u0259l\u0259r\u0259k m\u00fcraci\u0259tinin t\u0259min olunmamas\u0131na etiraz edib: \u201cX\u0259lil V\u0259liyev avqustun 17-d\u0259 Da\u015f\u0131nmaz \u018fmlak\u0131n D\u00f6vl\u0259t Reyestri Xidm\u0259tinin 2 sayl\u0131 Sumqay\u0131t&hellip;<\/p>\n","protected":false},"author":2,"featured_media":370748,"comment_status":"closed","ping_status":"closed","sticky":false,"template":"","format":"standard","meta":{"om_disable_all_campaigns":false,"_monsterinsights_skip_tracking":false,"_monsterinsights_sitenote_active":false,"_monsterinsights_sitenote_note":"","_monsterinsights_sitenote_category":0},"categories":[26],"tags":[],"aioseo_notices":[],"gutentor_comment":0,"rttpg_featured_image_url":{"full":["https:\/\/arantv.az\/wp-content\/uploads\/2021\/08\/1622v9573cbda.jpg",620,465,false],"landscape":["https:\/\/arantv.az\/wp-content\/uploads\/2021\/08\/1622v9573cbda.jpg",620,465,false],"portraits":["https:\/\/arantv.az\/wp-content\/uploads\/2021\/08\/1622v9573cbda.jpg",620,465,false],"thumbnail":["https:\/\/arantv.az\/wp-content\/uploads\/2021\/08\/1622v9573cbda-500x280.jpg",500,280,true],"medium":["https:\/\/arantv.az\/wp-content\/uploads\/2021\/08\/1622v9573cbda-487x365.jpg",487,365,true],"large":["https:\/\/arantv.az\/wp-content\/uploads\/2021\/08\/1622v9573cbda.jpg",620,465,false],"1536x1536":["https:\/\/arantv.az\/wp-content\/uploads\/2021\/08\/1622v9573cbda.jpg",620,465,false],"2048x2048":["https:\/\/arantv.az\/wp-content\/uploads\/2021\/08\/1622v9573cbda.jpg",620,465,false],"post-thumbnail":["https:\/\/arantv.az\/wp-content\/uploads\/2021\/08\/1622v9573cbda-240x172.jpg",240,172,true],"advps-thumb-one":["https:\/\/arantv.az\/wp-content\/uploads\/2021\/08\/1622v9573cbda.jpg",620,465,false]},"rttpg_author":{"display_name":"V\u00fcsal Rafiqo\u011flu","author_link":"https:\/\/arantv.az\/?author=2"},"rttpg_comment":0,"rttpg_category":"<a href=\"https:\/\/arantv.az\/?cat=26\" rel=\"category\">Sosial<\/a>","rttpg_excerpt":"\u0130qtisadiyyat Nazirliyi yan\u0131nda \u018fmlak M\u0259s\u0259l\u0259l\u0259ri D\u00f6vl\u0259t Xidm\u0259tisi Sumqay\u0131t \u015f\u0259h\u0259r sakini \u018fyyub Sultanova m\u0259xsus qanuni torpaq s\u0259n\u0259dini komit\u0259 yan\u0131nda Da\u015f\u0131nmaz \u018fmlak D\u00f6vl\u0259t Reyestri xidm\u0259tinin iki sayl\u0131 \u0259razi idar\u0259sind\u0259n ala bilm\u0259m\u0259si il\u0259 ba\u011fl\u0131 fikirl\u0259rin\u0259 m\u00fcnasib\u0259t bildirib. Qurumdan Oxu.Az-\u0131n sor\u011fusuna cavab olaraq bildirilib ki, v\u0259t\u0259nda\u015f Sultanov \u018fyyub Atam\u0259li o\u011flunun etibarnam\u0259 \u00fczr\u0259 n\u00fcmay\u0259nd\u0259si V\u0259liyev X\u0259lil \u018fhm\u0259d o\u011flu avqustun 20-d\u0259&hellip;","_links":{"self":[{"href":"https:\/\/arantv.az\/index.php?rest_route=\/wp\/v2\/posts\/370747"}],"collection":[{"href":"https:\/\/arantv.az\/index.php?rest_route=\/wp\/v2\/posts"}],"about":[{"href":"https:\/\/arantv.az\/index.php?rest_route=\/wp\/v2\/types\/post"}],"author":[{"embeddable":true,"href":"https:\/\/arantv.az\/index.php?rest_route=\/wp\/v2\/users\/2"}],"replies":[{"embeddable":true,"href":"https:\/\/arantv.az\/index.php?rest_route=%2Fwp%2Fv2%2Fcomments&post=370747"}],"version-history":[{"count":0,"href":"https:\/\/arantv.az\/index.php?rest_route=\/wp\/v2\/posts\/370747\/revisions"}],"wp:featuredmedia":[{"embeddable":true,"href":"https:\/\/arantv.az\/index.php?rest_route=\/wp\/v2\/media\/370748"}],"wp:attachment":[{"href":"https:\/\/arantv.az\/index.php?rest_route=%2Fwp%2Fv2%2Fmedia&parent=370747"}],"wp:term":[{"taxonomy":"category","embeddable":true,"href":"https:\/\/arantv.az\/index.php?rest_route=%2Fwp%2Fv2%2Fcategories&post=370747"},{"taxonomy":"post_tag","embeddable":true,"href":"https:\/\/arantv.az\/index.php?rest_route=%2Fwp%2Fv2%2Ftags&post=370747"}],"curies":[{"name":"wp","href":"https:\/\/api.w.org\/{rel}","templated":true}]}}