{"id":370759,"date":"2021-08-26T10:14:57","date_gmt":"2021-08-26T07:14:57","guid":{"rendered":"http:\/\/arantv.az\/?p=370759"},"modified":"2021-08-26T10:14:57","modified_gmt":"2021-08-26T07:14:57","slug":"leonid-slutski-rusiyada-mehriban-%c9%99liyevani-taniyir-sevir-v%c9%99-ona-horm%c9%99t-edirl%c9%99r","status":"publish","type":"post","link":"https:\/\/arantv.az\/?p=370759","title":{"rendered":"Leonid Slutski: \u201cRusiyada Mehriban \u018fliyevan\u0131 tan\u0131y\u0131r, sevir v\u0259 ona h\u00f6rm\u0259t edirl\u0259r\u201d"},"content":{"rendered":"<p>\u201cAz\u0259rbaycan\u0131n Birinci vitse-prezidenti Mehriban \u018fliyeva t\u0259kc\u0259 \u00f6lk\u0259nizd\u0259 deyil, h\u0259m d\u0259 b\u00fct\u00fcn post-sovet m\u0259kan\u0131n\u0131n h\u00fcdudlar\u0131 daxilind\u0259 v\u0259 xaricind\u0259 \u00f6z\u00fcn\u00fc s\u00fcbut etmi\u015f n\u00fcfuzlu siyas\u0259t\u00e7idir\u201d.<\/p>\n<p>Bunu\u00a0\u201cReport\u201dun Rusiya b\u00fcrosuna D\u00f6vl\u0259t Dumas\u0131n\u0131n\u00a0beyn\u0259lxalq i\u015fl\u0259r\u00a0komit\u0259sinin s\u0259dri\u00a0Leonid Slutski\u00a0bildirib.<\/p>\n<div id=\"AdviadNativeVideo0\" class=\"AdviadNativeVideo\"><\/div>\n<p>Rusiyal\u0131 deputat Mehriban \u018fliyevan\u0131n f\u0259aliyy\u0259tini v\u0259 onun Az\u0259rbaycan\u0131n inki\u015faf\u0131na verdiyi t\u00f6hf\u0259l\u0259ri y\u00fcks\u0259k qiym\u0259tl\u0259ndirib. O bildirib ki, Birinci vitse-prezidentin f\u0259aliyy\u0259ti Rusiya-Az\u0259rbaycan m\u00fcnasib\u0259tl\u0259rinin inki\u015faf\u0131na da m\u00fcsb\u0259t t\u0259sir g\u00f6st\u0259rir. Komit\u0259 s\u0259dri bu \u0259h\u0259miyy\u0259tli t\u0259sirin \u0259m\u0259kda\u015fl\u0131\u011f\u0131n b\u00fct\u00fcn sah\u0259l\u0259rind\u0259 hiss olundu\u011funu \u0259lav\u0259 edib.<\/p>\n<p>\u201cRusiyada Mehriban \u018fliyevan\u0131 tan\u0131y\u0131r, sevir v\u0259 ona h\u00f6rm\u0259t edirl\u0259r\u201d, &#8211; deputat bildirib.<\/p>\n","protected":false},"excerpt":{"rendered":"<p>\u201cAz\u0259rbaycan\u0131n Birinci vitse-prezidenti Mehriban \u018fliyeva t\u0259kc\u0259 \u00f6lk\u0259nizd\u0259 deyil, h\u0259m d\u0259 b\u00fct\u00fcn post-sovet m\u0259kan\u0131n\u0131n h\u00fcdudlar\u0131 daxilind\u0259 v\u0259 xaricind\u0259 \u00f6z\u00fcn\u00fc s\u00fcbut etmi\u015f n\u00fcfuzlu siyas\u0259t\u00e7idir\u201d. Bunu\u00a0\u201cReport\u201dun Rusiya b\u00fcrosuna D\u00f6vl\u0259t Dumas\u0131n\u0131n\u00a0beyn\u0259lxalq i\u015fl\u0259r\u00a0komit\u0259sinin s\u0259dri\u00a0Leonid Slutski\u00a0bildirib. Rusiyal\u0131 deputat Mehriban \u018fliyevan\u0131n f\u0259aliyy\u0259tini v\u0259 onun Az\u0259rbaycan\u0131n inki\u015faf\u0131na verdiyi t\u00f6hf\u0259l\u0259ri y\u00fcks\u0259k qiym\u0259tl\u0259ndirib. O bildirib ki, Birinci vitse-prezidentin f\u0259aliyy\u0259ti Rusiya-Az\u0259rbaycan m\u00fcnasib\u0259tl\u0259rinin inki\u015faf\u0131na da m\u00fcsb\u0259t t\u0259sir g\u00f6st\u0259rir. Komit\u0259 s\u0259dri bu \u0259h\u0259miyy\u0259tli t\u0259sirin \u0259m\u0259kda\u015fl\u0131\u011f\u0131n b\u00fct\u00fcn sah\u0259l\u0259rind\u0259 hiss olundu\u011funu \u0259lav\u0259 edib. \u201cRusiyada Mehriban \u018fliyevan\u0131 tan\u0131y\u0131r, sevir v\u0259 ona h\u00f6rm\u0259t edirl\u0259r\u201d, &#8211; deputat bildirib.<\/p>\n","protected":false},"author":2,"featured_media":370760,"comment_status":"closed","ping_status":"closed","sticky":false,"template":"","format":"standard","meta":{"om_disable_all_campaigns":false,"_monsterinsights_skip_tracking":false,"_monsterinsights_sitenote_active":false,"_monsterinsights_sitenote_note":"","_monsterinsights_sitenote_category":0},"categories":[4],"tags":[],"aioseo_notices":[],"gutentor_comment":0,"rttpg_featured_image_url":{"full":["https:\/\/arantv.az\/wp-content\/uploads\/2021\/08\/FotoJet-27-2.jpg",620,413,false],"landscape":["https:\/\/arantv.az\/wp-content\/uploads\/2021\/08\/FotoJet-27-2.jpg",620,413,false],"portraits":["https:\/\/arantv.az\/wp-content\/uploads\/2021\/08\/FotoJet-27-2.jpg",620,413,false],"thumbnail":["https:\/\/arantv.az\/wp-content\/uploads\/2021\/08\/FotoJet-27-2-500x280.jpg",500,280,true],"medium":["https:\/\/arantv.az\/wp-content\/uploads\/2021\/08\/FotoJet-27-2-548x365.jpg",548,365,true],"large":["https:\/\/arantv.az\/wp-content\/uploads\/2021\/08\/FotoJet-27-2.jpg",620,413,false],"1536x1536":["https:\/\/arantv.az\/wp-content\/uploads\/2021\/08\/FotoJet-27-2.jpg",620,413,false],"2048x2048":["https:\/\/arantv.az\/wp-content\/uploads\/2021\/08\/FotoJet-27-2.jpg",620,413,false],"post-thumbnail":["https:\/\/arantv.az\/wp-content\/uploads\/2021\/08\/FotoJet-27-2-240x172.jpg",240,172,true],"advps-thumb-one":["https:\/\/arantv.az\/wp-content\/uploads\/2021\/08\/FotoJet-27-2.jpg",620,413,false]},"rttpg_author":{"display_name":"V\u00fcsal Rafiqo\u011flu","author_link":"https:\/\/arantv.az\/?author=2"},"rttpg_comment":0,"rttpg_category":"<a href=\"https:\/\/arantv.az\/?cat=4\" rel=\"category\">Siyas\u0259t<\/a>","rttpg_excerpt":"\u201cAz\u0259rbaycan\u0131n Birinci vitse-prezidenti Mehriban \u018fliyeva t\u0259kc\u0259 \u00f6lk\u0259nizd\u0259 deyil, h\u0259m d\u0259 b\u00fct\u00fcn post-sovet m\u0259kan\u0131n\u0131n h\u00fcdudlar\u0131 daxilind\u0259 v\u0259 xaricind\u0259 \u00f6z\u00fcn\u00fc s\u00fcbut etmi\u015f n\u00fcfuzlu siyas\u0259t\u00e7idir\u201d. Bunu\u00a0\u201cReport\u201dun Rusiya b\u00fcrosuna D\u00f6vl\u0259t Dumas\u0131n\u0131n\u00a0beyn\u0259lxalq i\u015fl\u0259r\u00a0komit\u0259sinin s\u0259dri\u00a0Leonid Slutski\u00a0bildirib. Rusiyal\u0131 deputat Mehriban \u018fliyevan\u0131n f\u0259aliyy\u0259tini v\u0259 onun Az\u0259rbaycan\u0131n inki\u015faf\u0131na verdiyi t\u00f6hf\u0259l\u0259ri y\u00fcks\u0259k qiym\u0259tl\u0259ndirib. O bildirib ki, Birinci vitse-prezidentin f\u0259aliyy\u0259ti Rusiya-Az\u0259rbaycan m\u00fcnasib\u0259tl\u0259rinin inki\u015faf\u0131na da m\u00fcsb\u0259t t\u0259sir&hellip;","_links":{"self":[{"href":"https:\/\/arantv.az\/index.php?rest_route=\/wp\/v2\/posts\/370759"}],"collection":[{"href":"https:\/\/arantv.az\/index.php?rest_route=\/wp\/v2\/posts"}],"about":[{"href":"https:\/\/arantv.az\/index.php?rest_route=\/wp\/v2\/types\/post"}],"author":[{"embeddable":true,"href":"https:\/\/arantv.az\/index.php?rest_route=\/wp\/v2\/users\/2"}],"replies":[{"embeddable":true,"href":"https:\/\/arantv.az\/index.php?rest_route=%2Fwp%2Fv2%2Fcomments&post=370759"}],"version-history":[{"count":0,"href":"https:\/\/arantv.az\/index.php?rest_route=\/wp\/v2\/posts\/370759\/revisions"}],"wp:featuredmedia":[{"embeddable":true,"href":"https:\/\/arantv.az\/index.php?rest_route=\/wp\/v2\/media\/370760"}],"wp:attachment":[{"href":"https:\/\/arantv.az\/index.php?rest_route=%2Fwp%2Fv2%2Fmedia&parent=370759"}],"wp:term":[{"taxonomy":"category","embeddable":true,"href":"https:\/\/arantv.az\/index.php?rest_route=%2Fwp%2Fv2%2Fcategories&post=370759"},{"taxonomy":"post_tag","embeddable":true,"href":"https:\/\/arantv.az\/index.php?rest_route=%2Fwp%2Fv2%2Ftags&post=370759"}],"curies":[{"name":"wp","href":"https:\/\/api.w.org\/{rel}","templated":true}]}}