{"id":370762,"date":"2021-08-26T10:19:44","date_gmt":"2021-08-26T07:19:44","guid":{"rendered":"http:\/\/arantv.az\/?p=370762"},"modified":"2021-08-26T10:19:44","modified_gmt":"2021-08-26T07:19:44","slug":"susalilar-ilk-d%c9%99f%c9%99-dogma-s%c9%99h%c9%99rl%c9%99rind%c9%99n-mehriban-%c9%99liyevani-t%c9%99brik-edibl%c9%99r-video","status":"publish","type":"post","link":"https:\/\/arantv.az\/?p=370762","title":{"rendered":"\u015eu\u015fal\u0131lar ilk d\u0259f\u0259 do\u011fma \u015f\u0259h\u0259rl\u0259rind\u0259n Mehriban \u018fliyevan\u0131 t\u0259brik edibl\u0259r V\u0130DEO"},"content":{"rendered":"<div class=\"content lead font-weight-normal\">\n<p>Daha bir qrup \u015eu\u015fa sakini avqustun 26-da do\u011fma \u015f\u0259h\u0259rini g\u00f6rm\u0259k imkan\u0131 qazan\u0131b.<\/p>\n<p><strong>ARANTV.AZ\u00a0 x\u0259b\u0259r verir ki,<\/strong>\u00a052 sakinin s\u0259f\u0259ri Birinci vitse-prezident Mehriban \u018fliyevan\u0131n ad g\u00fcn\u00fcn\u0259 t\u0259sad\u00fcf edib v\u0259 bu m\u00fcnasib\u0259tl\u0259 sakinl\u0259r s\u00fclh r\u0259mzi olan g\u00f6y\u0259r\u00e7inl\u0259ri s\u0259maya burax\u0131b, Birinci vitse-prezident\u0259 \u00f6z xo\u015f arzular\u0131n\u0131 \u00e7atd\u0131r\u0131blar.<\/p>\n<p>Xat\u0131rladaq ki, 19 avqustdan etibar\u0259n Prezidentin \u015eu\u015fa rayonunda x\u00fcsusi n\u00fcmay\u0259nd\u0259liyi v\u0259 \u015eu\u015fa \u015e\u0259h\u0259ri D\u00f6vl\u0259t Qoru\u011fu \u0130dar\u0259sinin t\u0259\u015fkilat\u00e7\u0131l\u0131\u011f\u0131 il\u0259 100-d\u0259n \u00e7ox \u015f\u0259h\u0259r sakini \u00f6z do\u011fma yurduna s\u0259f\u0259r edib.<\/p>\n<div class=\"clearfix\"><\/div>\n<\/div>\n<p><iframe loading=\"lazy\" src=\"https:\/\/www.youtube.com\/embed\/SQjuQUG0rv8\" width=\"100%\" height=\"450\" frameborder=\"0\" allowfullscreen=\"allowfullscreen\" data-mce-fragment=\"1\"><\/iframe><\/p>\n<div class=\"sharing my-2 row no-gutters d-print-none\">\n<div class=\"col-md-3\"><\/div>\n<\/div>\n","protected":false},"excerpt":{"rendered":"<p>Daha bir qrup \u015eu\u015fa sakini avqustun 26-da do\u011fma \u015f\u0259h\u0259rini g\u00f6rm\u0259k imkan\u0131 qazan\u0131b. ARANTV.AZ\u00a0 x\u0259b\u0259r verir ki,\u00a052 sakinin s\u0259f\u0259ri Birinci vitse-prezident Mehriban \u018fliyevan\u0131n ad g\u00fcn\u00fcn\u0259 t\u0259sad\u00fcf edib v\u0259 bu m\u00fcnasib\u0259tl\u0259 sakinl\u0259r s\u00fclh r\u0259mzi olan g\u00f6y\u0259r\u00e7inl\u0259ri s\u0259maya burax\u0131b, Birinci vitse-prezident\u0259 \u00f6z xo\u015f arzular\u0131n\u0131 \u00e7atd\u0131r\u0131blar. Xat\u0131rladaq ki, 19 avqustdan etibar\u0259n Prezidentin \u015eu\u015fa rayonunda x\u00fcsusi n\u00fcmay\u0259nd\u0259liyi v\u0259 \u015eu\u015fa \u015e\u0259h\u0259ri D\u00f6vl\u0259t Qoru\u011fu \u0130dar\u0259sinin t\u0259\u015fkilat\u00e7\u0131l\u0131\u011f\u0131 il\u0259 100-d\u0259n \u00e7ox \u015f\u0259h\u0259r sakini \u00f6z do\u011fma yurduna s\u0259f\u0259r edib.<\/p>\n","protected":false},"author":2,"featured_media":370763,"comment_status":"closed","ping_status":"closed","sticky":false,"template":"","format":"standard","meta":{"om_disable_all_campaigns":false,"_monsterinsights_skip_tracking":false,"_monsterinsights_sitenote_active":false,"_monsterinsights_sitenote_note":"","_monsterinsights_sitenote_category":0},"categories":[26],"tags":[],"aioseo_notices":[],"gutentor_comment":0,"rttpg_featured_image_url":{"full":["https:\/\/arantv.az\/wp-content\/uploads\/2021\/08\/0cdbb4e6162996085079742955910408334.jpg",975,540,false],"landscape":["https:\/\/arantv.az\/wp-content\/uploads\/2021\/08\/0cdbb4e6162996085079742955910408334.jpg",975,540,false],"portraits":["https:\/\/arantv.az\/wp-content\/uploads\/2021\/08\/0cdbb4e6162996085079742955910408334.jpg",975,540,false],"thumbnail":["https:\/\/arantv.az\/wp-content\/uploads\/2021\/08\/0cdbb4e6162996085079742955910408334-500x280.jpg",500,280,true],"medium":["https:\/\/arantv.az\/wp-content\/uploads\/2021\/08\/0cdbb4e6162996085079742955910408334-660x365.jpg",660,365,true],"large":["https:\/\/arantv.az\/wp-content\/uploads\/2021\/08\/0cdbb4e6162996085079742955910408334-840x465.jpg",640,354,true],"1536x1536":["https:\/\/arantv.az\/wp-content\/uploads\/2021\/08\/0cdbb4e6162996085079742955910408334.jpg",975,540,false],"2048x2048":["https:\/\/arantv.az\/wp-content\/uploads\/2021\/08\/0cdbb4e6162996085079742955910408334.jpg",975,540,false],"post-thumbnail":["https:\/\/arantv.az\/wp-content\/uploads\/2021\/08\/0cdbb4e6162996085079742955910408334-240x172.jpg",240,172,true],"advps-thumb-one":["https:\/\/arantv.az\/wp-content\/uploads\/2021\/08\/0cdbb4e6162996085079742955910408334.jpg",975,540,false]},"rttpg_author":{"display_name":"V\u00fcsal Rafiqo\u011flu","author_link":"https:\/\/arantv.az\/?author=2"},"rttpg_comment":0,"rttpg_category":"<a href=\"https:\/\/arantv.az\/?cat=26\" rel=\"category\">Sosial<\/a>","rttpg_excerpt":"Daha bir qrup \u015eu\u015fa sakini avqustun 26-da do\u011fma \u015f\u0259h\u0259rini g\u00f6rm\u0259k imkan\u0131 qazan\u0131b. ARANTV.AZ\u00a0 x\u0259b\u0259r verir ki,\u00a052 sakinin s\u0259f\u0259ri Birinci vitse-prezident Mehriban \u018fliyevan\u0131n ad g\u00fcn\u00fcn\u0259 t\u0259sad\u00fcf edib v\u0259 bu m\u00fcnasib\u0259tl\u0259 sakinl\u0259r s\u00fclh r\u0259mzi olan g\u00f6y\u0259r\u00e7inl\u0259ri s\u0259maya burax\u0131b, Birinci vitse-prezident\u0259 \u00f6z xo\u015f arzular\u0131n\u0131 \u00e7atd\u0131r\u0131blar. Xat\u0131rladaq ki, 19 avqustdan etibar\u0259n Prezidentin \u015eu\u015fa rayonunda x\u00fcsusi n\u00fcmay\u0259nd\u0259liyi v\u0259 \u015eu\u015fa \u015e\u0259h\u0259ri&hellip;","_links":{"self":[{"href":"https:\/\/arantv.az\/index.php?rest_route=\/wp\/v2\/posts\/370762"}],"collection":[{"href":"https:\/\/arantv.az\/index.php?rest_route=\/wp\/v2\/posts"}],"about":[{"href":"https:\/\/arantv.az\/index.php?rest_route=\/wp\/v2\/types\/post"}],"author":[{"embeddable":true,"href":"https:\/\/arantv.az\/index.php?rest_route=\/wp\/v2\/users\/2"}],"replies":[{"embeddable":true,"href":"https:\/\/arantv.az\/index.php?rest_route=%2Fwp%2Fv2%2Fcomments&post=370762"}],"version-history":[{"count":0,"href":"https:\/\/arantv.az\/index.php?rest_route=\/wp\/v2\/posts\/370762\/revisions"}],"wp:featuredmedia":[{"embeddable":true,"href":"https:\/\/arantv.az\/index.php?rest_route=\/wp\/v2\/media\/370763"}],"wp:attachment":[{"href":"https:\/\/arantv.az\/index.php?rest_route=%2Fwp%2Fv2%2Fmedia&parent=370762"}],"wp:term":[{"taxonomy":"category","embeddable":true,"href":"https:\/\/arantv.az\/index.php?rest_route=%2Fwp%2Fv2%2Fcategories&post=370762"},{"taxonomy":"post_tag","embeddable":true,"href":"https:\/\/arantv.az\/index.php?rest_route=%2Fwp%2Fv2%2Ftags&post=370762"}],"curies":[{"name":"wp","href":"https:\/\/api.w.org\/{rel}","templated":true}]}}