{"id":370774,"date":"2021-08-26T10:31:56","date_gmt":"2021-08-26T07:31:56","guid":{"rendered":"http:\/\/arantv.az\/?p=370774"},"modified":"2021-08-26T10:31:56","modified_gmt":"2021-08-26T07:31:56","slug":"ol%c9%99n-s%c9%99xsin-voen-in%c9%99-borc-yazilirsa-n%c9%99-edilm%c9%99lidir-aciqlama","status":"publish","type":"post","link":"https:\/\/arantv.az\/?p=370774","title":{"rendered":"\u00d6l\u0259n \u015f\u0259xsin V\u00d6EN-in\u0259 borc yaz\u0131l\u0131rsa, n\u0259 edilm\u0259lidir? &#8211; A\u00c7IQLAMA"},"content":{"rendered":"<p>Bu g\u00fcn m\u00fczakir\u0259 olunan m\u0259s\u0259l\u0259l\u0259rd\u0259n biri d\u0259 v\u0259fat etmi\u015f \u015f\u0259xsl\u0259rin V\u00d6EN-ninin aktiv qalmas\u0131 il\u0259 ba\u011fl\u0131d\u0131r. B\u0259z\u0259n V\u00d6EN ba\u011flanmad\u0131\u011f\u0131 \u00fc\u00e7\u00fcn h\u0259min \u015f\u0259xsin ad\u0131na borc yaz\u0131lmas\u0131 il\u0259 ba\u011fl\u0131 iddialar da s\u0259sl\u0259ndirilir.<\/p>\n<p>M\u0259s\u0259l\u0259 il\u0259 ba\u011fl\u0131\u00a0<a title=\"en son xeberler 2021\" href=\"https:\/\/sonxeber.az\/\" target=\"_blank\" rel=\"noopener\">Sonxeber.az<\/a>-a dan\u0131\u015fan h\u00fcquq\u015f\u00fcnas Ta\u011f\u0131 H\u00fcseynov bildirib ki, \u0259g\u0259r V\u00d6EN sahibi v\u0259fat edirs\u0259, \u00f6l\u00fcm haqq\u0131nda \u015f\u0259had\u0259tnam\u0259ni m\u00fcvafiq qururma g\u0259tir\u0259r\u0259k, h\u0259min V\u00d6EN-i ba\u011flamaq m\u00fck\u00fcnd\u00fcr:<\/p>\n<div id=\"AdviadNativeVideo0\" class=\"AdviadNativeVideo\"><\/div>\n<p>&#8220;V\u00d6EN sahibi v\u0259fat etdikd\u0259, onun v\u0259r\u0259s\u0259l\u0259rind\u0259n biri \u00f6l\u00fcm\u00fcn\u00fc t\u0259sdiq ed\u0259n s\u0259n\u0259di &#8211; \u00f6l\u00fcm haqq\u0131nda \u015f\u0259had\u0259tnam\u0259ni &#8211; g\u0259tir\u0259r\u0259k V\u00d6EN-i ba\u011flamaq \u00fc\u00e7\u00fcn m\u00fcvafiq quruma m\u00fcraci\u0259t edir. \u018fg\u0259r \u00f6l\u0259n \u015f\u0259xsin borcu yoxdursa, t\u0259bii ki, V\u00d6EN ba\u011flan\u0131r. Yox, \u0259g\u0259r borcu varsa, ara\u015fd\u0131r\u0131l\u0131r, m\u0259hk\u0259m\u0259 vasit\u0259si il\u0259 \u0259mlak\u0131na qar\u015f\u0131 iddia qald\u0131r\u0131l\u0131r ki, borc m\u0259bl\u0259\u011fi \u0259mlak\u0131na y\u00f6n\u0259ldilsin, \u0259mlak sat\u0131ls\u0131n v\u0259 verginin borcu \u00f6d\u0259nilsin. \u018fg\u0259r \u0259mlak\u0131 yoxdursa, borc avtomatik ba\u011flanm\u0131\u015f olur. Vergi borcunu v\u0259r\u0259s\u0259l\u0259r \u00f6z \u00fcz\u0259rin\u0259 g\u00f6t\u00fcr\u00fcrs\u0259, onda he\u00e7 bir problem yaranm\u0131r v\u0259 \u0259mlak sat\u0131\u015fa \u00e7\u0131xar\u0131lm\u0131r&#8221;.<\/p>\n","protected":false},"excerpt":{"rendered":"<p>Bu g\u00fcn m\u00fczakir\u0259 olunan m\u0259s\u0259l\u0259l\u0259rd\u0259n biri d\u0259 v\u0259fat etmi\u015f \u015f\u0259xsl\u0259rin V\u00d6EN-ninin aktiv qalmas\u0131 il\u0259 ba\u011fl\u0131d\u0131r. B\u0259z\u0259n V\u00d6EN ba\u011flanmad\u0131\u011f\u0131 \u00fc\u00e7\u00fcn h\u0259min \u015f\u0259xsin ad\u0131na borc yaz\u0131lmas\u0131 il\u0259 ba\u011fl\u0131 iddialar da s\u0259sl\u0259ndirilir. M\u0259s\u0259l\u0259 il\u0259 ba\u011fl\u0131\u00a0Sonxeber.az-a dan\u0131\u015fan h\u00fcquq\u015f\u00fcnas Ta\u011f\u0131 H\u00fcseynov bildirib ki, \u0259g\u0259r V\u00d6EN sahibi v\u0259fat edirs\u0259, \u00f6l\u00fcm haqq\u0131nda \u015f\u0259had\u0259tnam\u0259ni m\u00fcvafiq qururma g\u0259tir\u0259r\u0259k, h\u0259min V\u00d6EN-i ba\u011flamaq m\u00fck\u00fcnd\u00fcr: &#8220;V\u00d6EN sahibi v\u0259fat etdikd\u0259, onun v\u0259r\u0259s\u0259l\u0259rind\u0259n biri \u00f6l\u00fcm\u00fcn\u00fc t\u0259sdiq ed\u0259n s\u0259n\u0259di &#8211; \u00f6l\u00fcm haqq\u0131nda \u015f\u0259had\u0259tnam\u0259ni &#8211; g\u0259tir\u0259r\u0259k V\u00d6EN-i ba\u011flamaq \u00fc\u00e7\u00fcn m\u00fcvafiq quruma m\u00fcraci\u0259t edir. \u018fg\u0259r \u00f6l\u0259n \u015f\u0259xsin borcu yoxdursa, t\u0259bii ki, V\u00d6EN ba\u011flan\u0131r. Yox, \u0259g\u0259r borcu varsa,&hellip;<\/p>\n","protected":false},"author":2,"featured_media":370775,"comment_status":"closed","ping_status":"closed","sticky":false,"template":"","format":"standard","meta":{"om_disable_all_campaigns":false,"_monsterinsights_skip_tracking":false,"_monsterinsights_sitenote_active":false,"_monsterinsights_sitenote_note":"","_monsterinsights_sitenote_category":0},"categories":[26],"tags":[],"aioseo_notices":[],"gutentor_comment":0,"rttpg_featured_image_url":{"full":["https:\/\/arantv.az\/wp-content\/uploads\/2021\/08\/olen_91629960852.jpg",649,417,false],"landscape":["https:\/\/arantv.az\/wp-content\/uploads\/2021\/08\/olen_91629960852.jpg",649,417,false],"portraits":["https:\/\/arantv.az\/wp-content\/uploads\/2021\/08\/olen_91629960852.jpg",649,417,false],"thumbnail":["https:\/\/arantv.az\/wp-content\/uploads\/2021\/08\/olen_91629960852-500x280.jpg",500,280,true],"medium":["https:\/\/arantv.az\/wp-content\/uploads\/2021\/08\/olen_91629960852-568x365.jpg",568,365,true],"large":["https:\/\/arantv.az\/wp-content\/uploads\/2021\/08\/olen_91629960852.jpg",640,411,false],"1536x1536":["https:\/\/arantv.az\/wp-content\/uploads\/2021\/08\/olen_91629960852.jpg",649,417,false],"2048x2048":["https:\/\/arantv.az\/wp-content\/uploads\/2021\/08\/olen_91629960852.jpg",649,417,false],"post-thumbnail":["https:\/\/arantv.az\/wp-content\/uploads\/2021\/08\/olen_91629960852-240x172.jpg",240,172,true],"advps-thumb-one":["https:\/\/arantv.az\/wp-content\/uploads\/2021\/08\/olen_91629960852.jpg",649,417,false]},"rttpg_author":{"display_name":"V\u00fcsal Rafiqo\u011flu","author_link":"https:\/\/arantv.az\/?author=2"},"rttpg_comment":0,"rttpg_category":"<a href=\"https:\/\/arantv.az\/?cat=26\" rel=\"category\">Sosial<\/a>","rttpg_excerpt":"Bu g\u00fcn m\u00fczakir\u0259 olunan m\u0259s\u0259l\u0259l\u0259rd\u0259n biri d\u0259 v\u0259fat etmi\u015f \u015f\u0259xsl\u0259rin V\u00d6EN-ninin aktiv qalmas\u0131 il\u0259 ba\u011fl\u0131d\u0131r. B\u0259z\u0259n V\u00d6EN ba\u011flanmad\u0131\u011f\u0131 \u00fc\u00e7\u00fcn h\u0259min \u015f\u0259xsin ad\u0131na borc yaz\u0131lmas\u0131 il\u0259 ba\u011fl\u0131 iddialar da s\u0259sl\u0259ndirilir. M\u0259s\u0259l\u0259 il\u0259 ba\u011fl\u0131\u00a0Sonxeber.az-a dan\u0131\u015fan h\u00fcquq\u015f\u00fcnas Ta\u011f\u0131 H\u00fcseynov bildirib ki, \u0259g\u0259r V\u00d6EN sahibi v\u0259fat edirs\u0259, \u00f6l\u00fcm haqq\u0131nda \u015f\u0259had\u0259tnam\u0259ni m\u00fcvafiq qururma g\u0259tir\u0259r\u0259k, h\u0259min V\u00d6EN-i ba\u011flamaq m\u00fck\u00fcnd\u00fcr: &#8220;V\u00d6EN sahibi&hellip;","_links":{"self":[{"href":"https:\/\/arantv.az\/index.php?rest_route=\/wp\/v2\/posts\/370774"}],"collection":[{"href":"https:\/\/arantv.az\/index.php?rest_route=\/wp\/v2\/posts"}],"about":[{"href":"https:\/\/arantv.az\/index.php?rest_route=\/wp\/v2\/types\/post"}],"author":[{"embeddable":true,"href":"https:\/\/arantv.az\/index.php?rest_route=\/wp\/v2\/users\/2"}],"replies":[{"embeddable":true,"href":"https:\/\/arantv.az\/index.php?rest_route=%2Fwp%2Fv2%2Fcomments&post=370774"}],"version-history":[{"count":0,"href":"https:\/\/arantv.az\/index.php?rest_route=\/wp\/v2\/posts\/370774\/revisions"}],"wp:featuredmedia":[{"embeddable":true,"href":"https:\/\/arantv.az\/index.php?rest_route=\/wp\/v2\/media\/370775"}],"wp:attachment":[{"href":"https:\/\/arantv.az\/index.php?rest_route=%2Fwp%2Fv2%2Fmedia&parent=370774"}],"wp:term":[{"taxonomy":"category","embeddable":true,"href":"https:\/\/arantv.az\/index.php?rest_route=%2Fwp%2Fv2%2Fcategories&post=370774"},{"taxonomy":"post_tag","embeddable":true,"href":"https:\/\/arantv.az\/index.php?rest_route=%2Fwp%2Fv2%2Ftags&post=370774"}],"curies":[{"name":"wp","href":"https:\/\/api.w.org\/{rel}","templated":true}]}}