{"id":370780,"date":"2021-08-26T10:33:41","date_gmt":"2021-08-26T07:33:41","guid":{"rendered":"http:\/\/arantv.az\/?p=370780"},"modified":"2021-08-26T10:33:41","modified_gmt":"2021-08-26T07:33:41","slug":"%c9%99li-h%c9%99s%c9%99novdan-qizinin-isd%c9%99n-cixarilmasi-haqda-aciqlama","status":"publish","type":"post","link":"https:\/\/arantv.az\/?p=370780","title":{"rendered":"\u018fli H\u0259s\u0259novdan q\u0131z\u0131n\u0131n i\u015fd\u0259n \u00e7\u0131xar\u0131lmas\u0131 haqda A\u00c7IQLAMA"},"content":{"rendered":"<p>Prezidenin sabiq k\u00f6m\u0259k\u00e7isi \u018fli H\u0259s\u0259novun q\u0131z\u0131 S\u0259fiy\u0259 Mehbal\u0131yevan\u0131n (H\u0259s\u0259nova) Prezident yan\u0131nda D\u00f6vl\u0259t \u0130dar\u0259\u00e7ilik Akademiyas\u0131ndak\u0131 i\u015find\u0259n azad edilm\u0259si haqda m\u0259lumat yay\u0131l\u0131b. \u018f. H\u0259s\u0259nov s\u00f6z\u00fcged\u0259n\u00a0<a title=\"xeberler son xeberler 2021\" href=\"https:\/\/big.az\/\" target=\"_blank\" rel=\"noopener\">x\u0259b\u0259r\u0259<\/a>\u00a0m\u00fcnasib\u0259t bildirib.<\/p>\n<p><strong>ARANTV.AZ<\/strong> x\u0259b\u0259r verir ki, bu bar\u0259d\u0259 Bakupost.az-a dan\u0131\u015fan Prezidenin sabiq k\u00f6m\u0259k\u00e7isi bildirib ki, o, xaricd\u0259 t\u0259hsil almaq m\u0259qs\u0259dil\u0259, \u00f6z \u0259riz\u0259si \u0259sas\u0131nda i\u015fd\u0259n azad olunub:<\/p>\n<div id=\"AdviadNativeVideo0\" class=\"AdviadNativeVideo\"><\/div>\n<p>&#8220;M\u0259n h\u0259l\u0259 Prezident yan\u0131nda D\u00f6vl\u0259t \u0130dar\u0259\u00e7ilik Akademiyas\u0131n\u0131n &#8220;Beyn\u0259lxalq m\u00fcnasib\u0259tl\u0259r v\u0259 xarici siyas\u0259t&#8221; kafedras\u0131n\u0131n m\u00fcdiri olark\u0259n q\u0131z\u0131m S\u0259fiy\u0259 xaricd\u0259 t\u0259hsil almaq m\u0259qs\u0259dil\u0259 \u00f6z \u0259riz\u0259si il\u0259 i\u015fd\u0259n azad olunub v\u0259 Londonda t\u0259hsil al\u0131r. Sad\u0259c\u0259 olaraq akademiyan\u0131n sayt\u0131 yenil\u0259nm\u0259yib dey\u0259, onun ad\u0131 indi g\u00f6t\u00fcr\u00fcl\u00fcb. Saytda onun indi i\u015fd\u0259n \u00e7\u0131xar\u0131lmas\u0131n\u0131n g\u00f6st\u0259rilm\u0259si texniki x\u0259tad\u0131r&#8221;.<\/p>\n<p>Qeyd ed\u0259k ki, Prezident yan\u0131nda D\u00f6vl\u0259t \u0130dar\u0259\u00e7ilik Akademiyas\u0131n\u0131n &#8220;Beyn\u0259lxalq m\u00fcnasib\u0259tl\u0259r v\u0259 xarici siyas\u0259t&#8221; kafedras\u0131na 20 il \u018fli H\u0259s\u0259nov r\u0259hb\u0259rlik edib v\u0259 q\u0131z\u0131n\u0131 da h\u0259min kafedran\u0131n m\u00fc\u0259llimi v\u0259zif\u0259sin\u0259 t\u0259yin edib.<\/p>\n<p>M\u0259lumat \u00fc\u00e7\u00fcn bildir\u0259k ki, \u018fli H\u0259s\u0259novun q\u0131z\u0131 eyni zamanda Milli M\u0259clisin \u00fczv\u00fc, Az\u0259rbaycan H\u0259mkarlar \u0130ttifaq\u0131 Konfederasiyas\u0131n\u0131n s\u0259dri S\u0259ttar Mehbal\u0131yevin o\u011flu &#8211; Qarada\u011f rayon Polis \u0130dar\u0259sinin sabiq r\u0259isi, polkovnik \u0130sf\u0259ndiyar Mehbal\u0131yevin h\u0259yat yolda\u015f\u0131d\u0131r.<\/p>\n","protected":false},"excerpt":{"rendered":"<p>Prezidenin sabiq k\u00f6m\u0259k\u00e7isi \u018fli H\u0259s\u0259novun q\u0131z\u0131 S\u0259fiy\u0259 Mehbal\u0131yevan\u0131n (H\u0259s\u0259nova) Prezident yan\u0131nda D\u00f6vl\u0259t \u0130dar\u0259\u00e7ilik Akademiyas\u0131ndak\u0131 i\u015find\u0259n azad edilm\u0259si haqda m\u0259lumat yay\u0131l\u0131b. \u018f. H\u0259s\u0259nov s\u00f6z\u00fcged\u0259n\u00a0x\u0259b\u0259r\u0259\u00a0m\u00fcnasib\u0259t bildirib. ARANTV.AZ x\u0259b\u0259r verir ki, bu bar\u0259d\u0259 Bakupost.az-a dan\u0131\u015fan Prezidenin sabiq k\u00f6m\u0259k\u00e7isi bildirib ki, o, xaricd\u0259 t\u0259hsil almaq m\u0259qs\u0259dil\u0259, \u00f6z \u0259riz\u0259si \u0259sas\u0131nda i\u015fd\u0259n azad olunub: &#8220;M\u0259n h\u0259l\u0259 Prezident yan\u0131nda D\u00f6vl\u0259t \u0130dar\u0259\u00e7ilik Akademiyas\u0131n\u0131n &#8220;Beyn\u0259lxalq m\u00fcnasib\u0259tl\u0259r v\u0259 xarici siyas\u0259t&#8221; kafedras\u0131n\u0131n m\u00fcdiri olark\u0259n q\u0131z\u0131m S\u0259fiy\u0259 xaricd\u0259 t\u0259hsil almaq m\u0259qs\u0259dil\u0259 \u00f6z \u0259riz\u0259si il\u0259 i\u015fd\u0259n azad olunub v\u0259 Londonda t\u0259hsil al\u0131r. Sad\u0259c\u0259 olaraq akademiyan\u0131n sayt\u0131 yenil\u0259nm\u0259yib dey\u0259, onun ad\u0131 indi g\u00f6t\u00fcr\u00fcl\u00fcb. Saytda&hellip;<\/p>\n","protected":false},"author":2,"featured_media":370781,"comment_status":"closed","ping_status":"closed","sticky":false,"template":"","format":"standard","meta":{"om_disable_all_campaigns":false,"_monsterinsights_skip_tracking":false,"_monsterinsights_sitenote_active":false,"_monsterinsights_sitenote_note":"","_monsterinsights_sitenote_category":0},"categories":[26],"tags":[],"aioseo_notices":[],"gutentor_comment":0,"rttpg_featured_image_url":{"full":["https:\/\/arantv.az\/wp-content\/uploads\/2021\/08\/eli_hesen.png",549,305,false],"landscape":["https:\/\/arantv.az\/wp-content\/uploads\/2021\/08\/eli_hesen.png",549,305,false],"portraits":["https:\/\/arantv.az\/wp-content\/uploads\/2021\/08\/eli_hesen.png",549,305,false],"thumbnail":["https:\/\/arantv.az\/wp-content\/uploads\/2021\/08\/eli_hesen-500x280.png",500,280,true],"medium":["https:\/\/arantv.az\/wp-content\/uploads\/2021\/08\/eli_hesen.png",549,305,false],"large":["https:\/\/arantv.az\/wp-content\/uploads\/2021\/08\/eli_hesen.png",549,305,false],"1536x1536":["https:\/\/arantv.az\/wp-content\/uploads\/2021\/08\/eli_hesen.png",549,305,false],"2048x2048":["https:\/\/arantv.az\/wp-content\/uploads\/2021\/08\/eli_hesen.png",549,305,false],"post-thumbnail":["https:\/\/arantv.az\/wp-content\/uploads\/2021\/08\/eli_hesen-240x172.png",240,172,true],"advps-thumb-one":["https:\/\/arantv.az\/wp-content\/uploads\/2021\/08\/eli_hesen.png",549,305,false]},"rttpg_author":{"display_name":"V\u00fcsal Rafiqo\u011flu","author_link":"https:\/\/arantv.az\/?author=2"},"rttpg_comment":0,"rttpg_category":"<a href=\"https:\/\/arantv.az\/?cat=26\" rel=\"category\">Sosial<\/a>","rttpg_excerpt":"Prezidenin sabiq k\u00f6m\u0259k\u00e7isi \u018fli H\u0259s\u0259novun q\u0131z\u0131 S\u0259fiy\u0259 Mehbal\u0131yevan\u0131n (H\u0259s\u0259nova) Prezident yan\u0131nda D\u00f6vl\u0259t \u0130dar\u0259\u00e7ilik Akademiyas\u0131ndak\u0131 i\u015find\u0259n azad edilm\u0259si haqda m\u0259lumat yay\u0131l\u0131b. \u018f. H\u0259s\u0259nov s\u00f6z\u00fcged\u0259n\u00a0x\u0259b\u0259r\u0259\u00a0m\u00fcnasib\u0259t bildirib. ARANTV.AZ x\u0259b\u0259r verir ki, bu bar\u0259d\u0259 Bakupost.az-a dan\u0131\u015fan Prezidenin sabiq k\u00f6m\u0259k\u00e7isi bildirib ki, o, xaricd\u0259 t\u0259hsil almaq m\u0259qs\u0259dil\u0259, \u00f6z \u0259riz\u0259si \u0259sas\u0131nda i\u015fd\u0259n azad olunub: &#8220;M\u0259n h\u0259l\u0259 Prezident yan\u0131nda D\u00f6vl\u0259t \u0130dar\u0259\u00e7ilik Akademiyas\u0131n\u0131n&hellip;","_links":{"self":[{"href":"https:\/\/arantv.az\/index.php?rest_route=\/wp\/v2\/posts\/370780"}],"collection":[{"href":"https:\/\/arantv.az\/index.php?rest_route=\/wp\/v2\/posts"}],"about":[{"href":"https:\/\/arantv.az\/index.php?rest_route=\/wp\/v2\/types\/post"}],"author":[{"embeddable":true,"href":"https:\/\/arantv.az\/index.php?rest_route=\/wp\/v2\/users\/2"}],"replies":[{"embeddable":true,"href":"https:\/\/arantv.az\/index.php?rest_route=%2Fwp%2Fv2%2Fcomments&post=370780"}],"version-history":[{"count":0,"href":"https:\/\/arantv.az\/index.php?rest_route=\/wp\/v2\/posts\/370780\/revisions"}],"wp:featuredmedia":[{"embeddable":true,"href":"https:\/\/arantv.az\/index.php?rest_route=\/wp\/v2\/media\/370781"}],"wp:attachment":[{"href":"https:\/\/arantv.az\/index.php?rest_route=%2Fwp%2Fv2%2Fmedia&parent=370780"}],"wp:term":[{"taxonomy":"category","embeddable":true,"href":"https:\/\/arantv.az\/index.php?rest_route=%2Fwp%2Fv2%2Fcategories&post=370780"},{"taxonomy":"post_tag","embeddable":true,"href":"https:\/\/arantv.az\/index.php?rest_route=%2Fwp%2Fv2%2Ftags&post=370780"}],"curies":[{"name":"wp","href":"https:\/\/api.w.org\/{rel}","templated":true}]}}