{"id":370783,"date":"2021-08-26T10:34:36","date_gmt":"2021-08-26T07:34:36","guid":{"rendered":"http:\/\/arantv.az\/?p=370783"},"modified":"2021-08-26T10:34:36","modified_gmt":"2021-08-26T07:34:36","slug":"t%c9%99s%c9%99vvur-ed%c9%99-bilm%c9%99zdim-ki-bir-d%c9%99-susani-gor%c9%99r%c9%99m-susa-sakini","status":"publish","type":"post","link":"https:\/\/arantv.az\/?p=370783","title":{"rendered":"T\u0259s\u0259vv\u00fcr ed\u0259 bilm\u0259zdim ki, bir d\u0259 \u015eu\u015fan\u0131 g\u00f6r\u0259r\u0259m &#8211; \u015eu\u015fa sakini"},"content":{"rendered":"<p><strong>\u015eu\u015fan\u0131 42 ya\u015f\u0131nda t\u0259rk etmi\u015fdim, indi g\u00f6z ya\u015flar\u0131m\u0131 saxlaya bilmir\u0259m.<\/strong><\/p>\n<p>Bunu\u00a0<a href=\"http:\/\/trend.az\/\" target=\"_blank\" rel=\"noopener\">Trend<\/a>-\u0259 a\u00e7\u0131qlamas\u0131nda \u015eu\u015fa sakini, uzun m\u00fcdd\u0259t \u015eu\u015fada m\u0259kt\u0259b direktoru i\u015fl\u0259mi\u015f v\u0259 haz\u0131rda \u015eu\u015fa \u015f\u0259h\u0259rin\u0259 s\u0259f\u0259r ed\u0259n Xitab\u0259 M\u0259mm\u0259dova deyib.<\/p>\n<p>O bildirib ki, haz\u0131rda 71 ya\u015f\u0131 var: &#8220;\u0130nanmazd\u0131m, t\u0259s\u0259vv\u00fcr ed\u0259 bilm\u0259zdim ki, bir d\u0259 \u015eu\u015fan\u0131 g\u00f6r\u0259r\u0259m. Bu m\u0259nim \u00fc\u00e7\u00fcn \u0259v\u0259zolunmaz bir sevincdir. Yuxular\u0131m\u0131z \u00e7in oldu, arzular\u0131m\u0131z ger\u00e7\u0259kl\u0259\u015fdi. Bu g\u00fcn\u0259 g\u00f6r\u0259 Prezidentimiz\u0259, Ali Ba\u015f Komandan\u0131m\u0131za minn\u0259tdar\u0131q. \u00c7ox sa\u011f olsun ki, bu g\u00fcn\u00fc biz\u0259 qism\u0259t el\u0259di. Bu s\u0259ad\u0259ti, bu sevinci biz\u0259 b\u0259x\u015f etdiyi \u00fc\u00e7\u00fcn c\u0259nab Prezident\u0259 \u00f6mr\u00fcm\u00fcz boyu borcluyuq&#8221;.<\/p>\n","protected":false},"excerpt":{"rendered":"<p>\u015eu\u015fan\u0131 42 ya\u015f\u0131nda t\u0259rk etmi\u015fdim, indi g\u00f6z ya\u015flar\u0131m\u0131 saxlaya bilmir\u0259m. Bunu\u00a0Trend-\u0259 a\u00e7\u0131qlamas\u0131nda \u015eu\u015fa sakini, uzun m\u00fcdd\u0259t \u015eu\u015fada m\u0259kt\u0259b direktoru i\u015fl\u0259mi\u015f v\u0259 haz\u0131rda \u015eu\u015fa \u015f\u0259h\u0259rin\u0259 s\u0259f\u0259r ed\u0259n Xitab\u0259 M\u0259mm\u0259dova deyib. O bildirib ki, haz\u0131rda 71 ya\u015f\u0131 var: &#8220;\u0130nanmazd\u0131m, t\u0259s\u0259vv\u00fcr ed\u0259 bilm\u0259zdim ki, bir d\u0259 \u015eu\u015fan\u0131 g\u00f6r\u0259r\u0259m. Bu m\u0259nim \u00fc\u00e7\u00fcn \u0259v\u0259zolunmaz bir sevincdir. Yuxular\u0131m\u0131z \u00e7in oldu, arzular\u0131m\u0131z ger\u00e7\u0259kl\u0259\u015fdi. Bu g\u00fcn\u0259 g\u00f6r\u0259 Prezidentimiz\u0259, Ali Ba\u015f Komandan\u0131m\u0131za minn\u0259tdar\u0131q. \u00c7ox sa\u011f olsun ki, bu g\u00fcn\u00fc biz\u0259 qism\u0259t el\u0259di. Bu s\u0259ad\u0259ti, bu sevinci biz\u0259 b\u0259x\u015f etdiyi \u00fc\u00e7\u00fcn c\u0259nab Prezident\u0259 \u00f6mr\u00fcm\u00fcz boyu borcluyuq&#8221;.<\/p>\n","protected":false},"author":2,"featured_media":370784,"comment_status":"closed","ping_status":"closed","sticky":false,"template":"","format":"standard","meta":{"om_disable_all_campaigns":false,"_monsterinsights_skip_tracking":false,"_monsterinsights_sitenote_active":false,"_monsterinsights_sitenote_note":"","_monsterinsights_sitenote_category":0},"categories":[26],"tags":[],"aioseo_notices":[],"gutentor_comment":0,"rttpg_featured_image_url":{"full":["https:\/\/arantv.az\/wp-content\/uploads\/2021\/08\/974989.jpg",800,600,false],"landscape":["https:\/\/arantv.az\/wp-content\/uploads\/2021\/08\/974989.jpg",800,600,false],"portraits":["https:\/\/arantv.az\/wp-content\/uploads\/2021\/08\/974989.jpg",800,600,false],"thumbnail":["https:\/\/arantv.az\/wp-content\/uploads\/2021\/08\/974989-500x280.jpg",500,280,true],"medium":["https:\/\/arantv.az\/wp-content\/uploads\/2021\/08\/974989-487x365.jpg",487,365,true],"large":["https:\/\/arantv.az\/wp-content\/uploads\/2021\/08\/974989.jpg",640,480,false],"1536x1536":["https:\/\/arantv.az\/wp-content\/uploads\/2021\/08\/974989.jpg",800,600,false],"2048x2048":["https:\/\/arantv.az\/wp-content\/uploads\/2021\/08\/974989.jpg",800,600,false],"post-thumbnail":["https:\/\/arantv.az\/wp-content\/uploads\/2021\/08\/974989-240x172.jpg",240,172,true],"advps-thumb-one":["https:\/\/arantv.az\/wp-content\/uploads\/2021\/08\/974989.jpg",800,600,false]},"rttpg_author":{"display_name":"V\u00fcsal Rafiqo\u011flu","author_link":"https:\/\/arantv.az\/?author=2"},"rttpg_comment":0,"rttpg_category":"<a href=\"https:\/\/arantv.az\/?cat=26\" rel=\"category\">Sosial<\/a>","rttpg_excerpt":"\u015eu\u015fan\u0131 42 ya\u015f\u0131nda t\u0259rk etmi\u015fdim, indi g\u00f6z ya\u015flar\u0131m\u0131 saxlaya bilmir\u0259m. Bunu\u00a0Trend-\u0259 a\u00e7\u0131qlamas\u0131nda \u015eu\u015fa sakini, uzun m\u00fcdd\u0259t \u015eu\u015fada m\u0259kt\u0259b direktoru i\u015fl\u0259mi\u015f v\u0259 haz\u0131rda \u015eu\u015fa \u015f\u0259h\u0259rin\u0259 s\u0259f\u0259r ed\u0259n Xitab\u0259 M\u0259mm\u0259dova deyib. O bildirib ki, haz\u0131rda 71 ya\u015f\u0131 var: &#8220;\u0130nanmazd\u0131m, t\u0259s\u0259vv\u00fcr ed\u0259 bilm\u0259zdim ki, bir d\u0259 \u015eu\u015fan\u0131 g\u00f6r\u0259r\u0259m. Bu m\u0259nim \u00fc\u00e7\u00fcn \u0259v\u0259zolunmaz bir sevincdir. Yuxular\u0131m\u0131z \u00e7in oldu, arzular\u0131m\u0131z&hellip;","_links":{"self":[{"href":"https:\/\/arantv.az\/index.php?rest_route=\/wp\/v2\/posts\/370783"}],"collection":[{"href":"https:\/\/arantv.az\/index.php?rest_route=\/wp\/v2\/posts"}],"about":[{"href":"https:\/\/arantv.az\/index.php?rest_route=\/wp\/v2\/types\/post"}],"author":[{"embeddable":true,"href":"https:\/\/arantv.az\/index.php?rest_route=\/wp\/v2\/users\/2"}],"replies":[{"embeddable":true,"href":"https:\/\/arantv.az\/index.php?rest_route=%2Fwp%2Fv2%2Fcomments&post=370783"}],"version-history":[{"count":0,"href":"https:\/\/arantv.az\/index.php?rest_route=\/wp\/v2\/posts\/370783\/revisions"}],"wp:featuredmedia":[{"embeddable":true,"href":"https:\/\/arantv.az\/index.php?rest_route=\/wp\/v2\/media\/370784"}],"wp:attachment":[{"href":"https:\/\/arantv.az\/index.php?rest_route=%2Fwp%2Fv2%2Fmedia&parent=370783"}],"wp:term":[{"taxonomy":"category","embeddable":true,"href":"https:\/\/arantv.az\/index.php?rest_route=%2Fwp%2Fv2%2Fcategories&post=370783"},{"taxonomy":"post_tag","embeddable":true,"href":"https:\/\/arantv.az\/index.php?rest_route=%2Fwp%2Fv2%2Ftags&post=370783"}],"curies":[{"name":"wp","href":"https:\/\/api.w.org\/{rel}","templated":true}]}}