{"id":370787,"date":"2021-08-26T10:35:53","date_gmt":"2021-08-26T07:35:53","guid":{"rendered":"http:\/\/arantv.az\/?p=370787"},"modified":"2021-08-26T10:35:53","modified_gmt":"2021-08-26T07:35:53","slug":"turkiy%c9%99-h%c9%99rbcil%c9%99ri-%c9%99fqanistandan-qisa-zamanda-cixarilacaq-nazir","status":"publish","type":"post","link":"https:\/\/arantv.az\/?p=370787","title":{"rendered":"T\u00fcrkiy\u0259 h\u0259rb\u00e7il\u0259ri \u018ffqan\u0131standan q\u0131sa zamanda \u00e7\u0131xar\u0131lacaq &#8211; Nazir"},"content":{"rendered":"<p><strong>\u018ffqan\u0131standan t\u00fcrk qo\u015funlar\u0131n\u0131n \u00e7\u0131xar\u0131lmas\u0131n\u0131 q\u0131sa bir zamanda ba\u015fa \u00e7atd\u0131rma\u011f\u0131 h\u0259d\u0259fl\u0259yirik.<\/strong><\/p>\n<p><strong>ARANTV.AZ\u00a0<\/strong> <a href=\"https:\/\/az.trend.az\/\" target=\"_blank\" rel=\"noopener\">Trend<\/a>-\u0259 istinad\u0259n bildirir ki,\u00a0bunu T\u00fcrkiy\u0259nin milli m\u00fcdafi\u0259 naziri Hulusi Akar deyib.<\/p>\n<p>O bildirib ki, T\u00fcrkiy\u0259 h\u0259rb\u00e7il\u0259ri \u018ffqan\u0131standak\u0131 v\u0259zif\u0259l\u0259rini u\u011furla yerin\u0259 yetiribl\u0259r:<\/p>\n<p>&#8220;Hava liman\u0131nda h\u0259dd\u0259n art\u0131q s\u0131xl\u0131\u011fa v\u0259 \u00e7\u0259tin \u015f\u0259rtl\u0259r\u0259 baxmayaraq, T\u00fcrkiy\u0259 Silahl\u0131 Q\u00fcvv\u0259l\u0259rinin \u015f\u0259xsi hey\u0259ti \u00f6z v\u0259zif\u0259sini fasil\u0259siz yerin\u0259 yetirir. \u0130\u015fimiz\u0259 verdikl\u0259ri d\u0259st\u0259y\u0259 g\u00f6r\u0259 dost v\u0259 qarda\u015f \u00f6lk\u0259l\u0259r\u0259 t\u0259\u015f\u0259kk\u00fcr edirik. T\u0259xliy\u0259 planlar\u0131m\u0131z Daxili \u0130\u015fl\u0259r Nazirliyi v\u0259 dig\u0259r m\u00fcvafiq qurumlarla \u0259laq\u0259li olaraq davam edir&#8221;.<\/p>\n<p>Xat\u0131rladaq ki, \u00f6t\u0259n g\u00fcn T\u00fcrkiy\u0259 Milli M\u00fcdafi\u0259 Nazirliyi t\u00fcrkiy\u0259li h\u0259rb\u00e7il\u0259rin 36 saat \u0259rzind\u0259 \u018ffqan\u0131standan \u00e7\u0131xar\u0131laca\u011f\u0131n\u0131 elan etmi\u015fdi.<\/p>\n","protected":false},"excerpt":{"rendered":"<p>\u018ffqan\u0131standan t\u00fcrk qo\u015funlar\u0131n\u0131n \u00e7\u0131xar\u0131lmas\u0131n\u0131 q\u0131sa bir zamanda ba\u015fa \u00e7atd\u0131rma\u011f\u0131 h\u0259d\u0259fl\u0259yirik. ARANTV.AZ\u00a0 Trend-\u0259 istinad\u0259n bildirir ki,\u00a0bunu T\u00fcrkiy\u0259nin milli m\u00fcdafi\u0259 naziri Hulusi Akar deyib. O bildirib ki, T\u00fcrkiy\u0259 h\u0259rb\u00e7il\u0259ri \u018ffqan\u0131standak\u0131 v\u0259zif\u0259l\u0259rini u\u011furla yerin\u0259 yetiribl\u0259r: &#8220;Hava liman\u0131nda h\u0259dd\u0259n art\u0131q s\u0131xl\u0131\u011fa v\u0259 \u00e7\u0259tin \u015f\u0259rtl\u0259r\u0259 baxmayaraq, T\u00fcrkiy\u0259 Silahl\u0131 Q\u00fcvv\u0259l\u0259rinin \u015f\u0259xsi hey\u0259ti \u00f6z v\u0259zif\u0259sini fasil\u0259siz yerin\u0259 yetirir. \u0130\u015fimiz\u0259 verdikl\u0259ri d\u0259st\u0259y\u0259 g\u00f6r\u0259 dost v\u0259 qarda\u015f \u00f6lk\u0259l\u0259r\u0259 t\u0259\u015f\u0259kk\u00fcr edirik. T\u0259xliy\u0259 planlar\u0131m\u0131z Daxili \u0130\u015fl\u0259r Nazirliyi v\u0259 dig\u0259r m\u00fcvafiq qurumlarla \u0259laq\u0259li olaraq davam edir&#8221;. Xat\u0131rladaq ki, \u00f6t\u0259n g\u00fcn T\u00fcrkiy\u0259 Milli M\u00fcdafi\u0259 Nazirliyi t\u00fcrkiy\u0259li h\u0259rb\u00e7il\u0259rin 36 saat \u0259rzind\u0259 \u018ffqan\u0131standan \u00e7\u0131xar\u0131laca\u011f\u0131n\u0131 elan&hellip;<\/p>\n","protected":false},"author":2,"featured_media":370788,"comment_status":"closed","ping_status":"closed","sticky":false,"template":"","format":"standard","meta":{"om_disable_all_campaigns":false,"_monsterinsights_skip_tracking":false,"_monsterinsights_sitenote_active":false,"_monsterinsights_sitenote_note":"","_monsterinsights_sitenote_category":0},"categories":[7],"tags":[],"aioseo_notices":[],"gutentor_comment":0,"rttpg_featured_image_url":{"full":["https:\/\/arantv.az\/wp-content\/uploads\/2021\/08\/974987.jpg",800,600,false],"landscape":["https:\/\/arantv.az\/wp-content\/uploads\/2021\/08\/974987.jpg",800,600,false],"portraits":["https:\/\/arantv.az\/wp-content\/uploads\/2021\/08\/974987.jpg",800,600,false],"thumbnail":["https:\/\/arantv.az\/wp-content\/uploads\/2021\/08\/974987-500x280.jpg",500,280,true],"medium":["https:\/\/arantv.az\/wp-content\/uploads\/2021\/08\/974987-487x365.jpg",487,365,true],"large":["https:\/\/arantv.az\/wp-content\/uploads\/2021\/08\/974987.jpg",640,480,false],"1536x1536":["https:\/\/arantv.az\/wp-content\/uploads\/2021\/08\/974987.jpg",800,600,false],"2048x2048":["https:\/\/arantv.az\/wp-content\/uploads\/2021\/08\/974987.jpg",800,600,false],"post-thumbnail":["https:\/\/arantv.az\/wp-content\/uploads\/2021\/08\/974987-240x172.jpg",240,172,true],"advps-thumb-one":["https:\/\/arantv.az\/wp-content\/uploads\/2021\/08\/974987.jpg",800,600,false]},"rttpg_author":{"display_name":"V\u00fcsal Rafiqo\u011flu","author_link":"https:\/\/arantv.az\/?author=2"},"rttpg_comment":0,"rttpg_category":"<a href=\"https:\/\/arantv.az\/?cat=7\" rel=\"category\">D\u00fcnya<\/a>","rttpg_excerpt":"\u018ffqan\u0131standan t\u00fcrk qo\u015funlar\u0131n\u0131n \u00e7\u0131xar\u0131lmas\u0131n\u0131 q\u0131sa bir zamanda ba\u015fa \u00e7atd\u0131rma\u011f\u0131 h\u0259d\u0259fl\u0259yirik. ARANTV.AZ\u00a0 Trend-\u0259 istinad\u0259n bildirir ki,\u00a0bunu T\u00fcrkiy\u0259nin milli m\u00fcdafi\u0259 naziri Hulusi Akar deyib. O bildirib ki, T\u00fcrkiy\u0259 h\u0259rb\u00e7il\u0259ri \u018ffqan\u0131standak\u0131 v\u0259zif\u0259l\u0259rini u\u011furla yerin\u0259 yetiribl\u0259r: &#8220;Hava liman\u0131nda h\u0259dd\u0259n art\u0131q s\u0131xl\u0131\u011fa v\u0259 \u00e7\u0259tin \u015f\u0259rtl\u0259r\u0259 baxmayaraq, T\u00fcrkiy\u0259 Silahl\u0131 Q\u00fcvv\u0259l\u0259rinin \u015f\u0259xsi hey\u0259ti \u00f6z v\u0259zif\u0259sini fasil\u0259siz yerin\u0259 yetirir. \u0130\u015fimiz\u0259 verdikl\u0259ri d\u0259st\u0259y\u0259 g\u00f6r\u0259&hellip;","_links":{"self":[{"href":"https:\/\/arantv.az\/index.php?rest_route=\/wp\/v2\/posts\/370787"}],"collection":[{"href":"https:\/\/arantv.az\/index.php?rest_route=\/wp\/v2\/posts"}],"about":[{"href":"https:\/\/arantv.az\/index.php?rest_route=\/wp\/v2\/types\/post"}],"author":[{"embeddable":true,"href":"https:\/\/arantv.az\/index.php?rest_route=\/wp\/v2\/users\/2"}],"replies":[{"embeddable":true,"href":"https:\/\/arantv.az\/index.php?rest_route=%2Fwp%2Fv2%2Fcomments&post=370787"}],"version-history":[{"count":0,"href":"https:\/\/arantv.az\/index.php?rest_route=\/wp\/v2\/posts\/370787\/revisions"}],"wp:featuredmedia":[{"embeddable":true,"href":"https:\/\/arantv.az\/index.php?rest_route=\/wp\/v2\/media\/370788"}],"wp:attachment":[{"href":"https:\/\/arantv.az\/index.php?rest_route=%2Fwp%2Fv2%2Fmedia&parent=370787"}],"wp:term":[{"taxonomy":"category","embeddable":true,"href":"https:\/\/arantv.az\/index.php?rest_route=%2Fwp%2Fv2%2Fcategories&post=370787"},{"taxonomy":"post_tag","embeddable":true,"href":"https:\/\/arantv.az\/index.php?rest_route=%2Fwp%2Fv2%2Ftags&post=370787"}],"curies":[{"name":"wp","href":"https:\/\/api.w.org\/{rel}","templated":true}]}}