{"id":370823,"date":"2021-08-26T10:49:57","date_gmt":"2021-08-26T07:49:57","guid":{"rendered":"http:\/\/arantv.az\/?p=370823"},"modified":"2021-08-26T10:49:57","modified_gmt":"2021-08-26T07:49:57","slug":"peyv%c9%99nd-olunmayan-iki-h%c9%99kim-koronavirusdan-oldu","status":"publish","type":"post","link":"https:\/\/arantv.az\/?p=370823","title":{"rendered":"Peyv\u0259nd olunmayan iki h\u0259kim koronavirusdan \u00f6ld\u00fc"},"content":{"rendered":"<p><strong>T\u00fcrkiy\u0259d\u0259 peyv\u0259nd olunmayan iki h\u0259kim koronavirusdan v\u0259fat edib.\u00a0<\/strong><\/p>\n<p><strong>ARANTV.AZ<\/strong>\u00a0 lent.az-a istinad\u0259n x\u0259b\u0259r verir ki, bu haqda T\u00fcrkiy\u0259nin s\u0259hiyy\u0259 naziri Fahrettin Koca a\u00e7\u0131qlama verib.<\/p>\n<p>Onun s\u00f6zl\u0259rin\u0259 g\u00f6r\u0259, 49 ya\u015fl\u0131 Murat Tad \u00a0K\u0131r\u015fehir T\u0259hsil v\u0259 Ara\u015fd\u0131rma X\u0259st\u0259xanas\u0131nda h\u0259kim m\u00fc\u0259llim,\u00a055 ya\u015fl\u0131 \u0130lhami At\u0131lgann\u0131n is\u0259 Ankarada \u00f6z\u0259l klinakalar\u0131n birind\u0259 do\u011fu\u015f\u00a0h\u0259kimi kimi \u00e7al\u0131\u015fd\u0131\u011f\u0131 m\u0259lum olub.<\/p>\n","protected":false},"excerpt":{"rendered":"<p>T\u00fcrkiy\u0259d\u0259 peyv\u0259nd olunmayan iki h\u0259kim koronavirusdan v\u0259fat edib.\u00a0 ARANTV.AZ\u00a0 lent.az-a istinad\u0259n x\u0259b\u0259r verir ki, bu haqda T\u00fcrkiy\u0259nin s\u0259hiyy\u0259 naziri Fahrettin Koca a\u00e7\u0131qlama verib. Onun s\u00f6zl\u0259rin\u0259 g\u00f6r\u0259, 49 ya\u015fl\u0131 Murat Tad \u00a0K\u0131r\u015fehir T\u0259hsil v\u0259 Ara\u015fd\u0131rma X\u0259st\u0259xanas\u0131nda h\u0259kim m\u00fc\u0259llim,\u00a055 ya\u015fl\u0131 \u0130lhami At\u0131lgann\u0131n is\u0259 Ankarada \u00f6z\u0259l klinakalar\u0131n birind\u0259 do\u011fu\u015f\u00a0h\u0259kimi kimi \u00e7al\u0131\u015fd\u0131\u011f\u0131 m\u0259lum olub.<\/p>\n","protected":false},"author":2,"featured_media":370824,"comment_status":"closed","ping_status":"closed","sticky":false,"template":"","format":"standard","meta":{"om_disable_all_campaigns":false,"_monsterinsights_skip_tracking":false,"_monsterinsights_sitenote_active":false,"_monsterinsights_sitenote_note":"","_monsterinsights_sitenote_category":0},"categories":[7],"tags":[],"aioseo_notices":[],"gutentor_comment":0,"rttpg_featured_image_url":{"full":["https:\/\/arantv.az\/wp-content\/uploads\/2021\/08\/974962.jpg",800,600,false],"landscape":["https:\/\/arantv.az\/wp-content\/uploads\/2021\/08\/974962.jpg",800,600,false],"portraits":["https:\/\/arantv.az\/wp-content\/uploads\/2021\/08\/974962.jpg",800,600,false],"thumbnail":["https:\/\/arantv.az\/wp-content\/uploads\/2021\/08\/974962-500x280.jpg",500,280,true],"medium":["https:\/\/arantv.az\/wp-content\/uploads\/2021\/08\/974962-487x365.jpg",487,365,true],"large":["https:\/\/arantv.az\/wp-content\/uploads\/2021\/08\/974962.jpg",640,480,false],"1536x1536":["https:\/\/arantv.az\/wp-content\/uploads\/2021\/08\/974962.jpg",800,600,false],"2048x2048":["https:\/\/arantv.az\/wp-content\/uploads\/2021\/08\/974962.jpg",800,600,false],"post-thumbnail":["https:\/\/arantv.az\/wp-content\/uploads\/2021\/08\/974962-240x172.jpg",240,172,true],"advps-thumb-one":["https:\/\/arantv.az\/wp-content\/uploads\/2021\/08\/974962.jpg",800,600,false]},"rttpg_author":{"display_name":"V\u00fcsal Rafiqo\u011flu","author_link":"https:\/\/arantv.az\/?author=2"},"rttpg_comment":0,"rttpg_category":"<a href=\"https:\/\/arantv.az\/?cat=7\" rel=\"category\">D\u00fcnya<\/a>","rttpg_excerpt":"T\u00fcrkiy\u0259d\u0259 peyv\u0259nd olunmayan iki h\u0259kim koronavirusdan v\u0259fat edib.\u00a0 ARANTV.AZ\u00a0 lent.az-a istinad\u0259n x\u0259b\u0259r verir ki, bu haqda T\u00fcrkiy\u0259nin s\u0259hiyy\u0259 naziri Fahrettin Koca a\u00e7\u0131qlama verib. Onun s\u00f6zl\u0259rin\u0259 g\u00f6r\u0259, 49 ya\u015fl\u0131 Murat Tad \u00a0K\u0131r\u015fehir T\u0259hsil v\u0259 Ara\u015fd\u0131rma X\u0259st\u0259xanas\u0131nda h\u0259kim m\u00fc\u0259llim,\u00a055 ya\u015fl\u0131 \u0130lhami At\u0131lgann\u0131n is\u0259 Ankarada \u00f6z\u0259l klinakalar\u0131n birind\u0259 do\u011fu\u015f\u00a0h\u0259kimi kimi \u00e7al\u0131\u015fd\u0131\u011f\u0131 m\u0259lum olub.","_links":{"self":[{"href":"https:\/\/arantv.az\/index.php?rest_route=\/wp\/v2\/posts\/370823"}],"collection":[{"href":"https:\/\/arantv.az\/index.php?rest_route=\/wp\/v2\/posts"}],"about":[{"href":"https:\/\/arantv.az\/index.php?rest_route=\/wp\/v2\/types\/post"}],"author":[{"embeddable":true,"href":"https:\/\/arantv.az\/index.php?rest_route=\/wp\/v2\/users\/2"}],"replies":[{"embeddable":true,"href":"https:\/\/arantv.az\/index.php?rest_route=%2Fwp%2Fv2%2Fcomments&post=370823"}],"version-history":[{"count":0,"href":"https:\/\/arantv.az\/index.php?rest_route=\/wp\/v2\/posts\/370823\/revisions"}],"wp:featuredmedia":[{"embeddable":true,"href":"https:\/\/arantv.az\/index.php?rest_route=\/wp\/v2\/media\/370824"}],"wp:attachment":[{"href":"https:\/\/arantv.az\/index.php?rest_route=%2Fwp%2Fv2%2Fmedia&parent=370823"}],"wp:term":[{"taxonomy":"category","embeddable":true,"href":"https:\/\/arantv.az\/index.php?rest_route=%2Fwp%2Fv2%2Fcategories&post=370823"},{"taxonomy":"post_tag","embeddable":true,"href":"https:\/\/arantv.az\/index.php?rest_route=%2Fwp%2Fv2%2Ftags&post=370823"}],"curies":[{"name":"wp","href":"https:\/\/api.w.org\/{rel}","templated":true}]}}