{"id":370846,"date":"2021-08-26T11:08:31","date_gmt":"2021-08-26T08:08:31","guid":{"rendered":"http:\/\/arantv.az\/?p=370846"},"modified":"2021-08-26T11:08:31","modified_gmt":"2021-08-26T08:08:31","slug":"mehriban-xanim-%c9%99liyevanin-f%c9%99aliyy%c9%99ti-humanistlik-r%c9%99mzi-v%c9%99-dovl%c9%99tciliy%c9%99-s%c9%99daq%c9%99t-numun%c9%99sidir","status":"publish","type":"post","link":"https:\/\/arantv.az\/?p=370846","title":{"rendered":"Mehriban xan\u0131m \u018fliyevan\u0131n f\u0259aliyy\u0259ti humanistlik r\u0259mzi v\u0259 d\u00f6vl\u0259t\u00e7iliy\u0259 s\u0259daq\u0259t n\u00fcmun\u0259sidir"},"content":{"rendered":"<p><em><strong>\u00d6lk\u0259mizin m\u00fcasir inki\u015faf m\u0259rh\u0259l\u0259sind\u0259 parlaq f\u0259aliyy\u0259ti il\u0259 se\u00e7il\u0259n ictimai-siyasi v\u0259 d\u00f6vl\u0259t xadiml\u0259rind\u0259n biri d\u0259 Az\u0259rbaycan Respublikas\u0131n\u0131n Birinci vitse-prezidenti, Heyd\u0259r \u018fliyev Fondunun Prezidenti Mehriban xan\u0131m \u018fliyevad\u0131r. O, \u00f6lk\u0259nin birinci xan\u0131m\u0131 kimi Ulu \u00f6nd\u0259rin siyas\u0259tini u\u011furla davam etdir\u0259n v\u0259 zaman\u0131n f\u00f6vq\u00fcn\u0259 qalxma\u011f\u0131 bacarm\u0131\u015f Prezident \u0130lham \u018fliyevl\u0259 \u00e7iyin-\u00e7iyin\u0259 yorulmadan geni\u015f v\u0259 m\u0259hsuldar f\u0259aliyy\u0259t n\u00fcmun\u0259si n\u00fcmayi\u015f etdirm\u0259kd\u0259dir.<\/strong><\/em><\/p>\n<p>2017-ci ild\u0259 Mehriban xan\u0131m \u018fliyevan\u0131n \u00f6lk\u0259nin Birinci vitse-prezidenti kimi ali d\u00f6vl\u0259t v\u0259zif\u0259sin\u0259 t\u0259yin olunmas\u0131 onu b\u00f6y\u00fck s\u0259mimiyy\u0259tl\u0259 sev\u0259n Az\u0259rbaycan xalq\u0131n\u0131n \u00fcr\u0259yinc\u0259 olmu\u015fdur. \u00c7\u00fcnki siyasi f\u0259aliyy\u0259t\u0259 ba\u015flad\u0131\u011f\u0131 ilk g\u00fcnd\u0259n insan amilini daha qabar\u0131q \u015f\u0259kild\u0259 ortaya qoymaqla \u00a0qay\u011f\u0131 v\u0259 m\u0259rh\u0259m\u0259t simvoluna \u00e7evrilmi\u015f, \u00e7ox\u015fax\u0259li f\u0259aliyy\u0259ti il\u0259 milyonlar\u0131n r\u0259\u011fb\u0259tini qazanm\u0131\u015fd\u0131r. Bu k\u00fcrs\u00fcd\u0259 o, \u00f6z f\u0259aliyy\u0259tini \u00a0yeni keyfiyy\u0259td\u0259 daha b\u00f6y\u00fck \u0259zml\u0259, daha s\u0259m\u0259r\u0259li \u015f\u0259kild\u0259\u00a0 davam etdirir. H\u0259r i\u015fd\u0259 birinciliyi qoruyub saxlama\u011f\u0131 bacaran Mehriban \u00a0xan\u0131m t\u0259kc\u0259 \u00f6z\u00fcn\u00fc deyil, h\u0259m d\u0259 m\u00fcasir v\u0259 m\u00fct\u0259r\u0259qqi d\u00fc\u015f\u00fcnc\u0259li Az\u0259rbaycan qad\u0131n\u0131n\u0131, Az\u0259rbaycan d\u00f6vl\u0259tini, t\u00fcrk v\u0259 islam d\u00fcnyas\u0131n\u0131, modern d\u00f6vl\u0259t quruculu\u011funda f\u0259al i\u015ftirak ed\u0259n siyas\u0259t\u00e7il\u0259ri, diplomatlar\u0131, ictimai, m\u0259d\u0259niyy\u0259t xadiml\u0259rini t\u0259msil edir. Onun ali s\u0259viyy\u0259d\u0259 n\u00fcmayi\u015f etdirdiyi d\u00f6vl\u0259t\u00e7ilik m\u00f6vqeyi birinci xan\u0131m\u0131 \u00f6zl\u0259rin\u0259 \u00f6rn\u0259k sayan qad\u0131nlar\u0131n c\u0259miyy\u0259td\u0259 yerinin v\u0259 rolunun keyfiyy\u0259tc\u0259 yeni s\u0259viyy\u0259y\u0259 qalxmas\u0131na, onlar\u0131n daha f\u0259al olmas\u0131na b\u00f6y\u00fck t\u0259sir g\u00f6st\u0259rib. \u00c7\u00fcnki m\u00fck\u0259mm\u0259l \u015f\u0259xsiyy\u0259t olan Mehriban xan\u0131m bu g\u00fcn d\u0259 \u00f6z f\u0259aliyy\u0259ti il\u0259 yaln\u0131z \u015f\u0259xsi n\u00fcmun\u0259 g\u00f6st\u0259rm\u0259kl\u0259 kifay\u0259tl\u0259nmir, o, h\u0259m d\u0259 qad\u0131nlar\u0131 bu f\u0259aliyy\u0259t\u0259 s\u0259f\u0259rb\u0259r etm\u0259k kimi vacib funksiyan\u0131n da\u015f\u0131y\u0131c\u0131s\u0131d\u0131r.<\/p>\n<p>B\u00fct\u00fcn f\u0259aliyy\u0259ti boyu humanizm m\u0259fkur\u0259sind\u0259n \u00e7\u0131x\u0131\u015f ed\u0259n Mehriban xan\u0131m \u018fliyevan\u0131n Milli M\u0259clisin deputat\u0131 statusunda\u00a0 g\u00f6rd\u00fcy\u00fc i\u015fl\u0259r milli qanunviciliyin t\u0259kmill\u0259\u015fm\u0259sin\u0259 v\u0259 \u00f6lk\u0259 parlamentinin f\u0259aliyy\u0259tinin canlanmas\u0131na da b\u00f6y\u00fck t\u0259sir g\u00f6st\u0259rmi\u015fdir. Onun t\u0259\u015f\u0259bb\u00fcs\u00fc il\u0259 elan edilmi\u015f 4 \u00a0amnistiya akt\u0131 on minl\u0259rl\u0259 ail\u0259y\u0259 h\u0259dsiz sevinc b\u0259x\u015f edib. Mehriban xan\u0131m \u018fliyeva bu g\u00fcn d\u0259 h\u0259r zaman oldu\u011fu kimi m\u00fcxt\u0259lif sah\u0259l\u0259rd\u0259 \u015f\u0259r\u0259fli d\u00f6vl\u0259t\u00e7ilik missiyas\u0131n\u0131 v\u0259 bununla ba\u011fl\u0131 m\u0259suliyy\u0259ti \u00f6z z\u0259rif \u00e7iyinl\u0259rind\u0259 da\u015f\u0131maqla ona \u00f6lk\u0259 prezidenti v\u0259 xalq t\u0259r\u0259find\u0259n g\u00f6st\u0259ril\u0259n y\u00fcks\u0259k etimad\u0131 layiqinc\u0259 do\u011frultmaqdad\u0131r. Qad\u0131n amilinin davaml\u0131 d\u00f6vl\u0259t siyas\u0259ti s\u0259viyy\u0259sin\u0259 y\u00fcks\u0259ldilm\u0259si, qa\u00e7q\u0131n v\u0259 m\u0259cburi k\u00f6\u00e7k\u00fcnl\u0259rin sosial probleml\u0259rinin h\u0259lli, el\u0259c\u0259 d\u0259 beyn\u0259lxalq al\u0259md\u0259 tarixin arxivin\u0259 g\u00f6m\u00fclm\u00fc\u015f Da\u011fl\u0131q Qaraba\u011f n\u00fcnaqi\u015f\u0259si il\u0259 ba\u011fl\u0131 \u0259dal\u0259tli bax\u0131\u015flar\u0131n formala\u015fmas\u0131, Az\u0259rbaycan h\u0259qiq\u0259tl\u0259rinin tan\u0131nmas\u0131 v\u0259 q\u0259bul edilm\u0259si istiqam\u0259tind\u0259 g\u00f6r\u00fclm\u00fc\u015f i\u015fl\u0259r m\u0259hz Mehriban xan\u0131m \u018fliyevan\u0131n f\u0259aliyy\u0259ti n\u0259tic\u0259sind\u0259 \u0259h\u0259miyy\u0259tli d\u0259r\u0259c\u0259d\u0259 z\u0259nginl\u0259\u015fmi\u015fdir. T\u0259qdir\u0259layiqdir ki, Az\u0259rbaycan tarixinin \u015f\u0259r\u0259f v\u0259 l\u0259yaq\u0259t simvoluna \u00e7evril\u0259n\u00a0 V\u0259t\u0259n m\u00fcharib\u0259sind\u0259n sonra b\u00f6y\u00fck v\u00fcs\u0259t alm\u0131\u015f yeni b\u0259rpa v\u0259 quruculuq i\u015fl\u0259rinin t\u0259\u015fkilind\u0259 d\u0259y\u0259rli t\u0259\u015f\u0259bb\u00fcsl\u0259rl\u0259 \u00e7\u0131x\u0131\u015f ed\u0259n Heyd\u0259r \u018fliyev Fondunun m\u00fcst\u0259sna rolu vard\u0131r.<\/p>\n<p>\u00d6lk\u0259nin ali r\u0259hb\u0259rliyind\u0259 t\u0259msil olunmas\u0131 Mehriban xan\u0131m \u018fliyevan\u0131n \u00f6lk\u0259daxili f\u0259aliyy\u0259ti il\u0259 yana\u015f\u0131 xaricd\u0259ki f\u0259aliyy\u0259tin\u0259 d\u0259 yeni, m\u00fcsb\u0259t \u00e7alarlar g\u0259tirib. D\u00fcnyan\u0131n m\u0259d\u0259niyy\u0259t be\u015fikl\u0259rind\u0259 m\u00fcxt\u0259lif t\u0259dbirl\u0259rin t\u0259\u015fkili Az\u0259rbaycan reall\u0131qlar\u0131n\u0131n, \u00fcmumilikd\u0259 Az\u0259rbaycan\u0131n bir d\u00f6vl\u0259t kimi t\u0259qdimat\u0131nda x\u00fcsusi rol oynay\u0131r. UNESCO-nun v\u0259 \u0130SESCO-nun xo\u015fm\u0259raml\u0131 s\u0259firi olaraq o, tolerantl\u0131\u011f\u0131n, s\u00fclh\u00fcn v\u0259 \u0259min-amanl\u0131\u011f\u0131n b\u0259rq\u0259rar olmas\u0131 istiqam\u0259tind\u0259 \u00f6lk\u0259miz\u0259 v\u0259 d\u00fcnyam\u0131za b\u00f6y\u00fck xidm\u0259tl\u0259r g\u00f6st\u0259mi\u015f olur.<\/p>\n<p>Az\u0259rbaycan m\u0259d\u0259niyy\u0259tinin v\u0259 inc\u0259s\u0259n\u0259tinin ke\u015fiyind\u0259 durmaqla yana\u015f\u0131 h\u0259md\u0259 d\u00fcnya m\u0259d\u0259ni irsinin qorunmas\u0131n\u0131 h\u0259d\u0259f se\u00e7mi\u015f v\u0259 b\u00f6y\u00fck humanitar layih\u0259l\u0259rin m\u00fc\u0259llifi kimi \u00e7\u0131x\u0131\u015f ed\u0259n Heyd\u0259r \u018fliyev Fondunun ist\u0259r Az\u0259rbaycan da, ist\u0259rs\u0259 d\u0259 \u00f6lk\u0259 xaricind\u0259 artan n\u00fcfuzunun arxas\u0131nda m\u0259hz Mehriban xan\u0131m\u0131n misilsiz f\u0259aliyy\u0259ti dayan\u0131r. Diqq\u0259t\u00e7\u0259k\u0259n faktd\u0131r ki, Fondun Rusiya, \u0130taliya, Vatikan, Pakistan v\u0259 dig\u0259r xarici \u00f6lk\u0259l\u0259rd\u0259 h\u0259yata ke\u00e7irdiyi humanitar layih\u0259l\u0259r ikinci Qaraba\u011f sava\u015f\u0131nda beyn\u0259lxalq d\u0259st\u0259yin \u0259ld\u0259 olunmas\u0131nda \u00f6z t\u00f6hf\u0259sini vermi\u015fdir.<\/p>\n<p>Vaxtil\u0259 \u201cEurovision\u201d beyn\u0259lxalq mahn\u0131 m\u00fcsabiq\u0259si, ilk Avropa Oyunlar\u0131 v\u0259 \u0130slam H\u0259mr\u0259yliyi Oyunlar\u0131 kimi m\u00f6t\u0259b\u0259r beyn\u0259lxalq yar\u0131\u015flar\u0131n y\u00fcks\u0259k s\u0259viyy\u0259d\u0259 ke\u00e7irilm\u0259sin\u0259 r\u0259hb\u0259rlik etmi\u015f v\u0259 eyni zamanda\u00a0 Az\u0259rbaycan Gimnastika Fedarasiyas\u0131n\u0131n Prezidenti olan Mehriban xan\u0131m \u018fliyeva \u00f6lk\u0259mizin idman potensial\u0131n\u0131n realla\u015fmas\u0131 v\u0259 idman olk\u0259si kimi tan\u0131nmas\u0131na da b\u00f6y\u00fck t\u0259kan vermi\u015fdir. Az\u0259rbaycan\u0131n idman ictimaiyy\u0259ti onun ist\u0259r \u00f6lk\u0259 miqyasl\u0131, ist\u0259rs\u0259 d\u0259 beyn\u0259lxalq yar\u0131\u015flar\u0131n ke\u00e7irilm\u0259sind\u0259 n\u00fcmayi\u015f etdirdiyi t\u0259\u015fkilat\u00e7\u0131l\u0131q bacar\u0131\u011f\u0131ndan v\u0259 t\u0259cr\u00fcb\u0259sind\u0259n bu g\u00fcn d\u0259 davaml\u0131 olaraq b\u0259hr\u0259l\u0259nm\u0259kd\u0259dir.<\/p>\n<p>Ali hakimiyy\u0259t k\u00fcrs\u00fcs\u00fcn\u00fcn m\u0259suliyy\u0259ti v\u0259 \u00e7ox\u015fax\u0259li ictimai-siyasi f\u0259aliyy\u0259tin a\u011f\u0131rl\u0131\u011f\u0131 Mehriban xan\u0131m\u0131n Yeni Az\u0259rbaycan Partiyas\u0131 s\u0259drinin m\u00fcavini kimi \u00f6lk\u0259nin ictimai-siyasi h\u0259yat\u0131nda oynad\u0131\u011f\u0131 \u00e7ox \u0259h\u0259miyy\u0259tli rola v\u0259 m\u00f6vqey\u0259 mane ola bilm\u0259yib, \u0259ksin\u0259 yeni siyasi konfiqurasin\u0131n formala\u015fmas\u0131 fonunda bu sah\u0259d\u0259 apar\u0131lan i\u015fl\u0259r\u0259 diqq\u0259t daha da art\u0131b. \u018fmin\u0259m ki, Mehriban xan\u0131m \u018fliyeva daim bu xalq\u0131n maraqlar\u0131, m\u0259nafeyi, inki\u015faf\u0131 \u00fc\u00e7\u00fcn \u00e7al\u0131\u015fan, bu d\u00f6vl\u0259tin m\u00f6hk\u0259mliyinin, \u00a0m\u00fcst\u0259qilliyinin \u0259b\u0259diliyinin v\u0259 d\u00f6nm\u0259zliyinin t\u0259min olunmas\u0131 namin\u0259 b\u00fct\u00fcn s\u0259y v\u0259 bacar\u0131\u011f\u0131n\u0131 ortaya qoymu\u015f \u00f6lk\u0259 Prezidenti, M\u00fcz\u0259ff\u0259r Ali Ba\u015f Komandan \u0130lham \u018fliyevin \u0259n yax\u0131n v\u0259 etibarl\u0131 silahda\u015f\u0131 kimi bu tandemin Z\u0259f\u0259r yoluna u\u011furla davam etm\u0259si \u00fc\u00e7\u00fcn bundan sonra da oz sanball\u0131 s\u00f6z\u00fcn\u00fc dey\u0259c\u0259kdir.<\/p>\n<p><strong>\u018fli H\u00dcSEYNL\u0130,<\/strong><\/p>\n<p><em>Milli M\u0259clisin deputat\u0131<\/em><\/p>\n","protected":false},"excerpt":{"rendered":"<p>\u00d6lk\u0259mizin m\u00fcasir inki\u015faf m\u0259rh\u0259l\u0259sind\u0259 parlaq f\u0259aliyy\u0259ti il\u0259 se\u00e7il\u0259n ictimai-siyasi v\u0259 d\u00f6vl\u0259t xadiml\u0259rind\u0259n biri d\u0259 Az\u0259rbaycan Respublikas\u0131n\u0131n Birinci vitse-prezidenti, Heyd\u0259r \u018fliyev Fondunun Prezidenti Mehriban xan\u0131m \u018fliyevad\u0131r. O, \u00f6lk\u0259nin birinci xan\u0131m\u0131 kimi Ulu \u00f6nd\u0259rin siyas\u0259tini u\u011furla davam etdir\u0259n v\u0259 zaman\u0131n f\u00f6vq\u00fcn\u0259 qalxma\u011f\u0131 bacarm\u0131\u015f Prezident \u0130lham \u018fliyevl\u0259 \u00e7iyin-\u00e7iyin\u0259 yorulmadan geni\u015f v\u0259 m\u0259hsuldar f\u0259aliyy\u0259t n\u00fcmun\u0259si n\u00fcmayi\u015f etdirm\u0259kd\u0259dir. 2017-ci ild\u0259 Mehriban xan\u0131m \u018fliyevan\u0131n \u00f6lk\u0259nin Birinci vitse-prezidenti kimi ali d\u00f6vl\u0259t v\u0259zif\u0259sin\u0259 t\u0259yin olunmas\u0131 onu b\u00f6y\u00fck s\u0259mimiyy\u0259tl\u0259 sev\u0259n Az\u0259rbaycan xalq\u0131n\u0131n \u00fcr\u0259yinc\u0259 olmu\u015fdur. \u00c7\u00fcnki siyasi f\u0259aliyy\u0259t\u0259 ba\u015flad\u0131\u011f\u0131 ilk g\u00fcnd\u0259n insan amilini daha qabar\u0131q \u015f\u0259kild\u0259 ortaya qoymaqla \u00a0qay\u011f\u0131 v\u0259&hellip;<\/p>\n","protected":false},"author":2,"featured_media":370847,"comment_status":"closed","ping_status":"closed","sticky":false,"template":"","format":"standard","meta":{"om_disable_all_campaigns":false,"_monsterinsights_skip_tracking":false,"_monsterinsights_sitenote_active":false,"_monsterinsights_sitenote_note":"","_monsterinsights_sitenote_category":0},"categories":[4],"tags":[],"aioseo_notices":[],"gutentor_comment":0,"rttpg_featured_image_url":{"full":["https:\/\/arantv.az\/wp-content\/uploads\/2021\/08\/15cf7646161191136983258761910116295.jpg",975,540,false],"landscape":["https:\/\/arantv.az\/wp-content\/uploads\/2021\/08\/15cf7646161191136983258761910116295.jpg",975,540,false],"portraits":["https:\/\/arantv.az\/wp-content\/uploads\/2021\/08\/15cf7646161191136983258761910116295.jpg",975,540,false],"thumbnail":["https:\/\/arantv.az\/wp-content\/uploads\/2021\/08\/15cf7646161191136983258761910116295-500x280.jpg",500,280,true],"medium":["https:\/\/arantv.az\/wp-content\/uploads\/2021\/08\/15cf7646161191136983258761910116295-660x365.jpg",660,365,true],"large":["https:\/\/arantv.az\/wp-content\/uploads\/2021\/08\/15cf7646161191136983258761910116295-840x465.jpg",640,354,true],"1536x1536":["https:\/\/arantv.az\/wp-content\/uploads\/2021\/08\/15cf7646161191136983258761910116295.jpg",975,540,false],"2048x2048":["https:\/\/arantv.az\/wp-content\/uploads\/2021\/08\/15cf7646161191136983258761910116295.jpg",975,540,false],"post-thumbnail":["https:\/\/arantv.az\/wp-content\/uploads\/2021\/08\/15cf7646161191136983258761910116295-240x172.jpg",240,172,true],"advps-thumb-one":["https:\/\/arantv.az\/wp-content\/uploads\/2021\/08\/15cf7646161191136983258761910116295.jpg",975,540,false]},"rttpg_author":{"display_name":"V\u00fcsal Rafiqo\u011flu","author_link":"https:\/\/arantv.az\/?author=2"},"rttpg_comment":0,"rttpg_category":"<a href=\"https:\/\/arantv.az\/?cat=4\" rel=\"category\">Siyas\u0259t<\/a>","rttpg_excerpt":"\u00d6lk\u0259mizin m\u00fcasir inki\u015faf m\u0259rh\u0259l\u0259sind\u0259 parlaq f\u0259aliyy\u0259ti il\u0259 se\u00e7il\u0259n ictimai-siyasi v\u0259 d\u00f6vl\u0259t xadiml\u0259rind\u0259n biri d\u0259 Az\u0259rbaycan Respublikas\u0131n\u0131n Birinci vitse-prezidenti, Heyd\u0259r \u018fliyev Fondunun Prezidenti Mehriban xan\u0131m \u018fliyevad\u0131r. O, \u00f6lk\u0259nin birinci xan\u0131m\u0131 kimi Ulu \u00f6nd\u0259rin siyas\u0259tini u\u011furla davam etdir\u0259n v\u0259 zaman\u0131n f\u00f6vq\u00fcn\u0259 qalxma\u011f\u0131 bacarm\u0131\u015f Prezident \u0130lham \u018fliyevl\u0259 \u00e7iyin-\u00e7iyin\u0259 yorulmadan geni\u015f v\u0259 m\u0259hsuldar f\u0259aliyy\u0259t n\u00fcmun\u0259si n\u00fcmayi\u015f etdirm\u0259kd\u0259dir. 2017-ci ild\u0259&hellip;","_links":{"self":[{"href":"https:\/\/arantv.az\/index.php?rest_route=\/wp\/v2\/posts\/370846"}],"collection":[{"href":"https:\/\/arantv.az\/index.php?rest_route=\/wp\/v2\/posts"}],"about":[{"href":"https:\/\/arantv.az\/index.php?rest_route=\/wp\/v2\/types\/post"}],"author":[{"embeddable":true,"href":"https:\/\/arantv.az\/index.php?rest_route=\/wp\/v2\/users\/2"}],"replies":[{"embeddable":true,"href":"https:\/\/arantv.az\/index.php?rest_route=%2Fwp%2Fv2%2Fcomments&post=370846"}],"version-history":[{"count":0,"href":"https:\/\/arantv.az\/index.php?rest_route=\/wp\/v2\/posts\/370846\/revisions"}],"wp:featuredmedia":[{"embeddable":true,"href":"https:\/\/arantv.az\/index.php?rest_route=\/wp\/v2\/media\/370847"}],"wp:attachment":[{"href":"https:\/\/arantv.az\/index.php?rest_route=%2Fwp%2Fv2%2Fmedia&parent=370846"}],"wp:term":[{"taxonomy":"category","embeddable":true,"href":"https:\/\/arantv.az\/index.php?rest_route=%2Fwp%2Fv2%2Fcategories&post=370846"},{"taxonomy":"post_tag","embeddable":true,"href":"https:\/\/arantv.az\/index.php?rest_route=%2Fwp%2Fv2%2Ftags&post=370846"}],"curies":[{"name":"wp","href":"https:\/\/api.w.org\/{rel}","templated":true}]}}