{"id":370849,"date":"2021-08-26T11:09:34","date_gmt":"2021-08-26T08:09:34","guid":{"rendered":"http:\/\/arantv.az\/?p=370849"},"modified":"2021-08-26T11:09:34","modified_gmt":"2021-08-26T08:09:34","slug":"qarabag-az%c9%99rbaycandir-qrant-musabiq%c9%99sin%c9%99-layih%c9%99-q%c9%99bul-olunur","status":"publish","type":"post","link":"https:\/\/arantv.az\/?p=370849","title":{"rendered":"\u201cQaraba\u011f Az\u0259rbaycand\u0131r!\u201d qrant m\u00fcsabiq\u0259sin\u0259 layih\u0259 q\u0259bul olunur"},"content":{"rendered":"<p>Az\u0259rbaycan Respublikas\u0131n\u0131n Prezidenti yan\u0131nda Elmin \u0130nki\u015faf\u0131 Fondunun \u201cQaraba\u011f Az\u0259rbaycand\u0131r!\u201d qrant m\u00fcsabiq\u0259sin\u0259 layih\u0259 q\u0259bulu davam edir.<\/p>\n<p><strong>ARANTV.AZ x\u0259b\u0259r verir ki,<\/strong>\u00a0Fonddan bildirilib ki, layih\u0259l\u0259r oktyabr\u0131n 15-d\u0259k q\u0259bul olunacaq. M\u00fcsabiq\u0259nin n\u0259tic\u0259l\u0259rinin 2022-ci ild\u0259 a\u00e7\u0131qlanmas\u0131 planla\u015fd\u0131r\u0131l\u0131r. Layih\u0259l\u0259rin q\u0259bulu \u00fc\u00e7\u00fcn n\u0259z\u0259rd\u0259 tutulan m\u00fcdd\u0259t \u0259rzind\u0259 qrant iddia\u00e7\u0131lar\u0131na k\u00f6m\u0259k v\u0259 suallar\u0131n cavabland\u0131r\u0131lmas\u0131 m\u0259qs\u0259dil\u0259 onlayn m\u0259sl\u0259h\u0259t seminarlar\u0131n\u0131n ke\u00e7irilm\u0259si n\u0259z\u0259rd\u0259 tutulub. Bu bar\u0259d\u0259 \u0259lav\u0259 m\u0259lumat Fondun internet s\u0259hif\u0259sind\u0259 d\u0259rc olunacaq. M\u00fcsabiq\u0259y\u0259 t\u0259qdim olundu\u011fu g\u00fcnd\u0259n etibar\u0259n layih\u0259l\u0259r\u0259 bax\u0131lacaq v\u0259 n\u0259tic\u0259l\u0259ri bar\u0259d\u0259 m\u00fcsabiq\u0259 i\u015ftirak\u00e7\u0131lar\u0131na elektron qaydada m\u0259lumat veril\u0259c\u0259k.<\/p>\n<p>Xat\u0131rladaq ki, m\u00fcsabiq\u0259nin m\u0259qs\u0259di i\u015f\u011faldan azad edilmi\u015f \u0259razil\u0259rimizin inki\u015faf\u0131na t\u00f6hf\u0259 ver\u0259 bil\u0259c\u0259k m\u00fcxt\u0259lif elmi sah\u0259l\u0259ri \u0259hat\u0259 ed\u0259n t\u0259dqiqat i\u015fl\u0259rinin stimulla\u015fd\u0131r\u0131lmas\u0131, Qaraba\u011f\u0131n q\u0259dim v\u0259 orta \u0259srl\u0259r tarixinin ara\u015fd\u0131r\u0131lmas\u0131, azad edilmi\u015f b\u00f6lg\u0259l\u0259rd\u0259 arxeoloji t\u0259dqiqatlar\u0131n apar\u0131lmas\u0131d\u0131r. Eyni zamanda, Qaraba\u011f\u0131n v\u0259 \u0259traf b\u00f6lg\u0259l\u0259rin tarixi-m\u0259d\u0259ni abid\u0259l\u0259rinin t\u0259dqiqinin h\u0259yata ke\u00e7irilm\u0259si v\u0259 tarixi h\u0259qiq\u0259tl\u0259rin d\u00fcnya elmin\u0259 v\u0259 ictimaiyy\u0259tin\u0259 \u00e7atd\u0131r\u0131lmas\u0131d\u0131r. M\u00fcsabiq\u0259 b\u00f6lg\u0259d\u0259 k\u0259nd t\u0259s\u0259rr\u00fcfat\u0131n\u0131n inki\u015faf\u0131n\u0131 t\u0259min ed\u0259n, ekoloji probleml\u0259rin aradan qald\u0131r\u0131lmas\u0131, enerji v\u0259 su ehtiyat\u0131n\u0131n yarad\u0131lmas\u0131, turizm potensial\u0131n\u0131n d\u00fczg\u00fcn qiym\u0259tl\u0259ndirilm\u0259si v\u0259 istifad\u0259sin\u0259 g\u0259tirib \u00e7\u0131xara bil\u0259n fundamental &#8211; t\u0259tbiqi xarakterli layih\u0259l\u0259rin h\u0259yata ke\u00e7irilm\u0259sini d\u0259 n\u0259z\u0259rd\u0259 tutur.<\/p>\n","protected":false},"excerpt":{"rendered":"<p>Az\u0259rbaycan Respublikas\u0131n\u0131n Prezidenti yan\u0131nda Elmin \u0130nki\u015faf\u0131 Fondunun \u201cQaraba\u011f Az\u0259rbaycand\u0131r!\u201d qrant m\u00fcsabiq\u0259sin\u0259 layih\u0259 q\u0259bulu davam edir. ARANTV.AZ x\u0259b\u0259r verir ki,\u00a0Fonddan bildirilib ki, layih\u0259l\u0259r oktyabr\u0131n 15-d\u0259k q\u0259bul olunacaq. M\u00fcsabiq\u0259nin n\u0259tic\u0259l\u0259rinin 2022-ci ild\u0259 a\u00e7\u0131qlanmas\u0131 planla\u015fd\u0131r\u0131l\u0131r. Layih\u0259l\u0259rin q\u0259bulu \u00fc\u00e7\u00fcn n\u0259z\u0259rd\u0259 tutulan m\u00fcdd\u0259t \u0259rzind\u0259 qrant iddia\u00e7\u0131lar\u0131na k\u00f6m\u0259k v\u0259 suallar\u0131n cavabland\u0131r\u0131lmas\u0131 m\u0259qs\u0259dil\u0259 onlayn m\u0259sl\u0259h\u0259t seminarlar\u0131n\u0131n ke\u00e7irilm\u0259si n\u0259z\u0259rd\u0259 tutulub. Bu bar\u0259d\u0259 \u0259lav\u0259 m\u0259lumat Fondun internet s\u0259hif\u0259sind\u0259 d\u0259rc olunacaq. M\u00fcsabiq\u0259y\u0259 t\u0259qdim olundu\u011fu g\u00fcnd\u0259n etibar\u0259n layih\u0259l\u0259r\u0259 bax\u0131lacaq v\u0259 n\u0259tic\u0259l\u0259ri bar\u0259d\u0259 m\u00fcsabiq\u0259 i\u015ftirak\u00e7\u0131lar\u0131na elektron qaydada m\u0259lumat veril\u0259c\u0259k. Xat\u0131rladaq ki, m\u00fcsabiq\u0259nin m\u0259qs\u0259di i\u015f\u011faldan azad edilmi\u015f \u0259razil\u0259rimizin inki\u015faf\u0131na t\u00f6hf\u0259 ver\u0259 bil\u0259c\u0259k m\u00fcxt\u0259lif&hellip;<\/p>\n","protected":false},"author":2,"featured_media":370850,"comment_status":"closed","ping_status":"closed","sticky":false,"template":"","format":"standard","meta":{"om_disable_all_campaigns":false,"_monsterinsights_skip_tracking":false,"_monsterinsights_sitenote_active":false,"_monsterinsights_sitenote_note":"","_monsterinsights_sitenote_category":0},"categories":[26],"tags":[],"aioseo_notices":[],"gutentor_comment":0,"rttpg_featured_image_url":{"full":["https:\/\/arantv.az\/wp-content\/uploads\/2021\/08\/4f649b16160881200032313021210672697.jpg",975,540,false],"landscape":["https:\/\/arantv.az\/wp-content\/uploads\/2021\/08\/4f649b16160881200032313021210672697.jpg",975,540,false],"portraits":["https:\/\/arantv.az\/wp-content\/uploads\/2021\/08\/4f649b16160881200032313021210672697.jpg",975,540,false],"thumbnail":["https:\/\/arantv.az\/wp-content\/uploads\/2021\/08\/4f649b16160881200032313021210672697-500x280.jpg",500,280,true],"medium":["https:\/\/arantv.az\/wp-content\/uploads\/2021\/08\/4f649b16160881200032313021210672697-660x365.jpg",660,365,true],"large":["https:\/\/arantv.az\/wp-content\/uploads\/2021\/08\/4f649b16160881200032313021210672697-840x465.jpg",640,354,true],"1536x1536":["https:\/\/arantv.az\/wp-content\/uploads\/2021\/08\/4f649b16160881200032313021210672697.jpg",975,540,false],"2048x2048":["https:\/\/arantv.az\/wp-content\/uploads\/2021\/08\/4f649b16160881200032313021210672697.jpg",975,540,false],"post-thumbnail":["https:\/\/arantv.az\/wp-content\/uploads\/2021\/08\/4f649b16160881200032313021210672697-240x172.jpg",240,172,true],"advps-thumb-one":["https:\/\/arantv.az\/wp-content\/uploads\/2021\/08\/4f649b16160881200032313021210672697.jpg",975,540,false]},"rttpg_author":{"display_name":"V\u00fcsal Rafiqo\u011flu","author_link":"https:\/\/arantv.az\/?author=2"},"rttpg_comment":0,"rttpg_category":"<a href=\"https:\/\/arantv.az\/?cat=26\" rel=\"category\">Sosial<\/a>","rttpg_excerpt":"Az\u0259rbaycan Respublikas\u0131n\u0131n Prezidenti yan\u0131nda Elmin \u0130nki\u015faf\u0131 Fondunun \u201cQaraba\u011f Az\u0259rbaycand\u0131r!\u201d qrant m\u00fcsabiq\u0259sin\u0259 layih\u0259 q\u0259bulu davam edir. ARANTV.AZ x\u0259b\u0259r verir ki,\u00a0Fonddan bildirilib ki, layih\u0259l\u0259r oktyabr\u0131n 15-d\u0259k q\u0259bul olunacaq. M\u00fcsabiq\u0259nin n\u0259tic\u0259l\u0259rinin 2022-ci ild\u0259 a\u00e7\u0131qlanmas\u0131 planla\u015fd\u0131r\u0131l\u0131r. Layih\u0259l\u0259rin q\u0259bulu \u00fc\u00e7\u00fcn n\u0259z\u0259rd\u0259 tutulan m\u00fcdd\u0259t \u0259rzind\u0259 qrant iddia\u00e7\u0131lar\u0131na k\u00f6m\u0259k v\u0259 suallar\u0131n cavabland\u0131r\u0131lmas\u0131 m\u0259qs\u0259dil\u0259 onlayn m\u0259sl\u0259h\u0259t seminarlar\u0131n\u0131n ke\u00e7irilm\u0259si n\u0259z\u0259rd\u0259 tutulub. Bu bar\u0259d\u0259 \u0259lav\u0259&hellip;","_links":{"self":[{"href":"https:\/\/arantv.az\/index.php?rest_route=\/wp\/v2\/posts\/370849"}],"collection":[{"href":"https:\/\/arantv.az\/index.php?rest_route=\/wp\/v2\/posts"}],"about":[{"href":"https:\/\/arantv.az\/index.php?rest_route=\/wp\/v2\/types\/post"}],"author":[{"embeddable":true,"href":"https:\/\/arantv.az\/index.php?rest_route=\/wp\/v2\/users\/2"}],"replies":[{"embeddable":true,"href":"https:\/\/arantv.az\/index.php?rest_route=%2Fwp%2Fv2%2Fcomments&post=370849"}],"version-history":[{"count":0,"href":"https:\/\/arantv.az\/index.php?rest_route=\/wp\/v2\/posts\/370849\/revisions"}],"wp:featuredmedia":[{"embeddable":true,"href":"https:\/\/arantv.az\/index.php?rest_route=\/wp\/v2\/media\/370850"}],"wp:attachment":[{"href":"https:\/\/arantv.az\/index.php?rest_route=%2Fwp%2Fv2%2Fmedia&parent=370849"}],"wp:term":[{"taxonomy":"category","embeddable":true,"href":"https:\/\/arantv.az\/index.php?rest_route=%2Fwp%2Fv2%2Fcategories&post=370849"},{"taxonomy":"post_tag","embeddable":true,"href":"https:\/\/arantv.az\/index.php?rest_route=%2Fwp%2Fv2%2Ftags&post=370849"}],"curies":[{"name":"wp","href":"https:\/\/api.w.org\/{rel}","templated":true}]}}