{"id":370852,"date":"2021-08-26T11:10:50","date_gmt":"2021-08-26T08:10:50","guid":{"rendered":"http:\/\/arantv.az\/?p=370852"},"modified":"2021-08-26T11:10:50","modified_gmt":"2021-08-26T08:10:50","slug":"q%c9%99lyan-xidm%c9%99ti-gost%c9%99r%c9%99n-obyektl%c9%99r-askarlanib","status":"publish","type":"post","link":"https:\/\/arantv.az\/?p=370852","title":{"rendered":"Q\u0259lyan xidm\u0259ti g\u00f6st\u0259r\u0259n obyektl\u0259r a\u015fkarlan\u0131b"},"content":{"rendered":"<p>\u00d6lk\u0259 \u0259razisind\u0259 elan edilmi\u015f karantin rejiminin t\u0259l\u0259bl\u0259rini pozan \u015f\u0259xsl\u0259rl\u0259 ba\u011fl\u0131 t\u0259dbirl\u0259r davam etdirilir.<\/p>\n<p><strong>ARANTV.AZ\u00a0 x\u0259b\u0259r verir ki,<\/strong>\u00a0Daxili \u0130\u015fl\u0259r Nazirliyinin M\u0259tbuat Xidm\u0259tinin L\u0259nk\u0259ran regional qrupundan\u00a0veril\u0259n m\u0259lumata g\u00f6r\u0259, bu istiqam\u0259td\u0259 L\u0259nk\u0259ran \u015e\u0259h\u0259r Rayon Polis \u015e\u00f6b\u0259sinin \u0259m\u0259kda\u015flar\u0131n\u0131n ke\u00e7irdikl\u0259ri n\u00f6vb\u0259ti t\u0259dbirl\u0259r zaman\u0131 L\u0259nk\u0259ran \u015f\u0259h\u0259ri \u0259razisind\u0259 yerl\u0259\u015f\u0259n \u201cMayak\u201d otel-restoranda v\u0259 rayonun \u015eirinsu k\u0259ndind\u0259 yerl\u0259\u015f\u0259n bir \u00e7ay evind\u0259 karantin rejimin\u0259 v\u0259 sanitar-gigiyena qaydalar\u0131na zidd olaraq m\u00fc\u015ft\u0259ril\u0259r\u0259 q\u0259lyan xidm\u0259ti g\u00f6st\u0259rilm\u0259si hallar\u0131 a\u015fkarlan\u0131b.<\/p>\n<p>Karantin qaydalar\u0131n\u0131n pozuldu\u011fu h\u0259min obyektl\u0259rin sahibl\u0259ri bar\u0259sind\u0259 \u0130nzibati X\u0259talar M\u0259c\u0259ll\u0259sinin m\u00fcvafiq madd\u0259sin\u0259 \u0259sas\u0259n protokol t\u0259rtib olunaraq bax\u0131lmas\u0131 \u00fc\u00e7\u00fcn L\u0259nk\u0259ran Rayon M\u0259hk\u0259m\u0259sin\u0259 g\u00f6nd\u0259rilib.<\/p>\n","protected":false},"excerpt":{"rendered":"<p>\u00d6lk\u0259 \u0259razisind\u0259 elan edilmi\u015f karantin rejiminin t\u0259l\u0259bl\u0259rini pozan \u015f\u0259xsl\u0259rl\u0259 ba\u011fl\u0131 t\u0259dbirl\u0259r davam etdirilir. ARANTV.AZ\u00a0 x\u0259b\u0259r verir ki,\u00a0Daxili \u0130\u015fl\u0259r Nazirliyinin M\u0259tbuat Xidm\u0259tinin L\u0259nk\u0259ran regional qrupundan\u00a0veril\u0259n m\u0259lumata g\u00f6r\u0259, bu istiqam\u0259td\u0259 L\u0259nk\u0259ran \u015e\u0259h\u0259r Rayon Polis \u015e\u00f6b\u0259sinin \u0259m\u0259kda\u015flar\u0131n\u0131n ke\u00e7irdikl\u0259ri n\u00f6vb\u0259ti t\u0259dbirl\u0259r zaman\u0131 L\u0259nk\u0259ran \u015f\u0259h\u0259ri \u0259razisind\u0259 yerl\u0259\u015f\u0259n \u201cMayak\u201d otel-restoranda v\u0259 rayonun \u015eirinsu k\u0259ndind\u0259 yerl\u0259\u015f\u0259n bir \u00e7ay evind\u0259 karantin rejimin\u0259 v\u0259 sanitar-gigiyena qaydalar\u0131na zidd olaraq m\u00fc\u015ft\u0259ril\u0259r\u0259 q\u0259lyan xidm\u0259ti g\u00f6st\u0259rilm\u0259si hallar\u0131 a\u015fkarlan\u0131b. Karantin qaydalar\u0131n\u0131n pozuldu\u011fu h\u0259min obyektl\u0259rin sahibl\u0259ri bar\u0259sind\u0259 \u0130nzibati X\u0259talar M\u0259c\u0259ll\u0259sinin m\u00fcvafiq madd\u0259sin\u0259 \u0259sas\u0259n protokol t\u0259rtib olunaraq bax\u0131lmas\u0131 \u00fc\u00e7\u00fcn L\u0259nk\u0259ran Rayon M\u0259hk\u0259m\u0259sin\u0259 g\u00f6nd\u0259rilib.<\/p>\n","protected":false},"author":2,"featured_media":370853,"comment_status":"closed","ping_status":"closed","sticky":false,"template":"","format":"standard","meta":{"om_disable_all_campaigns":false,"_monsterinsights_skip_tracking":false,"_monsterinsights_sitenote_active":false,"_monsterinsights_sitenote_note":"","_monsterinsights_sitenote_category":0},"categories":[26],"tags":[],"aioseo_notices":[],"gutentor_comment":0,"rttpg_featured_image_url":{"full":["https:\/\/arantv.az\/wp-content\/uploads\/2021\/08\/4c07fe2416299648951157795331083896.jpg",975,540,false],"landscape":["https:\/\/arantv.az\/wp-content\/uploads\/2021\/08\/4c07fe2416299648951157795331083896.jpg",975,540,false],"portraits":["https:\/\/arantv.az\/wp-content\/uploads\/2021\/08\/4c07fe2416299648951157795331083896.jpg",975,540,false],"thumbnail":["https:\/\/arantv.az\/wp-content\/uploads\/2021\/08\/4c07fe2416299648951157795331083896-500x280.jpg",500,280,true],"medium":["https:\/\/arantv.az\/wp-content\/uploads\/2021\/08\/4c07fe2416299648951157795331083896-660x365.jpg",660,365,true],"large":["https:\/\/arantv.az\/wp-content\/uploads\/2021\/08\/4c07fe2416299648951157795331083896-840x465.jpg",640,354,true],"1536x1536":["https:\/\/arantv.az\/wp-content\/uploads\/2021\/08\/4c07fe2416299648951157795331083896.jpg",975,540,false],"2048x2048":["https:\/\/arantv.az\/wp-content\/uploads\/2021\/08\/4c07fe2416299648951157795331083896.jpg",975,540,false],"post-thumbnail":["https:\/\/arantv.az\/wp-content\/uploads\/2021\/08\/4c07fe2416299648951157795331083896-240x172.jpg",240,172,true],"advps-thumb-one":["https:\/\/arantv.az\/wp-content\/uploads\/2021\/08\/4c07fe2416299648951157795331083896.jpg",975,540,false]},"rttpg_author":{"display_name":"V\u00fcsal Rafiqo\u011flu","author_link":"https:\/\/arantv.az\/?author=2"},"rttpg_comment":0,"rttpg_category":"<a href=\"https:\/\/arantv.az\/?cat=26\" rel=\"category\">Sosial<\/a>","rttpg_excerpt":"\u00d6lk\u0259 \u0259razisind\u0259 elan edilmi\u015f karantin rejiminin t\u0259l\u0259bl\u0259rini pozan \u015f\u0259xsl\u0259rl\u0259 ba\u011fl\u0131 t\u0259dbirl\u0259r davam etdirilir. ARANTV.AZ\u00a0 x\u0259b\u0259r verir ki,\u00a0Daxili \u0130\u015fl\u0259r Nazirliyinin M\u0259tbuat Xidm\u0259tinin L\u0259nk\u0259ran regional qrupundan\u00a0veril\u0259n m\u0259lumata g\u00f6r\u0259, bu istiqam\u0259td\u0259 L\u0259nk\u0259ran \u015e\u0259h\u0259r Rayon Polis \u015e\u00f6b\u0259sinin \u0259m\u0259kda\u015flar\u0131n\u0131n ke\u00e7irdikl\u0259ri n\u00f6vb\u0259ti t\u0259dbirl\u0259r zaman\u0131 L\u0259nk\u0259ran \u015f\u0259h\u0259ri \u0259razisind\u0259 yerl\u0259\u015f\u0259n \u201cMayak\u201d otel-restoranda v\u0259 rayonun \u015eirinsu k\u0259ndind\u0259 yerl\u0259\u015f\u0259n bir \u00e7ay evind\u0259 karantin rejimin\u0259 v\u0259&hellip;","_links":{"self":[{"href":"https:\/\/arantv.az\/index.php?rest_route=\/wp\/v2\/posts\/370852"}],"collection":[{"href":"https:\/\/arantv.az\/index.php?rest_route=\/wp\/v2\/posts"}],"about":[{"href":"https:\/\/arantv.az\/index.php?rest_route=\/wp\/v2\/types\/post"}],"author":[{"embeddable":true,"href":"https:\/\/arantv.az\/index.php?rest_route=\/wp\/v2\/users\/2"}],"replies":[{"embeddable":true,"href":"https:\/\/arantv.az\/index.php?rest_route=%2Fwp%2Fv2%2Fcomments&post=370852"}],"version-history":[{"count":0,"href":"https:\/\/arantv.az\/index.php?rest_route=\/wp\/v2\/posts\/370852\/revisions"}],"wp:featuredmedia":[{"embeddable":true,"href":"https:\/\/arantv.az\/index.php?rest_route=\/wp\/v2\/media\/370853"}],"wp:attachment":[{"href":"https:\/\/arantv.az\/index.php?rest_route=%2Fwp%2Fv2%2Fmedia&parent=370852"}],"wp:term":[{"taxonomy":"category","embeddable":true,"href":"https:\/\/arantv.az\/index.php?rest_route=%2Fwp%2Fv2%2Fcategories&post=370852"},{"taxonomy":"post_tag","embeddable":true,"href":"https:\/\/arantv.az\/index.php?rest_route=%2Fwp%2Fv2%2Ftags&post=370852"}],"curies":[{"name":"wp","href":"https:\/\/api.w.org\/{rel}","templated":true}]}}