{"id":370855,"date":"2021-08-26T11:14:27","date_gmt":"2021-08-26T08:14:27","guid":{"rendered":"http:\/\/arantv.az\/?p=370855"},"modified":"2021-08-26T11:14:27","modified_gmt":"2021-08-26T08:14:27","slug":"az%c9%99rbaycanda-bu-tarixd%c9%99n-yoluxmalarin-sayi-azalacaq-aciqlama","status":"publish","type":"post","link":"https:\/\/arantv.az\/?p=370855","title":{"rendered":"Az\u0259rbaycanda bu tarixd\u0259n yoluxmalar\u0131n say\u0131 azalacaq &#8211; A\u00c7IQLAMA"},"content":{"rendered":"<p><strong>&#8220;Haz\u0131rda COVID-19 virusunun yeni dal\u011fas\u0131n\u0131n tam ortas\u0131nday\u0131q. Koronavirus dal\u011falar\u0131 ba\u015flad\u0131\u011f\u0131 m\u00fcdd\u0259td\u0259n 2-3 h\u0259ft\u0259 \u0259rzind\u0259 pik h\u0259dd\u0259 \u00e7at\u0131r. 10 g\u00fcn pik h\u0259ddind\u0259 davam etdikd\u0259n sonra yenid\u0259n d\u00fc\u015f\u00fc\u015f\u0259 ke\u00e7ir&#8221;.<\/strong><\/p>\n<p><strong>ARANTV.AZ\u00a0<\/strong> x\u0259b\u0259r verir ki, bu s\u00f6zl\u0259ri Nazirl\u0259r Kabineti yan\u0131nda Operativ Q\u0259rargah\u0131n \u00fczv\u00fc, Milli M\u0259clisin S\u0259hiyy\u0259 komit\u0259sinin s\u0259dr m\u00fcavini R\u0259\u015fad Mahmudov &#8220;Real TV&#8221;-y\u0259 a\u00e7\u0131qlamas\u0131nda deyib.<\/p>\n<p>O \u0259lav\u0259 edib ki, sentyabr ay\u0131n\u0131n ortalar\u0131ndan m\u00fcsb\u0259t epidemioloji r\u0259q\u0259ml\u0259rl\u0259 rastla\u015fma\u011fa ba\u015flan\u0131lacaq.<\/p>\n","protected":false},"excerpt":{"rendered":"<p>&#8220;Haz\u0131rda COVID-19 virusunun yeni dal\u011fas\u0131n\u0131n tam ortas\u0131nday\u0131q. Koronavirus dal\u011falar\u0131 ba\u015flad\u0131\u011f\u0131 m\u00fcdd\u0259td\u0259n 2-3 h\u0259ft\u0259 \u0259rzind\u0259 pik h\u0259dd\u0259 \u00e7at\u0131r. 10 g\u00fcn pik h\u0259ddind\u0259 davam etdikd\u0259n sonra yenid\u0259n d\u00fc\u015f\u00fc\u015f\u0259 ke\u00e7ir&#8221;. ARANTV.AZ\u00a0 x\u0259b\u0259r verir ki, bu s\u00f6zl\u0259ri Nazirl\u0259r Kabineti yan\u0131nda Operativ Q\u0259rargah\u0131n \u00fczv\u00fc, Milli M\u0259clisin S\u0259hiyy\u0259 komit\u0259sinin s\u0259dr m\u00fcavini R\u0259\u015fad Mahmudov &#8220;Real TV&#8221;-y\u0259 a\u00e7\u0131qlamas\u0131nda deyib. O \u0259lav\u0259 edib ki, sentyabr ay\u0131n\u0131n ortalar\u0131ndan m\u00fcsb\u0259t epidemioloji r\u0259q\u0259ml\u0259rl\u0259 rastla\u015fma\u011fa ba\u015flan\u0131lacaq.<\/p>\n","protected":false},"author":2,"featured_media":370856,"comment_status":"closed","ping_status":"closed","sticky":false,"template":"","format":"standard","meta":{"om_disable_all_campaigns":false,"_monsterinsights_skip_tracking":false,"_monsterinsights_sitenote_active":false,"_monsterinsights_sitenote_note":"","_monsterinsights_sitenote_category":0},"categories":[26],"tags":[],"aioseo_notices":[],"gutentor_comment":0,"rttpg_featured_image_url":{"full":["https:\/\/arantv.az\/wp-content\/uploads\/2021\/08\/974996.jpg",800,600,false],"landscape":["https:\/\/arantv.az\/wp-content\/uploads\/2021\/08\/974996.jpg",800,600,false],"portraits":["https:\/\/arantv.az\/wp-content\/uploads\/2021\/08\/974996.jpg",800,600,false],"thumbnail":["https:\/\/arantv.az\/wp-content\/uploads\/2021\/08\/974996-500x280.jpg",500,280,true],"medium":["https:\/\/arantv.az\/wp-content\/uploads\/2021\/08\/974996-487x365.jpg",487,365,true],"large":["https:\/\/arantv.az\/wp-content\/uploads\/2021\/08\/974996.jpg",640,480,false],"1536x1536":["https:\/\/arantv.az\/wp-content\/uploads\/2021\/08\/974996.jpg",800,600,false],"2048x2048":["https:\/\/arantv.az\/wp-content\/uploads\/2021\/08\/974996.jpg",800,600,false],"post-thumbnail":["https:\/\/arantv.az\/wp-content\/uploads\/2021\/08\/974996-240x172.jpg",240,172,true],"advps-thumb-one":["https:\/\/arantv.az\/wp-content\/uploads\/2021\/08\/974996.jpg",800,600,false]},"rttpg_author":{"display_name":"V\u00fcsal Rafiqo\u011flu","author_link":"https:\/\/arantv.az\/?author=2"},"rttpg_comment":0,"rttpg_category":"<a href=\"https:\/\/arantv.az\/?cat=26\" rel=\"category\">Sosial<\/a>","rttpg_excerpt":"&#8220;Haz\u0131rda COVID-19 virusunun yeni dal\u011fas\u0131n\u0131n tam ortas\u0131nday\u0131q. Koronavirus dal\u011falar\u0131 ba\u015flad\u0131\u011f\u0131 m\u00fcdd\u0259td\u0259n 2-3 h\u0259ft\u0259 \u0259rzind\u0259 pik h\u0259dd\u0259 \u00e7at\u0131r. 10 g\u00fcn pik h\u0259ddind\u0259 davam etdikd\u0259n sonra yenid\u0259n d\u00fc\u015f\u00fc\u015f\u0259 ke\u00e7ir&#8221;. ARANTV.AZ\u00a0 x\u0259b\u0259r verir ki, bu s\u00f6zl\u0259ri Nazirl\u0259r Kabineti yan\u0131nda Operativ Q\u0259rargah\u0131n \u00fczv\u00fc, Milli M\u0259clisin S\u0259hiyy\u0259 komit\u0259sinin s\u0259dr m\u00fcavini R\u0259\u015fad Mahmudov &#8220;Real TV&#8221;-y\u0259 a\u00e7\u0131qlamas\u0131nda deyib. O \u0259lav\u0259 edib ki,&hellip;","_links":{"self":[{"href":"https:\/\/arantv.az\/index.php?rest_route=\/wp\/v2\/posts\/370855"}],"collection":[{"href":"https:\/\/arantv.az\/index.php?rest_route=\/wp\/v2\/posts"}],"about":[{"href":"https:\/\/arantv.az\/index.php?rest_route=\/wp\/v2\/types\/post"}],"author":[{"embeddable":true,"href":"https:\/\/arantv.az\/index.php?rest_route=\/wp\/v2\/users\/2"}],"replies":[{"embeddable":true,"href":"https:\/\/arantv.az\/index.php?rest_route=%2Fwp%2Fv2%2Fcomments&post=370855"}],"version-history":[{"count":0,"href":"https:\/\/arantv.az\/index.php?rest_route=\/wp\/v2\/posts\/370855\/revisions"}],"wp:featuredmedia":[{"embeddable":true,"href":"https:\/\/arantv.az\/index.php?rest_route=\/wp\/v2\/media\/370856"}],"wp:attachment":[{"href":"https:\/\/arantv.az\/index.php?rest_route=%2Fwp%2Fv2%2Fmedia&parent=370855"}],"wp:term":[{"taxonomy":"category","embeddable":true,"href":"https:\/\/arantv.az\/index.php?rest_route=%2Fwp%2Fv2%2Fcategories&post=370855"},{"taxonomy":"post_tag","embeddable":true,"href":"https:\/\/arantv.az\/index.php?rest_route=%2Fwp%2Fv2%2Ftags&post=370855"}],"curies":[{"name":"wp","href":"https:\/\/api.w.org\/{rel}","templated":true}]}}