{"id":37091,"date":"2019-02-06T12:28:28","date_gmt":"2019-02-06T09:28:28","guid":{"rendered":"http:\/\/arantv.az\/?p=37091"},"modified":"2019-02-06T12:28:28","modified_gmt":"2019-02-06T09:28:28","slug":"ramil-usubovdan-yeni-t%c9%99yinat-3","status":"publish","type":"post","link":"https:\/\/arantv.az\/?p=37091","title":{"rendered":"Ramil Usubovdan yeni &#8211; T\u018fY\u0130NAT"},"content":{"rendered":"<p>\u00c7evik Polis Alay\u0131n\u0131n komandiri, polis general-mayoru S\u0259hlab Ba\u011f\u0131rova m\u00fcavin t\u0259yin edilib.<\/p>\n<p><strong>ARANTV.AZ<\/strong>-\u0131n m\u0259lumat\u0131na g\u00f6r\u0259, bu bar\u0259d\u0259 daxili i\u015fl\u0259r naziri Ramil Usubov\u00a0\u0259mr imzalay\u0131b.<\/p>\n<p>\u018fmr\u0259 \u0259sas\u0259n, Bak\u0131 \u015e\u0259h\u0259r Ba\u015f Polis \u0130dar\u0259sinin \u0130ctimai t\u0259hl\u00fck\u0259sizlik idar\u0259sinin r\u0259is m\u00fcavini, polis polkovniki El\u00e7in Kaz\u0131mi S\u0259hlab Ba\u011f\u0131rova m\u00fcavin t\u0259yin olunub.<\/p>\n<div id=\"AdributorNativeVideo0\" class=\"AdributorNativeVideo\"><\/div>\n<p>Qeyd ed\u0259k ki, El\u00e7in Kaz\u0131mi b\u0259st\u0259kar Oqtay Kaz\u0131minin o\u011fludur. oxu.az<\/p>\n","protected":false},"excerpt":{"rendered":"<p>\u00c7evik Polis Alay\u0131n\u0131n komandiri, polis general-mayoru S\u0259hlab Ba\u011f\u0131rova m\u00fcavin t\u0259yin edilib. ARANTV.AZ-\u0131n m\u0259lumat\u0131na g\u00f6r\u0259, bu bar\u0259d\u0259 daxili i\u015fl\u0259r naziri Ramil Usubov\u00a0\u0259mr imzalay\u0131b. \u018fmr\u0259 \u0259sas\u0259n, Bak\u0131 \u015e\u0259h\u0259r Ba\u015f Polis \u0130dar\u0259sinin \u0130ctimai t\u0259hl\u00fck\u0259sizlik idar\u0259sinin r\u0259is m\u00fcavini, polis polkovniki El\u00e7in Kaz\u0131mi S\u0259hlab Ba\u011f\u0131rova m\u00fcavin t\u0259yin olunub. Qeyd ed\u0259k ki, El\u00e7in Kaz\u0131mi b\u0259st\u0259kar Oqtay Kaz\u0131minin o\u011fludur. oxu.az<\/p>\n","protected":false},"author":2,"featured_media":37092,"comment_status":"closed","ping_status":"closed","sticky":false,"template":"","format":"standard","meta":{"om_disable_all_campaigns":false,"_monsterinsights_skip_tracking":false,"_monsterinsights_sitenote_active":false,"_monsterinsights_sitenote_note":"","_monsterinsights_sitenote_category":0},"categories":[19],"tags":[],"aioseo_notices":[],"gutentor_comment":0,"rttpg_featured_image_url":{"full":["https:\/\/arantv.az\/wp-content\/uploads\/2019\/02\/ramil.jpg",620,413,false],"landscape":["https:\/\/arantv.az\/wp-content\/uploads\/2019\/02\/ramil.jpg",620,413,false],"portraits":["https:\/\/arantv.az\/wp-content\/uploads\/2019\/02\/ramil.jpg",620,413,false],"thumbnail":["https:\/\/arantv.az\/wp-content\/uploads\/2019\/02\/ramil-150x150.jpg",150,150,true],"medium":["https:\/\/arantv.az\/wp-content\/uploads\/2019\/02\/ramil-300x200.jpg",300,200,true],"large":["https:\/\/arantv.az\/wp-content\/uploads\/2019\/02\/ramil.jpg",620,413,false],"1536x1536":["https:\/\/arantv.az\/wp-content\/uploads\/2019\/02\/ramil.jpg",620,413,false],"2048x2048":["https:\/\/arantv.az\/wp-content\/uploads\/2019\/02\/ramil.jpg",620,413,false],"post-thumbnail":["https:\/\/arantv.az\/wp-content\/uploads\/2019\/02\/ramil-240x172.jpg",240,172,true],"advps-thumb-one":["https:\/\/arantv.az\/wp-content\/uploads\/2019\/02\/ramil.jpg",620,413,false]},"rttpg_author":{"display_name":"V\u00fcsal Rafiqo\u011flu","author_link":"https:\/\/arantv.az\/?author=2"},"rttpg_comment":0,"rttpg_category":"<a href=\"https:\/\/arantv.az\/?cat=19\" rel=\"category\">G\u00fcnd\u0259m<\/a>","rttpg_excerpt":"\u00c7evik Polis Alay\u0131n\u0131n komandiri, polis general-mayoru S\u0259hlab Ba\u011f\u0131rova m\u00fcavin t\u0259yin edilib. ARANTV.AZ-\u0131n m\u0259lumat\u0131na g\u00f6r\u0259, bu bar\u0259d\u0259 daxili i\u015fl\u0259r naziri Ramil Usubov\u00a0\u0259mr imzalay\u0131b. \u018fmr\u0259 \u0259sas\u0259n, Bak\u0131 \u015e\u0259h\u0259r Ba\u015f Polis \u0130dar\u0259sinin \u0130ctimai t\u0259hl\u00fck\u0259sizlik idar\u0259sinin r\u0259is m\u00fcavini, polis polkovniki El\u00e7in Kaz\u0131mi S\u0259hlab Ba\u011f\u0131rova m\u00fcavin t\u0259yin olunub. Qeyd ed\u0259k ki, El\u00e7in Kaz\u0131mi b\u0259st\u0259kar Oqtay Kaz\u0131minin o\u011fludur. oxu.az","_links":{"self":[{"href":"https:\/\/arantv.az\/index.php?rest_route=\/wp\/v2\/posts\/37091"}],"collection":[{"href":"https:\/\/arantv.az\/index.php?rest_route=\/wp\/v2\/posts"}],"about":[{"href":"https:\/\/arantv.az\/index.php?rest_route=\/wp\/v2\/types\/post"}],"author":[{"embeddable":true,"href":"https:\/\/arantv.az\/index.php?rest_route=\/wp\/v2\/users\/2"}],"replies":[{"embeddable":true,"href":"https:\/\/arantv.az\/index.php?rest_route=%2Fwp%2Fv2%2Fcomments&post=37091"}],"version-history":[{"count":0,"href":"https:\/\/arantv.az\/index.php?rest_route=\/wp\/v2\/posts\/37091\/revisions"}],"wp:featuredmedia":[{"embeddable":true,"href":"https:\/\/arantv.az\/index.php?rest_route=\/wp\/v2\/media\/37092"}],"wp:attachment":[{"href":"https:\/\/arantv.az\/index.php?rest_route=%2Fwp%2Fv2%2Fmedia&parent=37091"}],"wp:term":[{"taxonomy":"category","embeddable":true,"href":"https:\/\/arantv.az\/index.php?rest_route=%2Fwp%2Fv2%2Fcategories&post=37091"},{"taxonomy":"post_tag","embeddable":true,"href":"https:\/\/arantv.az\/index.php?rest_route=%2Fwp%2Fv2%2Ftags&post=37091"}],"curies":[{"name":"wp","href":"https:\/\/api.w.org\/{rel}","templated":true}]}}