{"id":37094,"date":"2019-02-06T12:34:05","date_gmt":"2019-02-06T09:34:05","guid":{"rendered":"http:\/\/arantv.az\/?p=37094"},"modified":"2019-02-06T12:34:05","modified_gmt":"2019-02-06T09:34:05","slug":"ozb%c9%99kistan-prezidenti-az%c9%99rbaycana-s%c9%99f%c9%99r-ed%c9%99c%c9%99k","status":"publish","type":"post","link":"https:\/\/arantv.az\/?p=37094","title":{"rendered":"\u00d6zb\u0259kistan prezidenti Az\u0259rbaycana s\u0259f\u0259r ed\u0259c\u0259k"},"content":{"rendered":"<p><strong>\u00d6zb\u0259kistan prezidenti \u015eavkat Mirziyoyev Az\u0259rbaycana s\u0259f\u0259r ed\u0259c\u0259k.<\/strong><\/p>\n<p><strong>ARANTV.AZ<\/strong> x\u0259b\u0259r verir ki, bu bar\u0259d\u0259\u00a0<a href=\"https:\/\/az.trend.az\/\" target=\"_blank\" rel=\"noopener\">Trend<\/a>\u00a0\u00d6zb\u0259kistan\u0131n &#8220;UPL 24&#8221; informasiya sayt\u0131na istinad\u0259n m\u0259lumat verir.<\/p>\n<p>S\u0259f\u0259rin d\u0259qiq tarixi a\u00e7\u0131qlanmasa da, yax\u0131n vaxtlarda ba\u015f tutaca\u011f\u0131 bildirilir.<\/p>\n<p>Qeyd olunur ki, qar\u015f\u0131dak\u0131 s\u0259f\u0259r haqq\u0131nda m\u0259lumat\u0131 bu \u00f6lk\u0259d\u0259 s\u0259f\u0259rd\u0259 olan Az\u0259rbaycan iqtisadiyyat naziri \u015eahin Mustafayev d\u0259 t\u0259sdiq edib. \u015e.Mustafayevin s\u0259f\u0259rl\u0259 ba\u011fl\u0131 m\u0259s\u0259l\u0259l\u0259ri \u00d6zb\u0259kistan Ba\u015f nazirinin m\u00fcavini Elyor Qaniyevl\u0259 m\u00fczakir\u0259 etdiyi deyilir.<\/p>\n<p>G\u00f6r\u00fc\u015fd\u0259 E.Qaniyeb deyib ki, \u00d6zb\u0259kistan t\u0259r\u0259fi Az\u0259rbaycanla iqtisadi m\u00fcnasib\u0259tl\u0259rin daha da yax\u015f\u0131la\u015faca\u011f\u0131na \u00fcmid edir.<\/p>\n","protected":false},"excerpt":{"rendered":"<p>\u00d6zb\u0259kistan prezidenti \u015eavkat Mirziyoyev Az\u0259rbaycana s\u0259f\u0259r ed\u0259c\u0259k. ARANTV.AZ x\u0259b\u0259r verir ki, bu bar\u0259d\u0259\u00a0Trend\u00a0\u00d6zb\u0259kistan\u0131n &#8220;UPL 24&#8221; informasiya sayt\u0131na istinad\u0259n m\u0259lumat verir. S\u0259f\u0259rin d\u0259qiq tarixi a\u00e7\u0131qlanmasa da, yax\u0131n vaxtlarda ba\u015f tutaca\u011f\u0131 bildirilir. Qeyd olunur ki, qar\u015f\u0131dak\u0131 s\u0259f\u0259r haqq\u0131nda m\u0259lumat\u0131 bu \u00f6lk\u0259d\u0259 s\u0259f\u0259rd\u0259 olan Az\u0259rbaycan iqtisadiyyat naziri \u015eahin Mustafayev d\u0259 t\u0259sdiq edib. \u015e.Mustafayevin s\u0259f\u0259rl\u0259 ba\u011fl\u0131 m\u0259s\u0259l\u0259l\u0259ri \u00d6zb\u0259kistan Ba\u015f nazirinin m\u00fcavini Elyor Qaniyevl\u0259 m\u00fczakir\u0259 etdiyi deyilir. G\u00f6r\u00fc\u015fd\u0259 E.Qaniyeb deyib ki, \u00d6zb\u0259kistan t\u0259r\u0259fi Az\u0259rbaycanla iqtisadi m\u00fcnasib\u0259tl\u0259rin daha da yax\u015f\u0131la\u015faca\u011f\u0131na \u00fcmid edir.<\/p>\n","protected":false},"author":2,"featured_media":37095,"comment_status":"closed","ping_status":"closed","sticky":false,"template":"","format":"standard","meta":{"om_disable_all_campaigns":false,"_monsterinsights_skip_tracking":false,"_monsterinsights_sitenote_active":false,"_monsterinsights_sitenote_note":"","_monsterinsights_sitenote_category":0},"categories":[4],"tags":[],"aioseo_notices":[],"gutentor_comment":0,"rttpg_featured_image_url":{"full":["https:\/\/arantv.az\/wp-content\/uploads\/2019\/02\/728102.jpg",600,450,false],"landscape":["https:\/\/arantv.az\/wp-content\/uploads\/2019\/02\/728102.jpg",600,450,false],"portraits":["https:\/\/arantv.az\/wp-content\/uploads\/2019\/02\/728102.jpg",600,450,false],"thumbnail":["https:\/\/arantv.az\/wp-content\/uploads\/2019\/02\/728102-150x150.jpg",150,150,true],"medium":["https:\/\/arantv.az\/wp-content\/uploads\/2019\/02\/728102-300x225.jpg",300,225,true],"large":["https:\/\/arantv.az\/wp-content\/uploads\/2019\/02\/728102.jpg",600,450,false],"1536x1536":["https:\/\/arantv.az\/wp-content\/uploads\/2019\/02\/728102.jpg",600,450,false],"2048x2048":["https:\/\/arantv.az\/wp-content\/uploads\/2019\/02\/728102.jpg",600,450,false],"post-thumbnail":["https:\/\/arantv.az\/wp-content\/uploads\/2019\/02\/728102-240x172.jpg",240,172,true],"advps-thumb-one":["https:\/\/arantv.az\/wp-content\/uploads\/2019\/02\/728102.jpg",600,450,false]},"rttpg_author":{"display_name":"V\u00fcsal Rafiqo\u011flu","author_link":"https:\/\/arantv.az\/?author=2"},"rttpg_comment":0,"rttpg_category":"<a href=\"https:\/\/arantv.az\/?cat=4\" rel=\"category\">Siyas\u0259t<\/a>","rttpg_excerpt":"\u00d6zb\u0259kistan prezidenti \u015eavkat Mirziyoyev Az\u0259rbaycana s\u0259f\u0259r ed\u0259c\u0259k. ARANTV.AZ x\u0259b\u0259r verir ki, bu bar\u0259d\u0259\u00a0Trend\u00a0\u00d6zb\u0259kistan\u0131n &#8220;UPL 24&#8221; informasiya sayt\u0131na istinad\u0259n m\u0259lumat verir. S\u0259f\u0259rin d\u0259qiq tarixi a\u00e7\u0131qlanmasa da, yax\u0131n vaxtlarda ba\u015f tutaca\u011f\u0131 bildirilir. Qeyd olunur ki, qar\u015f\u0131dak\u0131 s\u0259f\u0259r haqq\u0131nda m\u0259lumat\u0131 bu \u00f6lk\u0259d\u0259 s\u0259f\u0259rd\u0259 olan Az\u0259rbaycan iqtisadiyyat naziri \u015eahin Mustafayev d\u0259 t\u0259sdiq edib. \u015e.Mustafayevin s\u0259f\u0259rl\u0259 ba\u011fl\u0131 m\u0259s\u0259l\u0259l\u0259ri \u00d6zb\u0259kistan Ba\u015f&hellip;","_links":{"self":[{"href":"https:\/\/arantv.az\/index.php?rest_route=\/wp\/v2\/posts\/37094"}],"collection":[{"href":"https:\/\/arantv.az\/index.php?rest_route=\/wp\/v2\/posts"}],"about":[{"href":"https:\/\/arantv.az\/index.php?rest_route=\/wp\/v2\/types\/post"}],"author":[{"embeddable":true,"href":"https:\/\/arantv.az\/index.php?rest_route=\/wp\/v2\/users\/2"}],"replies":[{"embeddable":true,"href":"https:\/\/arantv.az\/index.php?rest_route=%2Fwp%2Fv2%2Fcomments&post=37094"}],"version-history":[{"count":0,"href":"https:\/\/arantv.az\/index.php?rest_route=\/wp\/v2\/posts\/37094\/revisions"}],"wp:featuredmedia":[{"embeddable":true,"href":"https:\/\/arantv.az\/index.php?rest_route=\/wp\/v2\/media\/37095"}],"wp:attachment":[{"href":"https:\/\/arantv.az\/index.php?rest_route=%2Fwp%2Fv2%2Fmedia&parent=37094"}],"wp:term":[{"taxonomy":"category","embeddable":true,"href":"https:\/\/arantv.az\/index.php?rest_route=%2Fwp%2Fv2%2Fcategories&post=37094"},{"taxonomy":"post_tag","embeddable":true,"href":"https:\/\/arantv.az\/index.php?rest_route=%2Fwp%2Fv2%2Ftags&post=37094"}],"curies":[{"name":"wp","href":"https:\/\/api.w.org\/{rel}","templated":true}]}}