{"id":37126,"date":"2019-02-06T13:31:24","date_gmt":"2019-02-06T10:31:24","guid":{"rendered":"http:\/\/arantv.az\/?p=37126"},"modified":"2019-02-06T13:31:24","modified_gmt":"2019-02-06T10:31:24","slug":"%c9%99li-%c9%99hm%c9%99dov-az%c9%99rbaycana-l%c9%99k%c9%99-yaxmaq-ist%c9%99y%c9%99nl%c9%99r-vicdanlarini-itirmis-unsurl%c9%99rdir","status":"publish","type":"post","link":"https:\/\/arantv.az\/?p=37126","title":{"rendered":"\u018fli \u018fhm\u0259dov: &#8220;Az\u0259rbaycana l\u0259k\u0259 yaxmaq ist\u0259y\u0259nl\u0259r vicdanlar\u0131n\u0131 itirmi\u015f \u00fcns\u00fcrl\u0259rdir&#8221;"},"content":{"rendered":"<div class=\"spot\">\u201cQarag\u00fcruh\u00e7u m\u00fcxalif\u0259t v\u0259 bu g\u00fcn Avropada antiaz\u0259rbaycan\u00e7\u0131 \u015f\u0259b\u0259k\u0259nin buyruq quluna \u00e7evrilmi\u015f sap\u0131 \u00f6z\u00fcm\u00fczd\u0259n olan baltalar sosial \u015f\u0259b\u0259k\u0259l\u0259rin imkanlar\u0131ndan sui-istifad\u0259 ed\u0259r\u0259k Az\u0259rbaycan\u0131n m\u00f6vcud reall\u0131qlar\u0131n\u0131 t\u0259hrif edirl\u0259r. Amma bunun da bir fayda verm\u0259diyini g\u00f6r\u00fcrl\u0259r. \u00c7\u00fcnki ne\u00e7\u0259 ildir yalan, b\u00f6htan atmaqla insanlar\u0131n d\u00fc\u015f\u00fcnc\u0259l\u0259rini z\u0259h\u0259rl\u0259m\u0259k niyy\u0259tl\u0259rinin ba\u015f tutmad\u0131\u011f\u0131n\u0131 anlay\u0131rlar\u201d.<\/div>\n<p><strong>ARANTV.AZ-<\/strong>\u0131n x\u0259b\u0259rin\u0259 g\u00f6r\u0259, bunu Ba\u015f nazirin m\u00fcavini, hakim Yeni Az\u0259rbaycan Partiyas\u0131 (YAP) \u0130cra katibi &#8211; s\u0259dr m\u00fcavini \u018fli \u018fhm\u0259dov deyib.<\/p>\n<p>O qeyd edib ki, h\u0259min \u015f\u0259xsl\u0259r m\u0259n\u0259viyyats\u0131z add\u0131mlara \u0259l at\u0131r, insanlara qar\u015f\u0131 m\u0259n\u0259vi terror h\u0259yata ke\u00e7irirl\u0259r: \u201cL\u0259yaq\u0259t v\u0259 etika anlay\u0131\u015f\u0131 il\u0259 bir araya s\u0131\u011fmayan ifad\u0259l\u0259r i\u015fl\u0259d\u0259r\u0259k ayr\u0131-ayr\u0131 insanlar\u0131 m\u0259n\u0259vi terrora m\u0259ruz qoymaqdan ibar\u0259t bir yol se\u00e7ibl\u0259r. L\u0259yaq\u0259tli insanlara, Az\u0259rbaycan d\u00f6vl\u0259tin\u0259 v\u0259 onun ba\u015f\u00e7\u0131s\u0131na qar\u015f\u0131 m\u0259n\u0259viyyats\u0131z h\u0259r\u0259k\u0259t edirl\u0259r. Az\u0259rbaycana l\u0259k\u0259 yaxmaq ist\u0259y\u0259nl\u0259r, \u00f6lk\u0259 r\u0259hb\u0259rin\u0259 b\u00f6htan atanlar \u0259slind\u0259 vicdanlar\u0131n\u0131 itirmi\u015f \u00fcns\u00fcrl\u0259rdir. Bununla da onlar \u00f6lk\u0259 \u00fc\u00e7\u00fcn \u0259slind\u0259 qara l\u0259k\u0259y\u0259 \u00e7evrilibl\u0259r. Lakin bu c\u00fcr l\u0259yaq\u0259tsiz h\u0259r\u0259k\u0259tl\u0259r insanlar\u0131n d\u00fc\u015f\u00fcnc\u0259sin\u0259 t\u0259sir etm\u0259k g\u00fcc\u00fcn\u0259 malik deyil. \u00c7\u00fcnki onlar\u0131n bel\u0259 \u0259m\u0259ll\u0259ri sa\u011flam d\u00fc\u015f\u00fcnc\u0259li h\u0259r k\u0259si q\u0131c\u0131qland\u0131r\u0131r, q\u0259z\u0259bl\u0259ndirir.<\/p>\n<div id=\"AdributorNativeVideo0\" class=\"AdributorNativeVideo\"><\/div>\n<p>\u018f.\u018fhm\u0259dov vur\u011fulay\u0131b ki, bu t\u0259hqirl\u0259r\u0259 v\u0259 m\u0259n\u0259vi terrora bundan sonra da d\u00f6zm\u0259k qeyri-m\u00fcmk\u00fcnd\u00fcr: \u201cHesab edir\u0259m ki, h\u00fcquq\u015f\u00fcnaslar, informasiya texnologiyalar\u0131 sah\u0259sind\u0259 m\u00fct\u0259x\u0259ssisl\u0259r bu hallar\u0131n qar\u015f\u0131s\u0131n\u0131n al\u0131nmas\u0131 \u00fc\u00e7\u00fcn d\u00fc\u015f\u00fcn\u0259c\u0259kl\u0259r v\u0259 bel\u0259 \u0259m\u0259ll\u0259rin t\u0259krarlanmamas\u0131 \u00fc\u00e7\u00fcn bir yol tap\u0131lacaq\u201d.<\/p>\n<p><em>\u00d6lk\u0259.Az<\/em><\/p>\n","protected":false},"excerpt":{"rendered":"<p>\u201cQarag\u00fcruh\u00e7u m\u00fcxalif\u0259t v\u0259 bu g\u00fcn Avropada antiaz\u0259rbaycan\u00e7\u0131 \u015f\u0259b\u0259k\u0259nin buyruq quluna \u00e7evrilmi\u015f sap\u0131 \u00f6z\u00fcm\u00fczd\u0259n olan baltalar sosial \u015f\u0259b\u0259k\u0259l\u0259rin imkanlar\u0131ndan sui-istifad\u0259 ed\u0259r\u0259k Az\u0259rbaycan\u0131n m\u00f6vcud reall\u0131qlar\u0131n\u0131 t\u0259hrif edirl\u0259r. Amma bunun da bir fayda verm\u0259diyini g\u00f6r\u00fcrl\u0259r. \u00c7\u00fcnki ne\u00e7\u0259 ildir yalan, b\u00f6htan atmaqla insanlar\u0131n d\u00fc\u015f\u00fcnc\u0259l\u0259rini z\u0259h\u0259rl\u0259m\u0259k niyy\u0259tl\u0259rinin ba\u015f tutmad\u0131\u011f\u0131n\u0131 anlay\u0131rlar\u201d. ARANTV.AZ-\u0131n x\u0259b\u0259rin\u0259 g\u00f6r\u0259, bunu Ba\u015f nazirin m\u00fcavini, hakim Yeni Az\u0259rbaycan Partiyas\u0131 (YAP) \u0130cra katibi &#8211; s\u0259dr m\u00fcavini \u018fli \u018fhm\u0259dov deyib. O qeyd edib ki, h\u0259min \u015f\u0259xsl\u0259r m\u0259n\u0259viyyats\u0131z add\u0131mlara \u0259l at\u0131r, insanlara qar\u015f\u0131 m\u0259n\u0259vi terror h\u0259yata ke\u00e7irirl\u0259r: \u201cL\u0259yaq\u0259t v\u0259 etika anlay\u0131\u015f\u0131 il\u0259 bir araya s\u0131\u011fmayan ifad\u0259l\u0259r&hellip;<\/p>\n","protected":false},"author":2,"featured_media":37127,"comment_status":"closed","ping_status":"closed","sticky":false,"template":"","format":"standard","meta":{"om_disable_all_campaigns":false,"_monsterinsights_skip_tracking":false,"_monsterinsights_sitenote_active":false,"_monsterinsights_sitenote_note":"","_monsterinsights_sitenote_category":0},"categories":[4],"tags":[],"aioseo_notices":[],"gutentor_comment":0,"rttpg_featured_image_url":{"full":["https:\/\/arantv.az\/wp-content\/uploads\/2019\/02\/eliehmedov.jpg",620,375,false],"landscape":["https:\/\/arantv.az\/wp-content\/uploads\/2019\/02\/eliehmedov.jpg",620,375,false],"portraits":["https:\/\/arantv.az\/wp-content\/uploads\/2019\/02\/eliehmedov.jpg",620,375,false],"thumbnail":["https:\/\/arantv.az\/wp-content\/uploads\/2019\/02\/eliehmedov-150x150.jpg",150,150,true],"medium":["https:\/\/arantv.az\/wp-content\/uploads\/2019\/02\/eliehmedov-300x181.jpg",300,181,true],"large":["https:\/\/arantv.az\/wp-content\/uploads\/2019\/02\/eliehmedov.jpg",620,375,false],"1536x1536":["https:\/\/arantv.az\/wp-content\/uploads\/2019\/02\/eliehmedov.jpg",620,375,false],"2048x2048":["https:\/\/arantv.az\/wp-content\/uploads\/2019\/02\/eliehmedov.jpg",620,375,false],"post-thumbnail":["https:\/\/arantv.az\/wp-content\/uploads\/2019\/02\/eliehmedov-240x172.jpg",240,172,true],"advps-thumb-one":["https:\/\/arantv.az\/wp-content\/uploads\/2019\/02\/eliehmedov.jpg",620,375,false]},"rttpg_author":{"display_name":"V\u00fcsal Rafiqo\u011flu","author_link":"https:\/\/arantv.az\/?author=2"},"rttpg_comment":0,"rttpg_category":"<a href=\"https:\/\/arantv.az\/?cat=4\" rel=\"category\">Siyas\u0259t<\/a>","rttpg_excerpt":"\u201cQarag\u00fcruh\u00e7u m\u00fcxalif\u0259t v\u0259 bu g\u00fcn Avropada antiaz\u0259rbaycan\u00e7\u0131 \u015f\u0259b\u0259k\u0259nin buyruq quluna \u00e7evrilmi\u015f sap\u0131 \u00f6z\u00fcm\u00fczd\u0259n olan baltalar sosial \u015f\u0259b\u0259k\u0259l\u0259rin imkanlar\u0131ndan sui-istifad\u0259 ed\u0259r\u0259k Az\u0259rbaycan\u0131n m\u00f6vcud reall\u0131qlar\u0131n\u0131 t\u0259hrif edirl\u0259r. Amma bunun da bir fayda verm\u0259diyini g\u00f6r\u00fcrl\u0259r. \u00c7\u00fcnki ne\u00e7\u0259 ildir yalan, b\u00f6htan atmaqla insanlar\u0131n d\u00fc\u015f\u00fcnc\u0259l\u0259rini z\u0259h\u0259rl\u0259m\u0259k niyy\u0259tl\u0259rinin ba\u015f tutmad\u0131\u011f\u0131n\u0131 anlay\u0131rlar\u201d. ARANTV.AZ-\u0131n x\u0259b\u0259rin\u0259 g\u00f6r\u0259, bunu Ba\u015f nazirin m\u00fcavini, hakim Yeni Az\u0259rbaycan&hellip;","_links":{"self":[{"href":"https:\/\/arantv.az\/index.php?rest_route=\/wp\/v2\/posts\/37126"}],"collection":[{"href":"https:\/\/arantv.az\/index.php?rest_route=\/wp\/v2\/posts"}],"about":[{"href":"https:\/\/arantv.az\/index.php?rest_route=\/wp\/v2\/types\/post"}],"author":[{"embeddable":true,"href":"https:\/\/arantv.az\/index.php?rest_route=\/wp\/v2\/users\/2"}],"replies":[{"embeddable":true,"href":"https:\/\/arantv.az\/index.php?rest_route=%2Fwp%2Fv2%2Fcomments&post=37126"}],"version-history":[{"count":0,"href":"https:\/\/arantv.az\/index.php?rest_route=\/wp\/v2\/posts\/37126\/revisions"}],"wp:featuredmedia":[{"embeddable":true,"href":"https:\/\/arantv.az\/index.php?rest_route=\/wp\/v2\/media\/37127"}],"wp:attachment":[{"href":"https:\/\/arantv.az\/index.php?rest_route=%2Fwp%2Fv2%2Fmedia&parent=37126"}],"wp:term":[{"taxonomy":"category","embeddable":true,"href":"https:\/\/arantv.az\/index.php?rest_route=%2Fwp%2Fv2%2Fcategories&post=37126"},{"taxonomy":"post_tag","embeddable":true,"href":"https:\/\/arantv.az\/index.php?rest_route=%2Fwp%2Fv2%2Ftags&post=37126"}],"curies":[{"name":"wp","href":"https:\/\/api.w.org\/{rel}","templated":true}]}}