{"id":37130,"date":"2019-02-06T14:44:50","date_gmt":"2019-02-06T11:44:50","guid":{"rendered":"http:\/\/arantv.az\/?p=37130"},"modified":"2019-02-06T14:44:50","modified_gmt":"2019-02-06T11:44:50","slug":"samaxinin-bas-memari-b%c9%99zi-evl%c9%99rd%c9%99-yasayis-mumkunsuzdur","status":"publish","type":"post","link":"https:\/\/arantv.az\/?p=37130","title":{"rendered":"\u015eamax\u0131n\u0131n ba\u015f memar\u0131: B\u0259zi evl\u0259rd\u0259 ya\u015fay\u0131\u015f m\u00fcmk\u00fcns\u00fczd\u00fcr"},"content":{"rendered":"<p>\u015eamax\u0131da z\u0259lz\u0259l\u0259 n\u0259tic\u0259sind\u0259 42 evd\u0259\u00a0ya\u015fay\u0131\u015f m\u00fcmk\u00fcns\u00fczd\u00fcr. H\u0259min evl\u0259rd\u0259 ya\u015fay\u0131\u015f qada\u011fan olunmal\u0131d\u0131r.<\/p>\n<p><strong>ARANTV.AZ<\/strong>\u00a0x\u0259b\u0259r verir ki, bunu jurnalistl\u0259r\u0259 a\u00e7\u0131qlamas\u0131nda \u015eamax\u0131 Rayon \u0130cra Hakimiyy\u0259tinin ba\u015f memar\u0131 R\u00fcst\u0259m \u018fliyev deyib.<\/p>\n<p>Onun s\u00f6zl\u0259rin\u0259 g\u00f6r\u0259, haz\u0131rda evl\u0259ri yarars\u0131z hala d\u00fc\u015fm\u00fc\u015f\u00a0sakinl\u0259rin\u00a0s\u0131\u011f\u0131nacaqla t\u0259min olunmas\u0131 m\u0259s\u0259l\u0259si ara\u015fd\u0131r\u0131l\u0131r. \u015e\u0259h\u0259rd\u0259 25, k\u0259ndl\u0259rd\u0259 17 ev\u0259 m\u00fcxt\u0259lif d\u0259r\u0259c\u0259li ziyan d\u0259yib.<\/p>\n<div id=\"AdributorNativeVideo0\" class=\"AdributorNativeVideo\"><\/div>\n<p>Ba\u015f memar onu da vur\u011fulay\u0131b ki, \u015f\u0259h\u0259rd\u0259 qaz t\u0259minat\u0131n\u0131n g\u00fcn\u00fcn sonuna q\u0259d\u0259r b\u0259rpa olmas\u0131 g\u00f6zl\u0259nilir.oxu.az<\/p>\n","protected":false},"excerpt":{"rendered":"<p>\u015eamax\u0131da z\u0259lz\u0259l\u0259 n\u0259tic\u0259sind\u0259 42 evd\u0259\u00a0ya\u015fay\u0131\u015f m\u00fcmk\u00fcns\u00fczd\u00fcr. H\u0259min evl\u0259rd\u0259 ya\u015fay\u0131\u015f qada\u011fan olunmal\u0131d\u0131r. ARANTV.AZ\u00a0x\u0259b\u0259r verir ki, bunu jurnalistl\u0259r\u0259 a\u00e7\u0131qlamas\u0131nda \u015eamax\u0131 Rayon \u0130cra Hakimiyy\u0259tinin ba\u015f memar\u0131 R\u00fcst\u0259m \u018fliyev deyib. Onun s\u00f6zl\u0259rin\u0259 g\u00f6r\u0259, haz\u0131rda evl\u0259ri yarars\u0131z hala d\u00fc\u015fm\u00fc\u015f\u00a0sakinl\u0259rin\u00a0s\u0131\u011f\u0131nacaqla t\u0259min olunmas\u0131 m\u0259s\u0259l\u0259si ara\u015fd\u0131r\u0131l\u0131r. \u015e\u0259h\u0259rd\u0259 25, k\u0259ndl\u0259rd\u0259 17 ev\u0259 m\u00fcxt\u0259lif d\u0259r\u0259c\u0259li ziyan d\u0259yib. Ba\u015f memar onu da vur\u011fulay\u0131b ki, \u015f\u0259h\u0259rd\u0259 qaz t\u0259minat\u0131n\u0131n g\u00fcn\u00fcn sonuna q\u0259d\u0259r b\u0259rpa olmas\u0131 g\u00f6zl\u0259nilir.oxu.az<\/p>\n","protected":false},"author":2,"featured_media":37131,"comment_status":"closed","ping_status":"closed","sticky":false,"template":"","format":"standard","meta":{"om_disable_all_campaigns":false,"_monsterinsights_skip_tracking":false,"_monsterinsights_sitenote_active":false,"_monsterinsights_sitenote_note":"","_monsterinsights_sitenote_category":0},"categories":[1],"tags":[],"aioseo_notices":[],"gutentor_comment":0,"rttpg_featured_image_url":{"full":["https:\/\/arantv.az\/wp-content\/uploads\/2019\/02\/727969.jpg",620,463,false],"landscape":["https:\/\/arantv.az\/wp-content\/uploads\/2019\/02\/727969.jpg",620,463,false],"portraits":["https:\/\/arantv.az\/wp-content\/uploads\/2019\/02\/727969.jpg",620,463,false],"thumbnail":["https:\/\/arantv.az\/wp-content\/uploads\/2019\/02\/727969-150x150.jpg",150,150,true],"medium":["https:\/\/arantv.az\/wp-content\/uploads\/2019\/02\/727969-300x224.jpg",300,224,true],"large":["https:\/\/arantv.az\/wp-content\/uploads\/2019\/02\/727969.jpg",620,463,false],"1536x1536":["https:\/\/arantv.az\/wp-content\/uploads\/2019\/02\/727969.jpg",620,463,false],"2048x2048":["https:\/\/arantv.az\/wp-content\/uploads\/2019\/02\/727969.jpg",620,463,false],"post-thumbnail":["https:\/\/arantv.az\/wp-content\/uploads\/2019\/02\/727969-240x172.jpg",240,172,true],"advps-thumb-one":["https:\/\/arantv.az\/wp-content\/uploads\/2019\/02\/727969.jpg",620,463,false]},"rttpg_author":{"display_name":"V\u00fcsal Rafiqo\u011flu","author_link":"https:\/\/arantv.az\/?author=2"},"rttpg_comment":0,"rttpg_category":"<a href=\"https:\/\/arantv.az\/?cat=1\" rel=\"category\">C\u0259miyy\u0259t<\/a>","rttpg_excerpt":"\u015eamax\u0131da z\u0259lz\u0259l\u0259 n\u0259tic\u0259sind\u0259 42 evd\u0259\u00a0ya\u015fay\u0131\u015f m\u00fcmk\u00fcns\u00fczd\u00fcr. H\u0259min evl\u0259rd\u0259 ya\u015fay\u0131\u015f qada\u011fan olunmal\u0131d\u0131r. ARANTV.AZ\u00a0x\u0259b\u0259r verir ki, bunu jurnalistl\u0259r\u0259 a\u00e7\u0131qlamas\u0131nda \u015eamax\u0131 Rayon \u0130cra Hakimiyy\u0259tinin ba\u015f memar\u0131 R\u00fcst\u0259m \u018fliyev deyib. Onun s\u00f6zl\u0259rin\u0259 g\u00f6r\u0259, haz\u0131rda evl\u0259ri yarars\u0131z hala d\u00fc\u015fm\u00fc\u015f\u00a0sakinl\u0259rin\u00a0s\u0131\u011f\u0131nacaqla t\u0259min olunmas\u0131 m\u0259s\u0259l\u0259si ara\u015fd\u0131r\u0131l\u0131r. \u015e\u0259h\u0259rd\u0259 25, k\u0259ndl\u0259rd\u0259 17 ev\u0259 m\u00fcxt\u0259lif d\u0259r\u0259c\u0259li ziyan d\u0259yib. Ba\u015f memar onu da vur\u011fulay\u0131b ki, \u015f\u0259h\u0259rd\u0259 qaz&hellip;","_links":{"self":[{"href":"https:\/\/arantv.az\/index.php?rest_route=\/wp\/v2\/posts\/37130"}],"collection":[{"href":"https:\/\/arantv.az\/index.php?rest_route=\/wp\/v2\/posts"}],"about":[{"href":"https:\/\/arantv.az\/index.php?rest_route=\/wp\/v2\/types\/post"}],"author":[{"embeddable":true,"href":"https:\/\/arantv.az\/index.php?rest_route=\/wp\/v2\/users\/2"}],"replies":[{"embeddable":true,"href":"https:\/\/arantv.az\/index.php?rest_route=%2Fwp%2Fv2%2Fcomments&post=37130"}],"version-history":[{"count":0,"href":"https:\/\/arantv.az\/index.php?rest_route=\/wp\/v2\/posts\/37130\/revisions"}],"wp:featuredmedia":[{"embeddable":true,"href":"https:\/\/arantv.az\/index.php?rest_route=\/wp\/v2\/media\/37131"}],"wp:attachment":[{"href":"https:\/\/arantv.az\/index.php?rest_route=%2Fwp%2Fv2%2Fmedia&parent=37130"}],"wp:term":[{"taxonomy":"category","embeddable":true,"href":"https:\/\/arantv.az\/index.php?rest_route=%2Fwp%2Fv2%2Fcategories&post=37130"},{"taxonomy":"post_tag","embeddable":true,"href":"https:\/\/arantv.az\/index.php?rest_route=%2Fwp%2Fv2%2Ftags&post=37130"}],"curies":[{"name":"wp","href":"https:\/\/api.w.org\/{rel}","templated":true}]}}