{"id":37133,"date":"2019-02-06T14:46:16","date_gmt":"2019-02-06T11:46:16","guid":{"rendered":"http:\/\/arantv.az\/?p=37133"},"modified":"2019-02-06T14:46:16","modified_gmt":"2019-02-06T11:46:16","slug":"heyd%c9%99r-%c9%99liyev-fondunun-numay%c9%99nd%c9%99l%c9%99ri-z%c9%99lz%c9%99l%c9%99-bolg%c9%99sind%c9%99-sakinl%c9%99rl%c9%99-gorusudu-foto","status":"publish","type":"post","link":"https:\/\/arantv.az\/?p=37133","title":{"rendered":"Heyd\u0259r \u018fliyev Fondunun n\u00fcmay\u0259nd\u0259l\u0259ri z\u0259lz\u0259l\u0259 b\u00f6lg\u0259sind\u0259 sakinl\u0259rl\u0259 g\u00f6r\u00fc\u015f\u00fcd\u00fc &#8211; FOTO"},"content":{"rendered":"<p>Heyd\u0259r \u018fliyev Fondunun \u201cRegional \u0130nki\u015faf\u201d \u0130ctimai Birliyinin (R\u0130\u0130B) n\u00fcmay\u0259nd\u0259l\u0259ri v\u0259 k\u00f6n\u00fcll\u00fcl\u0259ri \u00f6t\u0259n gec\u0259 z\u0259lz\u0259l\u0259 olan b\u00f6lg\u0259l\u0259rd\u0259 da\u011f\u0131nt\u0131lar qeyd\u0259 al\u0131nan yerl\u0259rd\u0259 sakinl\u0259rl\u0259 g\u00f6r\u00fc\u015f\u00fcb.<\/p>\n<p>Bu bar\u0259d\u0259 \u0130ctimai Birlikd\u0259n m\u0259lumat verilib.<\/p>\n<p>Fondun prezidenti Mehriban \u018fliyevan\u0131n tap\u015f\u0131r\u0131\u011f\u0131na \u0259sas\u0259n h\u0259r bir sakinin evind\u0259 olan R\u0130\u0130B n\u00fcmay\u0259nd\u0259l\u0259ri m\u00f6vcud v\u0259ziyy\u0259t bar\u0259d\u0259 m\u0259lumatlar toplay\u0131r v\u0259 onlar\u0131n h\u0259lli \u00fczr\u0259 m\u00fcvafiq icra strukturlar\u0131 il\u0259 birg\u0259 i\u015fl\u0259r apar\u0131r.<\/p>\n<div id=\"AdributorNativeVideo0\" class=\"AdributorNativeVideo\"><\/div>\n<p><ins><\/ins><\/p>\n<div id=\"beacon_25d1427464\"><img loading=\"lazy\" src=\"https:\/\/ads2.newmedia.az\/www\/delivery\/lg.php?bannerid=0&amp;campaignid=0&amp;zoneid=975&amp;loc=https%3A%2F%2Fbig.az%2F343572-heyder_eliyev_fondunun_numayendeleri_zelzele_bolgesinde_sakinlerle_gorusudu_-_foto.html&amp;referer=https%3A%2F%2Fbig.az%2F&amp;cb=25d1427464\" alt=\"\" width=\"0\" height=\"0\" \/><\/div>\n<p>Sakinl\u0259rin h\u0259r birinin z\u0259lz\u0259l\u0259d\u0259n sonrak\u0131 probleml\u0259rinin q\u0131sa m\u00fcdd\u0259t \u0259rzind\u0259 h\u0259ll edil\u0259c\u0259yi bildirilib.<br \/>\n<img class=\"imgbcodecent\" src=\"https:\/\/upload.az\/foto\/arxiv\/1_71549452365.jpg\" alt=\"Heyd\u0259r \u018fliyev Fondunun n\u00fcmay\u0259nd\u0259l\u0259ri z\u0259lz\u0259l\u0259 b\u00f6lg\u0259sind\u0259 sakinl\u0259rl\u0259 g\u00f6r\u00fc\u015f\u00fcd\u00fc - FOTO\" \/><br \/>\n<img class=\"imgbcodecent\" src=\"https:\/\/upload.az\/foto\/arxiv\/2_81549452365.jpg\" alt=\"Heyd\u0259r \u018fliyev Fondunun n\u00fcmay\u0259nd\u0259l\u0259ri z\u0259lz\u0259l\u0259 b\u00f6lg\u0259sind\u0259 sakinl\u0259rl\u0259 g\u00f6r\u00fc\u015f\u00fcd\u00fc - FOTO\" \/><br \/>\n<img class=\"imgbcodecent\" src=\"https:\/\/upload.az\/foto\/arxiv\/3_71549452365.jpg\" alt=\"Heyd\u0259r \u018fliyev Fondunun n\u00fcmay\u0259nd\u0259l\u0259ri z\u0259lz\u0259l\u0259 b\u00f6lg\u0259sind\u0259 sakinl\u0259rl\u0259 g\u00f6r\u00fc\u015f\u00fcd\u00fc - FOTO\" \/><br \/>\n<img class=\"imgbcodecent\" src=\"https:\/\/upload.az\/foto\/arxiv\/4_11549452365.jpg\" alt=\"Heyd\u0259r \u018fliyev Fondunun n\u00fcmay\u0259nd\u0259l\u0259ri z\u0259lz\u0259l\u0259 b\u00f6lg\u0259sind\u0259 sakinl\u0259rl\u0259 g\u00f6r\u00fc\u015f\u00fcd\u00fc - FOTO\" \/><\/p>\n<p>&nbsp;<\/p>\n","protected":false},"excerpt":{"rendered":"<p>Heyd\u0259r \u018fliyev Fondunun \u201cRegional \u0130nki\u015faf\u201d \u0130ctimai Birliyinin (R\u0130\u0130B) n\u00fcmay\u0259nd\u0259l\u0259ri v\u0259 k\u00f6n\u00fcll\u00fcl\u0259ri \u00f6t\u0259n gec\u0259 z\u0259lz\u0259l\u0259 olan b\u00f6lg\u0259l\u0259rd\u0259 da\u011f\u0131nt\u0131lar qeyd\u0259 al\u0131nan yerl\u0259rd\u0259 sakinl\u0259rl\u0259 g\u00f6r\u00fc\u015f\u00fcb. Bu bar\u0259d\u0259 \u0130ctimai Birlikd\u0259n m\u0259lumat verilib. Fondun prezidenti Mehriban \u018fliyevan\u0131n tap\u015f\u0131r\u0131\u011f\u0131na \u0259sas\u0259n h\u0259r bir sakinin evind\u0259 olan R\u0130\u0130B n\u00fcmay\u0259nd\u0259l\u0259ri m\u00f6vcud v\u0259ziyy\u0259t bar\u0259d\u0259 m\u0259lumatlar toplay\u0131r v\u0259 onlar\u0131n h\u0259lli \u00fczr\u0259 m\u00fcvafiq icra strukturlar\u0131 il\u0259 birg\u0259 i\u015fl\u0259r apar\u0131r. Sakinl\u0259rin h\u0259r birinin z\u0259lz\u0259l\u0259d\u0259n sonrak\u0131 probleml\u0259rinin q\u0131sa m\u00fcdd\u0259t \u0259rzind\u0259 h\u0259ll edil\u0259c\u0259yi bildirilib. &nbsp;<\/p>\n","protected":false},"author":2,"featured_media":37134,"comment_status":"closed","ping_status":"closed","sticky":false,"template":"","format":"standard","meta":{"om_disable_all_campaigns":false,"_monsterinsights_skip_tracking":false,"_monsterinsights_sitenote_active":false,"_monsterinsights_sitenote_note":"","_monsterinsights_sitenote_category":0},"categories":[19],"tags":[],"aioseo_notices":[],"gutentor_comment":0,"rttpg_featured_image_url":{"full":["https:\/\/arantv.az\/wp-content\/uploads\/2019\/02\/donuz_qripi_21549452383.jpg",649,365,false],"landscape":["https:\/\/arantv.az\/wp-content\/uploads\/2019\/02\/donuz_qripi_21549452383.jpg",649,365,false],"portraits":["https:\/\/arantv.az\/wp-content\/uploads\/2019\/02\/donuz_qripi_21549452383.jpg",649,365,false],"thumbnail":["https:\/\/arantv.az\/wp-content\/uploads\/2019\/02\/donuz_qripi_21549452383-150x150.jpg",150,150,true],"medium":["https:\/\/arantv.az\/wp-content\/uploads\/2019\/02\/donuz_qripi_21549452383-300x169.jpg",300,169,true],"large":["https:\/\/arantv.az\/wp-content\/uploads\/2019\/02\/donuz_qripi_21549452383.jpg",640,360,false],"1536x1536":["https:\/\/arantv.az\/wp-content\/uploads\/2019\/02\/donuz_qripi_21549452383.jpg",649,365,false],"2048x2048":["https:\/\/arantv.az\/wp-content\/uploads\/2019\/02\/donuz_qripi_21549452383.jpg",649,365,false],"post-thumbnail":["https:\/\/arantv.az\/wp-content\/uploads\/2019\/02\/donuz_qripi_21549452383-240x172.jpg",240,172,true],"advps-thumb-one":["https:\/\/arantv.az\/wp-content\/uploads\/2019\/02\/donuz_qripi_21549452383.jpg",649,365,false]},"rttpg_author":{"display_name":"V\u00fcsal Rafiqo\u011flu","author_link":"https:\/\/arantv.az\/?author=2"},"rttpg_comment":0,"rttpg_category":"<a href=\"https:\/\/arantv.az\/?cat=19\" rel=\"category\">G\u00fcnd\u0259m<\/a>","rttpg_excerpt":"Heyd\u0259r \u018fliyev Fondunun \u201cRegional \u0130nki\u015faf\u201d \u0130ctimai Birliyinin (R\u0130\u0130B) n\u00fcmay\u0259nd\u0259l\u0259ri v\u0259 k\u00f6n\u00fcll\u00fcl\u0259ri \u00f6t\u0259n gec\u0259 z\u0259lz\u0259l\u0259 olan b\u00f6lg\u0259l\u0259rd\u0259 da\u011f\u0131nt\u0131lar qeyd\u0259 al\u0131nan yerl\u0259rd\u0259 sakinl\u0259rl\u0259 g\u00f6r\u00fc\u015f\u00fcb. Bu bar\u0259d\u0259 \u0130ctimai Birlikd\u0259n m\u0259lumat verilib. Fondun prezidenti Mehriban \u018fliyevan\u0131n tap\u015f\u0131r\u0131\u011f\u0131na \u0259sas\u0259n h\u0259r bir sakinin evind\u0259 olan R\u0130\u0130B n\u00fcmay\u0259nd\u0259l\u0259ri m\u00f6vcud v\u0259ziyy\u0259t bar\u0259d\u0259 m\u0259lumatlar toplay\u0131r v\u0259 onlar\u0131n h\u0259lli \u00fczr\u0259 m\u00fcvafiq icra strukturlar\u0131 il\u0259 birg\u0259&hellip;","_links":{"self":[{"href":"https:\/\/arantv.az\/index.php?rest_route=\/wp\/v2\/posts\/37133"}],"collection":[{"href":"https:\/\/arantv.az\/index.php?rest_route=\/wp\/v2\/posts"}],"about":[{"href":"https:\/\/arantv.az\/index.php?rest_route=\/wp\/v2\/types\/post"}],"author":[{"embeddable":true,"href":"https:\/\/arantv.az\/index.php?rest_route=\/wp\/v2\/users\/2"}],"replies":[{"embeddable":true,"href":"https:\/\/arantv.az\/index.php?rest_route=%2Fwp%2Fv2%2Fcomments&post=37133"}],"version-history":[{"count":0,"href":"https:\/\/arantv.az\/index.php?rest_route=\/wp\/v2\/posts\/37133\/revisions"}],"wp:featuredmedia":[{"embeddable":true,"href":"https:\/\/arantv.az\/index.php?rest_route=\/wp\/v2\/media\/37134"}],"wp:attachment":[{"href":"https:\/\/arantv.az\/index.php?rest_route=%2Fwp%2Fv2%2Fmedia&parent=37133"}],"wp:term":[{"taxonomy":"category","embeddable":true,"href":"https:\/\/arantv.az\/index.php?rest_route=%2Fwp%2Fv2%2Fcategories&post=37133"},{"taxonomy":"post_tag","embeddable":true,"href":"https:\/\/arantv.az\/index.php?rest_route=%2Fwp%2Fv2%2Ftags&post=37133"}],"curies":[{"name":"wp","href":"https:\/\/api.w.org\/{rel}","templated":true}]}}