{"id":37137,"date":"2019-02-06T14:47:35","date_gmt":"2019-02-06T11:47:35","guid":{"rendered":"http:\/\/arantv.az\/?p=37137"},"modified":"2019-02-06T14:47:35","modified_gmt":"2019-02-06T11:47:35","slug":"mdb-xarici-isl%c9%99r-nazirl%c9%99ri-surasinin-novb%c9%99ti-iclasi-aprelin-5-d%c9%99-moskvada-keciril%c9%99c%c9%99k","status":"publish","type":"post","link":"https:\/\/arantv.az\/?p=37137","title":{"rendered":"MDB Xarici \u0130\u015fl\u0259r Nazirl\u0259ri \u015euras\u0131n\u0131n n\u00f6vb\u0259ti iclas\u0131 aprelin 5-d\u0259 Moskvada ke\u00e7iril\u0259c\u0259k"},"content":{"rendered":"<p><strong>ARANTV.AZ<\/strong> x\u0259b\u0259r verir ki, Rusiyan\u0131n xarici i\u015fl\u0259r naziri Sergey Lavrov bu g\u00fcn jurnalistl\u0259r\u0259 bildirib ki, MDB Xarici \u0130\u015fl\u0259r Nazirl\u0259ri \u015euras\u0131n\u0131n (X\u0130N\u015e) n\u00f6vb\u0259ti iclas\u0131 aprelin 5-d\u0259 Moskvada ke\u00e7iril\u0259c\u0259k.<\/p>\n<p>RF X\u0130N ba\u015f\u00e7\u0131s\u0131 qar\u015f\u0131dak\u0131 iclas\u0131n T\u00fcrkm\u0259nistan\u0131n s\u0259drliyi il\u0259 ke\u00e7iril\u0259c\u0259yini xat\u0131rladaraq deyib: \u201cBiz MDB X\u0130N\u015e iclas\u0131na haz\u0131rl\u0131q m\u0259s\u0259l\u0259sini m\u00fczakir\u0259 etdik\u201d.<\/p>\n<p>Nazir onu da qeyd edib ki, T\u00fcrkm\u0259nistan Prezidenti Qurbanqulu Berdim\u0259h\u0259mm\u0259dovla g\u00f6r\u00fc\u015fd\u0259 X\u0259z\u0259r \u0259m\u0259kda\u015fl\u0131q m\u0259s\u0259l\u0259l\u0259ri m\u00fczakir\u0259 olunub. X\u0259z\u0259ryan\u0131 d\u00f6vl\u0259tl\u0259rin tarixd\u0259 ilk iqtisadi forumu bu il T\u00fcrkm\u0259nistanda ke\u00e7iril\u0259c\u0259k. Nazir vur\u011fulay\u0131b ki, t\u0259r\u0259fl\u0259r bu t\u0259dbir\u0259 birg\u0259 haz\u0131rla\u015fmaq bar\u0259d\u0259 raz\u0131l\u0131\u011fa g\u0259libl\u0259r.<\/p>\n<p>Qeyd ed\u0259k ki, MDB \u0130craiyy\u0259 Komit\u0259sinin s\u0259dri \u2013 icra\u00e7\u0131 katib Sergey Lebedevin jurnalistl\u0259r\u0259 verdiyi m\u0259lumata g\u00f6r\u0259, MDB X\u0130N\u015e-in Moskvada ke\u00e7iril\u0259c\u0259k iclas\u0131n\u0131n g\u00fcnd\u0259liyinin layih\u0259sin\u0259 fundamental t\u0259dqiqatlar, B\u00f6y\u00fck V\u0259t\u0259n m\u00fcharib\u0259sind\u0259 i\u015ftirak etmi\u015f d\u00f6y\u00fc\u015f\u00e7\u00fcl\u0259rin m\u0259zarlar\u0131n\u0131n v\u0259 onlar\u0131n xatir\u0259sin\u0259 ucald\u0131lm\u0131\u015f abid\u0259l\u0259rin qorunub saxlanmas\u0131 v\u0259 onlara laz\u0131mi qaydada qulluq edilm\u0259si, X\u0130N-l\u0259raras\u0131 \u0259m\u0259kda\u015fl\u0131\u011f\u0131n inki\u015faf etdirilm\u0259si, humanitar sferada v\u0259 cinay\u0259tkarl\u0131\u011fa qar\u015f\u0131 m\u00fcbariz\u0259 sah\u0259sind\u0259 d\u00f6vl\u0259tl\u0259raras\u0131 m\u00fcnasib\u0259tl\u0259rl\u0259 ba\u011fl\u0131 m\u0259s\u0259l\u0259l\u0259r daxil edilib.<\/p>\n","protected":false},"excerpt":{"rendered":"<p>ARANTV.AZ x\u0259b\u0259r verir ki, Rusiyan\u0131n xarici i\u015fl\u0259r naziri Sergey Lavrov bu g\u00fcn jurnalistl\u0259r\u0259 bildirib ki, MDB Xarici \u0130\u015fl\u0259r Nazirl\u0259ri \u015euras\u0131n\u0131n (X\u0130N\u015e) n\u00f6vb\u0259ti iclas\u0131 aprelin 5-d\u0259 Moskvada ke\u00e7iril\u0259c\u0259k. RF X\u0130N ba\u015f\u00e7\u0131s\u0131 qar\u015f\u0131dak\u0131 iclas\u0131n T\u00fcrkm\u0259nistan\u0131n s\u0259drliyi il\u0259 ke\u00e7iril\u0259c\u0259yini xat\u0131rladaraq deyib: \u201cBiz MDB X\u0130N\u015e iclas\u0131na haz\u0131rl\u0131q m\u0259s\u0259l\u0259sini m\u00fczakir\u0259 etdik\u201d. Nazir onu da qeyd edib ki, T\u00fcrkm\u0259nistan Prezidenti Qurbanqulu Berdim\u0259h\u0259mm\u0259dovla g\u00f6r\u00fc\u015fd\u0259 X\u0259z\u0259r \u0259m\u0259kda\u015fl\u0131q m\u0259s\u0259l\u0259l\u0259ri m\u00fczakir\u0259 olunub. X\u0259z\u0259ryan\u0131 d\u00f6vl\u0259tl\u0259rin tarixd\u0259 ilk iqtisadi forumu bu il T\u00fcrkm\u0259nistanda ke\u00e7iril\u0259c\u0259k. Nazir vur\u011fulay\u0131b ki, t\u0259r\u0259fl\u0259r bu t\u0259dbir\u0259 birg\u0259 haz\u0131rla\u015fmaq bar\u0259d\u0259 raz\u0131l\u0131\u011fa g\u0259libl\u0259r. Qeyd ed\u0259k ki, MDB \u0130craiyy\u0259 Komit\u0259sinin s\u0259dri&hellip;<\/p>\n","protected":false},"author":2,"featured_media":37138,"comment_status":"closed","ping_status":"closed","sticky":false,"template":"","format":"standard","meta":{"om_disable_all_campaigns":false,"_monsterinsights_skip_tracking":false,"_monsterinsights_sitenote_active":false,"_monsterinsights_sitenote_note":"","_monsterinsights_sitenote_category":0},"categories":[4],"tags":[],"aioseo_notices":[],"gutentor_comment":0,"rttpg_featured_image_url":{"full":["https:\/\/arantv.az\/wp-content\/uploads\/2019\/02\/aje9fkg367cl06i6qmqp9daej4mdb.jpg",1000,562,false],"landscape":["https:\/\/arantv.az\/wp-content\/uploads\/2019\/02\/aje9fkg367cl06i6qmqp9daej4mdb.jpg",1000,562,false],"portraits":["https:\/\/arantv.az\/wp-content\/uploads\/2019\/02\/aje9fkg367cl06i6qmqp9daej4mdb.jpg",1000,562,false],"thumbnail":["https:\/\/arantv.az\/wp-content\/uploads\/2019\/02\/aje9fkg367cl06i6qmqp9daej4mdb-150x150.jpg",150,150,true],"medium":["https:\/\/arantv.az\/wp-content\/uploads\/2019\/02\/aje9fkg367cl06i6qmqp9daej4mdb-300x169.jpg",300,169,true],"large":["https:\/\/arantv.az\/wp-content\/uploads\/2019\/02\/aje9fkg367cl06i6qmqp9daej4mdb.jpg",640,360,false],"1536x1536":["https:\/\/arantv.az\/wp-content\/uploads\/2019\/02\/aje9fkg367cl06i6qmqp9daej4mdb.jpg",1000,562,false],"2048x2048":["https:\/\/arantv.az\/wp-content\/uploads\/2019\/02\/aje9fkg367cl06i6qmqp9daej4mdb.jpg",1000,562,false],"post-thumbnail":["https:\/\/arantv.az\/wp-content\/uploads\/2019\/02\/aje9fkg367cl06i6qmqp9daej4mdb-240x172.jpg",240,172,true],"advps-thumb-one":["https:\/\/arantv.az\/wp-content\/uploads\/2019\/02\/aje9fkg367cl06i6qmqp9daej4mdb.jpg",1000,562,false]},"rttpg_author":{"display_name":"V\u00fcsal Rafiqo\u011flu","author_link":"https:\/\/arantv.az\/?author=2"},"rttpg_comment":0,"rttpg_category":"<a href=\"https:\/\/arantv.az\/?cat=4\" rel=\"category\">Siyas\u0259t<\/a>","rttpg_excerpt":"ARANTV.AZ x\u0259b\u0259r verir ki, Rusiyan\u0131n xarici i\u015fl\u0259r naziri Sergey Lavrov bu g\u00fcn jurnalistl\u0259r\u0259 bildirib ki, MDB Xarici \u0130\u015fl\u0259r Nazirl\u0259ri \u015euras\u0131n\u0131n (X\u0130N\u015e) n\u00f6vb\u0259ti iclas\u0131 aprelin 5-d\u0259 Moskvada ke\u00e7iril\u0259c\u0259k. RF X\u0130N ba\u015f\u00e7\u0131s\u0131 qar\u015f\u0131dak\u0131 iclas\u0131n T\u00fcrkm\u0259nistan\u0131n s\u0259drliyi il\u0259 ke\u00e7iril\u0259c\u0259yini xat\u0131rladaraq deyib: \u201cBiz MDB X\u0130N\u015e iclas\u0131na haz\u0131rl\u0131q m\u0259s\u0259l\u0259sini m\u00fczakir\u0259 etdik\u201d. Nazir onu da qeyd edib ki, T\u00fcrkm\u0259nistan Prezidenti Qurbanqulu&hellip;","_links":{"self":[{"href":"https:\/\/arantv.az\/index.php?rest_route=\/wp\/v2\/posts\/37137"}],"collection":[{"href":"https:\/\/arantv.az\/index.php?rest_route=\/wp\/v2\/posts"}],"about":[{"href":"https:\/\/arantv.az\/index.php?rest_route=\/wp\/v2\/types\/post"}],"author":[{"embeddable":true,"href":"https:\/\/arantv.az\/index.php?rest_route=\/wp\/v2\/users\/2"}],"replies":[{"embeddable":true,"href":"https:\/\/arantv.az\/index.php?rest_route=%2Fwp%2Fv2%2Fcomments&post=37137"}],"version-history":[{"count":0,"href":"https:\/\/arantv.az\/index.php?rest_route=\/wp\/v2\/posts\/37137\/revisions"}],"wp:featuredmedia":[{"embeddable":true,"href":"https:\/\/arantv.az\/index.php?rest_route=\/wp\/v2\/media\/37138"}],"wp:attachment":[{"href":"https:\/\/arantv.az\/index.php?rest_route=%2Fwp%2Fv2%2Fmedia&parent=37137"}],"wp:term":[{"taxonomy":"category","embeddable":true,"href":"https:\/\/arantv.az\/index.php?rest_route=%2Fwp%2Fv2%2Fcategories&post=37137"},{"taxonomy":"post_tag","embeddable":true,"href":"https:\/\/arantv.az\/index.php?rest_route=%2Fwp%2Fv2%2Ftags&post=37137"}],"curies":[{"name":"wp","href":"https:\/\/api.w.org\/{rel}","templated":true}]}}