{"id":37204,"date":"2019-02-07T09:55:32","date_gmt":"2019-02-07T06:55:32","guid":{"rendered":"http:\/\/arantv.az\/?p=37204"},"modified":"2019-02-07T09:55:32","modified_gmt":"2019-02-07T06:55:32","slug":"dunya-cempionatinda-daha-iki-medal-qazandiq-foto","status":"publish","type":"post","link":"https:\/\/arantv.az\/?p=37204","title":{"rendered":"D\u00fcnya \u00e7empionat\u0131nda daha iki medal qazand\u0131q &#8211; FOTO"},"content":{"rendered":"<p>Parataekvondo \u00fczr\u0259 d\u00fcnya \u00e7empionat\u0131n\u0131n son g\u00fcn\u00fc komandam\u0131z n\u00f6vb\u0259ti u\u011furunu qazan\u0131b.<\/p>\n<p><strong>ARANTV.AZ\u00a0\u00a0<\/strong>x\u0259b\u0259r verir ki, T\u00fcrkiy\u0259nin Antalya \u015f\u0259h\u0259rind\u0259 ke\u00e7iril\u0259n mundialda m\u00fcbariz\u0259y\u0259 qat\u0131lan Elimxan Manafov (K43 -75 kq) b\u00fcr\u00fcnc medala sahib olub.<\/p>\n<div id=\"AdributorNativeVideo0\" class=\"AdributorNativeVideo\"><\/div>\n<p>Komandan\u0131n kapitan\u0131 Nicat M\u00fcsl\u00fcmov (K42 -75 kq) is\u0259 g\u00fcm\u00fc\u015f medal qazanaraq yar\u0131\u015f\u0131 ikinci pill\u0259d\u0259 ba\u015fa vurub.<\/p>\n<p>Xat\u0131rladaq ki, ilk yar\u0131\u015f g\u00fcn\u00fc R\u00f6yal\u0259 F\u0259t\u0259liyeva da b\u00fcr\u00fcnc medal qazan\u0131b. Bel\u0259likl\u0259, ba\u015f m\u0259\u015fq\u00e7i F\u0259rid Ta\u011f\u0131zad\u0259 v\u0259 b\u00f6y\u00fck m\u0259\u015fq\u00e7i Ya\u015far S\u0259f\u0259rovun yetirm\u0259l\u0259ri d\u00fcnya \u00e7empionat\u0131ndan v\u0259t\u0259n\u0259 bir g\u00fcm\u00fc\u015f v\u0259 iki b\u00fcr\u00fcnc medalla d\u00f6n\u00fcr.<\/p>\n<div class=\"gallery\">\n<div class=\"gallery-i\"><img src=\"https:\/\/assets.oxu.az\/uploads\/W1siZiIsIjIwMTkvMDIvMDcvMTAvMDcvMjEvZmMzMTdkMDgtMTJiYi00N2ZkLWJlNWEtNzVjZWIwMGRiODMzL3BhcjMuanBnIl0sWyJwIiwiZW5jb2RlIiwianBnIiwiLXF1YWxpdHkgODAiXSxbInAiLCJ0aHVtYiIsIjU5MHg1OTBcdTAwM2UiXV0?sha=d894e1ec4e9d25a2\" alt=\"\" \/><\/p>\n<div class=\"gallery-i-caption\"><\/div>\n<\/div>\n<div class=\"gallery-i\"><img src=\"https:\/\/assets.oxu.az\/uploads\/W1siZiIsIjIwMTkvMDIvMDcvMTAvMDcvMjEvNzdhMTI2MWUtMTYzOC00MzE3LTg0NDctMDAwNjAxOTkxNzBkL3BhcjIuanBnIl0sWyJwIiwiZW5jb2RlIiwianBnIiwiLXF1YWxpdHkgODAiXSxbInAiLCJ0aHVtYiIsIjU5MHg1OTBcdTAwM2UiXV0?sha=981bd775ccd68e48\" alt=\"\" \/><\/p>\n<div class=\"gallery-i-caption\"><\/div>\n<\/div>\n<div class=\"gallery-i\"><img src=\"https:\/\/assets.oxu.az\/uploads\/W1siZiIsIjIwMTkvMDIvMDcvMTAvMDcvMjIvYjA1ZGM5YTctMWJkZS00MzUxLTg4ODEtYThmNGVlZmRmNzFkL3BhcjEuanBnIl0sWyJwIiwiZW5jb2RlIiwianBnIiwiLXF1YWxpdHkgODAiXSxbInAiLCJ0aHVtYiIsIjU5MHg1OTBcdTAwM2UiXV0?sha=12ea4f8d82943654\" alt=\"\" \/><\/p>\n<div class=\"gallery-i-caption\"><\/div>\n<\/div>\n<div class=\"gallery-i\"><img src=\"https:\/\/assets.oxu.az\/uploads\/W1siZiIsIjIwMTkvMDIvMDcvMTAvMDcvMjIvMzEwY2Q5MGQtOWNkNC00YjMxLTk5MDgtNDM2ZmU1NjE3MzQ1L3Bhci5qcGciXSxbInAiLCJlbmNvZGUiLCJqcGciLCItcXVhbGl0eSA4MCJdLFsicCIsInRodW1iIiwiNTkweDU5MFx1MDAzZSJdXQ?sha=7dfcf229a22717c3\" alt=\"\" \/><\/div>\n<div>oxu.az<\/div>\n<\/div>\n","protected":false},"excerpt":{"rendered":"<p>Parataekvondo \u00fczr\u0259 d\u00fcnya \u00e7empionat\u0131n\u0131n son g\u00fcn\u00fc komandam\u0131z n\u00f6vb\u0259ti u\u011furunu qazan\u0131b. ARANTV.AZ\u00a0\u00a0x\u0259b\u0259r verir ki, T\u00fcrkiy\u0259nin Antalya \u015f\u0259h\u0259rind\u0259 ke\u00e7iril\u0259n mundialda m\u00fcbariz\u0259y\u0259 qat\u0131lan Elimxan Manafov (K43 -75 kq) b\u00fcr\u00fcnc medala sahib olub. Komandan\u0131n kapitan\u0131 Nicat M\u00fcsl\u00fcmov (K42 -75 kq) is\u0259 g\u00fcm\u00fc\u015f medal qazanaraq yar\u0131\u015f\u0131 ikinci pill\u0259d\u0259 ba\u015fa vurub. Xat\u0131rladaq ki, ilk yar\u0131\u015f g\u00fcn\u00fc R\u00f6yal\u0259 F\u0259t\u0259liyeva da b\u00fcr\u00fcnc medal qazan\u0131b. Bel\u0259likl\u0259, ba\u015f m\u0259\u015fq\u00e7i F\u0259rid Ta\u011f\u0131zad\u0259 v\u0259 b\u00f6y\u00fck m\u0259\u015fq\u00e7i Ya\u015far S\u0259f\u0259rovun yetirm\u0259l\u0259ri d\u00fcnya \u00e7empionat\u0131ndan v\u0259t\u0259n\u0259 bir g\u00fcm\u00fc\u015f v\u0259 iki b\u00fcr\u00fcnc medalla d\u00f6n\u00fcr. oxu.az<\/p>\n","protected":false},"author":2,"featured_media":37205,"comment_status":"closed","ping_status":"closed","sticky":false,"template":"","format":"standard","meta":{"om_disable_all_campaigns":false,"_monsterinsights_skip_tracking":false,"_monsterinsights_sitenote_active":false,"_monsterinsights_sitenote_note":"","_monsterinsights_sitenote_category":0},"categories":[6],"tags":[],"aioseo_notices":[],"gutentor_comment":0,"rttpg_featured_image_url":{"full":["https:\/\/arantv.az\/wp-content\/uploads\/2019\/02\/par.jpg",620,465,false],"landscape":["https:\/\/arantv.az\/wp-content\/uploads\/2019\/02\/par.jpg",620,465,false],"portraits":["https:\/\/arantv.az\/wp-content\/uploads\/2019\/02\/par.jpg",620,465,false],"thumbnail":["https:\/\/arantv.az\/wp-content\/uploads\/2019\/02\/par-150x150.jpg",150,150,true],"medium":["https:\/\/arantv.az\/wp-content\/uploads\/2019\/02\/par-300x225.jpg",300,225,true],"large":["https:\/\/arantv.az\/wp-content\/uploads\/2019\/02\/par.jpg",620,465,false],"1536x1536":["https:\/\/arantv.az\/wp-content\/uploads\/2019\/02\/par.jpg",620,465,false],"2048x2048":["https:\/\/arantv.az\/wp-content\/uploads\/2019\/02\/par.jpg",620,465,false],"post-thumbnail":["https:\/\/arantv.az\/wp-content\/uploads\/2019\/02\/par-240x172.jpg",240,172,true],"advps-thumb-one":["https:\/\/arantv.az\/wp-content\/uploads\/2019\/02\/par.jpg",620,465,false]},"rttpg_author":{"display_name":"V\u00fcsal Rafiqo\u011flu","author_link":"https:\/\/arantv.az\/?author=2"},"rttpg_comment":0,"rttpg_category":"<a href=\"https:\/\/arantv.az\/?cat=6\" rel=\"category\">\u0130dman<\/a>","rttpg_excerpt":"Parataekvondo \u00fczr\u0259 d\u00fcnya \u00e7empionat\u0131n\u0131n son g\u00fcn\u00fc komandam\u0131z n\u00f6vb\u0259ti u\u011furunu qazan\u0131b. ARANTV.AZ\u00a0\u00a0x\u0259b\u0259r verir ki, T\u00fcrkiy\u0259nin Antalya \u015f\u0259h\u0259rind\u0259 ke\u00e7iril\u0259n mundialda m\u00fcbariz\u0259y\u0259 qat\u0131lan Elimxan Manafov (K43 -75 kq) b\u00fcr\u00fcnc medala sahib olub. Komandan\u0131n kapitan\u0131 Nicat M\u00fcsl\u00fcmov (K42 -75 kq) is\u0259 g\u00fcm\u00fc\u015f medal qazanaraq yar\u0131\u015f\u0131 ikinci pill\u0259d\u0259 ba\u015fa vurub. Xat\u0131rladaq ki, ilk yar\u0131\u015f g\u00fcn\u00fc R\u00f6yal\u0259 F\u0259t\u0259liyeva da b\u00fcr\u00fcnc medal&hellip;","_links":{"self":[{"href":"https:\/\/arantv.az\/index.php?rest_route=\/wp\/v2\/posts\/37204"}],"collection":[{"href":"https:\/\/arantv.az\/index.php?rest_route=\/wp\/v2\/posts"}],"about":[{"href":"https:\/\/arantv.az\/index.php?rest_route=\/wp\/v2\/types\/post"}],"author":[{"embeddable":true,"href":"https:\/\/arantv.az\/index.php?rest_route=\/wp\/v2\/users\/2"}],"replies":[{"embeddable":true,"href":"https:\/\/arantv.az\/index.php?rest_route=%2Fwp%2Fv2%2Fcomments&post=37204"}],"version-history":[{"count":0,"href":"https:\/\/arantv.az\/index.php?rest_route=\/wp\/v2\/posts\/37204\/revisions"}],"wp:featuredmedia":[{"embeddable":true,"href":"https:\/\/arantv.az\/index.php?rest_route=\/wp\/v2\/media\/37205"}],"wp:attachment":[{"href":"https:\/\/arantv.az\/index.php?rest_route=%2Fwp%2Fv2%2Fmedia&parent=37204"}],"wp:term":[{"taxonomy":"category","embeddable":true,"href":"https:\/\/arantv.az\/index.php?rest_route=%2Fwp%2Fv2%2Fcategories&post=37204"},{"taxonomy":"post_tag","embeddable":true,"href":"https:\/\/arantv.az\/index.php?rest_route=%2Fwp%2Fv2%2Ftags&post=37204"}],"curies":[{"name":"wp","href":"https:\/\/api.w.org\/{rel}","templated":true}]}}