{"id":37210,"date":"2019-02-07T09:59:10","date_gmt":"2019-02-07T06:59:10","guid":{"rendered":"http:\/\/arantv.az\/?p=37210"},"modified":"2019-02-07T09:59:10","modified_gmt":"2019-02-07T06:59:10","slug":"oqtay-sir%c9%99liyevin-oglu-isd%c9%99n-cixdi-yeni-t%c9%99yinat","status":"publish","type":"post","link":"https:\/\/arantv.az\/?p=37210","title":{"rendered":"Oqtay \u015eir\u0259liyevin o\u011flu \u0130\u015eD\u018fN \u00c7IXDI &#8211; YEN\u0130 T\u018fY\u0130NAT"},"content":{"rendered":"<p>&#8220;Az\u0259rbaycan Beyn\u0259lxalq Bank&#8221; ASC-nin (ABB) \u0130dar\u0259 Hey\u0259tinin (\u0130H) s\u0259dr m\u00fcavini Murad \u015eir\u0259liyev i\u015fd\u0259n \u00e7\u0131x\u0131b.<\/p>\n<p><b>ARANTV.AZ\u00a0<\/b>\u00a0x\u0259b\u0259r verir ki, unikal.org-un \u0259ld\u0259 etdiyi m\u0259lumata g\u00f6r\u0259, M.\u015eir\u0259liyev i\u015fd\u0259n ayr\u0131lmaqla ba\u011fl\u0131 \u0259riz\u0259 yaz\u0131b. O, \u201cAz\u0259rbaycan Beyn\u0259lxalq Bank\u0131\u201d ASC-nin M\u00fc\u015fahid\u0259 \u015euras\u0131n\u0131n 2018-ci il dekabr\u0131n 25-d\u0259 ke\u00e7iril\u0259n iclas\u0131nda bu q\u0259rar\u0131n\u0131 a\u00e7\u0131qlay\u0131b. \u015euran\u0131n h\u0259min iclas\u0131nda 2018-ci il \u00fczr\u0259 maliyy\u0259 g\u00f6st\u0259ricil\u0259rin\u0259 bax\u0131l\u0131b, 2019-cu il \u00fczr\u0259 b\u00fcdc\u0259 layih\u0259si m\u00fczakir\u0259 edilib v\u0259 \u015euran\u0131n s\u0259lahiyy\u0259tl\u0259rin\u0259 aid olan bir s\u0131ra kredit m\u00fcraci\u0259tl\u0259rin\u0259 dair q\u0259rarlar verilib.<\/p>\n<div id=\"AdributorNativeVideo0\" class=\"AdributorNativeVideo\"><\/div>\n<p><ins><\/ins><\/p>\n<div id=\"beacon_1e216e4815\"><img loading=\"lazy\" src=\"https:\/\/ads2.newmedia.az\/www\/delivery\/lg.php?bannerid=0&amp;campaignid=0&amp;zoneid=975&amp;loc=https%3A%2F%2Fbig.az%2F343630-oqtay_sireliyevin_oglu_isden_cixdi_-_yeni_teyinat.html&amp;referer=https%3A%2F%2Fbig.az%2F&amp;cb=1e216e4815\" alt=\"\" width=\"0\" height=\"0\" \/><\/div>\n<p>\u0130clasda Bank\u0131n Ba\u015f direktoru Vasif \u018fhm\u0259dov \u0130dar\u0259 Hey\u0259tin\u0259 \u00fczv se\u00e7il\u0259r\u0259k \u0130dar\u0259 Hey\u0259ti s\u0259drinin m\u00fcavini v\u0259zif\u0259sin\u0259 t\u0259yin edilib.<\/p>\n<p>Qeyd ed\u0259k ki, s\u0259hiyy\u0259 naziri Oqtay \u015eir\u0259liyevin o\u011flu olan Murad \u015eir\u0259liyev 2015-ci ilin iyul ay\u0131ndan 2018-ci ilin dekabr ay\u0131na q\u0259d\u0259r ABB-nin \u0130H-nin s\u0259dr m\u00fcavini olub. Onun Almaniya \u015firk\u0259ti olan \u201cSolaris GmbH\u201dd\u0259 direktor v\u0259zif\u0259sin\u0259 t\u0259yinat ald\u0131\u011f\u0131 bildirilir.<br \/>\n<img class=\"imgbcodecent\" src=\"https:\/\/upload.az\/foto\/arxiv\/1_31549522435.jpg\" alt=\"Oqtay \u015eir\u0259liyevin o\u011flu \u0130\u015eD\u018fN \u00c7IXDI - YEN\u0130 T\u018fY\u0130NAT\" \/><\/p>\n<p>&nbsp;<\/p>\n","protected":false},"excerpt":{"rendered":"<p>&#8220;Az\u0259rbaycan Beyn\u0259lxalq Bank&#8221; ASC-nin (ABB) \u0130dar\u0259 Hey\u0259tinin (\u0130H) s\u0259dr m\u00fcavini Murad \u015eir\u0259liyev i\u015fd\u0259n \u00e7\u0131x\u0131b. ARANTV.AZ\u00a0\u00a0x\u0259b\u0259r verir ki, unikal.org-un \u0259ld\u0259 etdiyi m\u0259lumata g\u00f6r\u0259, M.\u015eir\u0259liyev i\u015fd\u0259n ayr\u0131lmaqla ba\u011fl\u0131 \u0259riz\u0259 yaz\u0131b. O, \u201cAz\u0259rbaycan Beyn\u0259lxalq Bank\u0131\u201d ASC-nin M\u00fc\u015fahid\u0259 \u015euras\u0131n\u0131n 2018-ci il dekabr\u0131n 25-d\u0259 ke\u00e7iril\u0259n iclas\u0131nda bu q\u0259rar\u0131n\u0131 a\u00e7\u0131qlay\u0131b. \u015euran\u0131n h\u0259min iclas\u0131nda 2018-ci il \u00fczr\u0259 maliyy\u0259 g\u00f6st\u0259ricil\u0259rin\u0259 bax\u0131l\u0131b, 2019-cu il \u00fczr\u0259 b\u00fcdc\u0259 layih\u0259si m\u00fczakir\u0259 edilib v\u0259 \u015euran\u0131n s\u0259lahiyy\u0259tl\u0259rin\u0259 aid olan bir s\u0131ra kredit m\u00fcraci\u0259tl\u0259rin\u0259 dair q\u0259rarlar verilib. \u0130clasda Bank\u0131n Ba\u015f direktoru Vasif \u018fhm\u0259dov \u0130dar\u0259 Hey\u0259tin\u0259 \u00fczv se\u00e7il\u0259r\u0259k \u0130dar\u0259 Hey\u0259ti s\u0259drinin m\u00fcavini v\u0259zif\u0259sin\u0259 t\u0259yin edilib. Qeyd&hellip;<\/p>\n","protected":false},"author":2,"featured_media":37211,"comment_status":"closed","ping_status":"closed","sticky":false,"template":"","format":"standard","meta":{"om_disable_all_campaigns":false,"_monsterinsights_skip_tracking":false,"_monsterinsights_sitenote_active":false,"_monsterinsights_sitenote_note":"","_monsterinsights_sitenote_category":0},"categories":[1],"tags":[],"aioseo_notices":[],"gutentor_comment":0,"rttpg_featured_image_url":{"full":["https:\/\/arantv.az\/wp-content\/uploads\/2019\/02\/1_31549522394.jpg",600,400,false],"landscape":["https:\/\/arantv.az\/wp-content\/uploads\/2019\/02\/1_31549522394.jpg",600,400,false],"portraits":["https:\/\/arantv.az\/wp-content\/uploads\/2019\/02\/1_31549522394.jpg",600,400,false],"thumbnail":["https:\/\/arantv.az\/wp-content\/uploads\/2019\/02\/1_31549522394-150x150.jpg",150,150,true],"medium":["https:\/\/arantv.az\/wp-content\/uploads\/2019\/02\/1_31549522394-300x200.jpg",300,200,true],"large":["https:\/\/arantv.az\/wp-content\/uploads\/2019\/02\/1_31549522394.jpg",600,400,false],"1536x1536":["https:\/\/arantv.az\/wp-content\/uploads\/2019\/02\/1_31549522394.jpg",600,400,false],"2048x2048":["https:\/\/arantv.az\/wp-content\/uploads\/2019\/02\/1_31549522394.jpg",600,400,false],"post-thumbnail":["https:\/\/arantv.az\/wp-content\/uploads\/2019\/02\/1_31549522394-240x172.jpg",240,172,true],"advps-thumb-one":["https:\/\/arantv.az\/wp-content\/uploads\/2019\/02\/1_31549522394.jpg",600,400,false]},"rttpg_author":{"display_name":"V\u00fcsal Rafiqo\u011flu","author_link":"https:\/\/arantv.az\/?author=2"},"rttpg_comment":0,"rttpg_category":"<a href=\"https:\/\/arantv.az\/?cat=1\" rel=\"category\">C\u0259miyy\u0259t<\/a>","rttpg_excerpt":"&#8220;Az\u0259rbaycan Beyn\u0259lxalq Bank&#8221; ASC-nin (ABB) \u0130dar\u0259 Hey\u0259tinin (\u0130H) s\u0259dr m\u00fcavini Murad \u015eir\u0259liyev i\u015fd\u0259n \u00e7\u0131x\u0131b. ARANTV.AZ\u00a0\u00a0x\u0259b\u0259r verir ki, unikal.org-un \u0259ld\u0259 etdiyi m\u0259lumata g\u00f6r\u0259, M.\u015eir\u0259liyev i\u015fd\u0259n ayr\u0131lmaqla ba\u011fl\u0131 \u0259riz\u0259 yaz\u0131b. O, \u201cAz\u0259rbaycan Beyn\u0259lxalq Bank\u0131\u201d ASC-nin M\u00fc\u015fahid\u0259 \u015euras\u0131n\u0131n 2018-ci il dekabr\u0131n 25-d\u0259 ke\u00e7iril\u0259n iclas\u0131nda bu q\u0259rar\u0131n\u0131 a\u00e7\u0131qlay\u0131b. \u015euran\u0131n h\u0259min iclas\u0131nda 2018-ci il \u00fczr\u0259 maliyy\u0259 g\u00f6st\u0259ricil\u0259rin\u0259 bax\u0131l\u0131b, 2019-cu il&hellip;","_links":{"self":[{"href":"https:\/\/arantv.az\/index.php?rest_route=\/wp\/v2\/posts\/37210"}],"collection":[{"href":"https:\/\/arantv.az\/index.php?rest_route=\/wp\/v2\/posts"}],"about":[{"href":"https:\/\/arantv.az\/index.php?rest_route=\/wp\/v2\/types\/post"}],"author":[{"embeddable":true,"href":"https:\/\/arantv.az\/index.php?rest_route=\/wp\/v2\/users\/2"}],"replies":[{"embeddable":true,"href":"https:\/\/arantv.az\/index.php?rest_route=%2Fwp%2Fv2%2Fcomments&post=37210"}],"version-history":[{"count":0,"href":"https:\/\/arantv.az\/index.php?rest_route=\/wp\/v2\/posts\/37210\/revisions"}],"wp:featuredmedia":[{"embeddable":true,"href":"https:\/\/arantv.az\/index.php?rest_route=\/wp\/v2\/media\/37211"}],"wp:attachment":[{"href":"https:\/\/arantv.az\/index.php?rest_route=%2Fwp%2Fv2%2Fmedia&parent=37210"}],"wp:term":[{"taxonomy":"category","embeddable":true,"href":"https:\/\/arantv.az\/index.php?rest_route=%2Fwp%2Fv2%2Fcategories&post=37210"},{"taxonomy":"post_tag","embeddable":true,"href":"https:\/\/arantv.az\/index.php?rest_route=%2Fwp%2Fv2%2Ftags&post=37210"}],"curies":[{"name":"wp","href":"https:\/\/api.w.org\/{rel}","templated":true}]}}