{"id":37213,"date":"2019-02-07T10:00:50","date_gmt":"2019-02-07T07:00:50","guid":{"rendered":"http:\/\/arantv.az\/?p=37213"},"modified":"2019-02-07T10:00:50","modified_gmt":"2019-02-07T07:00:50","slug":"bakida-faci%c9%99-g%c9%99nc-oglan-elcilikd%c9%99n-sonra-sevdiyi-qizi-oldurdu-anasini-yaraladi","status":"publish","type":"post","link":"https:\/\/arantv.az\/?p=37213","title":{"rendered":"Bak\u0131da faci\u0259 \u2014 G\u0259nc o\u011flan el\u00e7ilikd\u0259n sonra sevdiyi q\u0131z\u0131 \u00f6ld\u00fcrd\u00fc, anas\u0131n\u0131 yaralad\u0131"},"content":{"rendered":"<p>Bak\u0131da q\u0259tl hadis\u0259si t\u00f6r\u0259tm\u0259kd\u0259 t\u0259qsirl\u0259ndiril\u0259n Sabir Q\u0259dimovun cinay\u0259t i\u015fi \u00fczr\u0259 ibtidai istintaq ba\u015fa \u00e7at\u0131b.<\/p>\n<p><b>ARANTV.AZ\u00a0<\/b>\u00f6lk\u0259.az-a istinad\u0259n x\u0259b\u0259r verir ki, onun bar\u0259sind\u0259 toplanan cinay\u0259t i\u015finin materiallar\u0131 bax\u0131lmas\u0131 \u00fc\u00e7\u00fcn Bak\u0131 A\u011f\u0131r Cinay\u0259tl\u0259r M\u0259hk\u0259m\u0259sin\u0259 g\u00f6nd\u0259rilib.<br \/>\nCinay\u0259t i\u015fi hakim Rasim Sad\u0131xovun icraat\u0131na verilib.<\/p>\n<div id=\"AdributorNativeVideo0\" class=\"AdributorNativeVideo\"><\/div>\n<p>M\u0259hk\u0259m\u0259nin haz\u0131rl\u0131q iclas\u0131n\u0131n vaxt\u0131 h\u0259l\u0259lik a\u00e7\u0131qlanmay\u0131b.<br \/>\n<ins><\/ins><\/p>\n<div id=\"beacon_33fb456949\"><img loading=\"lazy\" src=\"https:\/\/ads2.newmedia.az\/www\/delivery\/lg.php?bannerid=0&amp;campaignid=0&amp;zoneid=975&amp;loc=https%3A%2F%2Fbig.az%2F343626-bakida_facie_genc_oglan_elcilikden_sonra_sevdiyi_qizi_oldurdu_anasini_yaraladi.html&amp;referer=https%3A%2F%2Fbig.az%2F&amp;cb=33fb456949\" alt=\"\" width=\"0\" height=\"0\" \/><\/div>\n<p>Qeyd ed\u0259k ki, \u00f6t\u0259n il may ay\u0131n\u0131n 31-d\u0259 Sabun\u00e7u rayonu Q\u0131lman Salahov 15 \u00fcnvan\u0131nda ba\u015f verib. Balaxan\u0131 q\u0259s\u0259b\u0259 sakini, 1999-cu il t\u0259v\u0259ll\u00fcdl\u00fc S.Q\u0259dimovun ail\u0259si 2001-ci il t\u0259v\u0259ll\u00fcdl\u00fc C\u0259f\u0259rovlar ail\u0259sinin q\u0131z\u0131 Ayt\u0259n C\u0259f\u0259rovaya el\u00e7i g\u0259lib. El\u00e7ilik m\u0259clisind\u0259n sonra S.Q\u0259dimov A.C\u0259f\u0259rovan\u0131n ya\u015fad\u0131\u011f\u0131 ev\u0259 g\u0259l\u0259r\u0259k onunla m\u00fcbahis\u0259 edib. M\u00fcbahis\u0259d\u0259n sonra o, babas\u0131na m\u0259xsus ov t\u00fcf\u0259ngini g\u00f6t\u00fcr\u0259r\u0259k yenid\u0259n A.C\u0259f\u0259rovan\u0131n ya\u015fad\u0131\u011f\u0131 ev\u0259 g\u0259lib. Daha sonra o, t\u00fcf\u0259ngl\u0259 A.C\u0259f\u0259rovan\u0131n ba\u015f\u0131na v\u0259 b\u0259d\u0259nin\u0259 at\u0259\u015f a\u00e7\u0131b. S.Q\u0259dimov qar\u015f\u0131s\u0131n\u0131 almaq ist\u0259y\u0259n A.C\u0259f\u0259rovan\u0131n anas\u0131, 1962-ci il t\u0259v\u0259ll\u00fcdl\u00fc Esmira C\u0259f\u0259rova \u0259lind\u0259n v\u0259 \u00e7iynind\u0259n g\u00fcll\u0259 yaras\u0131 al\u0131b.<br \/>\nHadis\u0259 vaxt\u0131 evd\u0259 A.C\u0259f\u0259rovan\u0131n bac\u0131s\u0131 da olub. O, d\u0259rhal bu bar\u0259d\u0259 polis\u0259 m\u0259lumat verib. S.Q\u0259dimov hadis\u0259 yerind\u0259n qa\u00e7araq gizl\u0259nib.<\/p>\n<p>Yaral\u0131lar 3 sayl\u0131 Kliniki Tibbi M\u0259rk\u0259z\u0259 yerl\u0259\u015fdirilib. E.C\u0259f\u0259rovan\u0131n h\u0259yat\u0131n\u0131 xilas etm\u0259k m\u00fcmk\u00fcn olub. E. C\u0259f\u0259rovan\u0131n sa\u011f \u0259linin \u00fc\u00e7 barma\u011f\u0131 travmatik amputasiya edilib. A.C\u0259f\u0259rova is\u0259 k\u0259ll\u0259 v\u0259 d\u00f6\u015f q\u0259f\u0259sinin arxa s\u0259thind\u0259n ald\u0131\u011f\u0131 g\u00fcll\u0259 yaralar\u0131ndan d\u00fcnyas\u0131n\u0131 d\u0259yi\u015fib.<\/p>\n<p>&nbsp;<\/p>\n","protected":false},"excerpt":{"rendered":"<p>Bak\u0131da q\u0259tl hadis\u0259si t\u00f6r\u0259tm\u0259kd\u0259 t\u0259qsirl\u0259ndiril\u0259n Sabir Q\u0259dimovun cinay\u0259t i\u015fi \u00fczr\u0259 ibtidai istintaq ba\u015fa \u00e7at\u0131b. ARANTV.AZ\u00a0\u00f6lk\u0259.az-a istinad\u0259n x\u0259b\u0259r verir ki, onun bar\u0259sind\u0259 toplanan cinay\u0259t i\u015finin materiallar\u0131 bax\u0131lmas\u0131 \u00fc\u00e7\u00fcn Bak\u0131 A\u011f\u0131r Cinay\u0259tl\u0259r M\u0259hk\u0259m\u0259sin\u0259 g\u00f6nd\u0259rilib. Cinay\u0259t i\u015fi hakim Rasim Sad\u0131xovun icraat\u0131na verilib. M\u0259hk\u0259m\u0259nin haz\u0131rl\u0131q iclas\u0131n\u0131n vaxt\u0131 h\u0259l\u0259lik a\u00e7\u0131qlanmay\u0131b. Qeyd ed\u0259k ki, \u00f6t\u0259n il may ay\u0131n\u0131n 31-d\u0259 Sabun\u00e7u rayonu Q\u0131lman Salahov 15 \u00fcnvan\u0131nda ba\u015f verib. Balaxan\u0131 q\u0259s\u0259b\u0259 sakini, 1999-cu il t\u0259v\u0259ll\u00fcdl\u00fc S.Q\u0259dimovun ail\u0259si 2001-ci il t\u0259v\u0259ll\u00fcdl\u00fc C\u0259f\u0259rovlar ail\u0259sinin q\u0131z\u0131 Ayt\u0259n C\u0259f\u0259rovaya el\u00e7i g\u0259lib. El\u00e7ilik m\u0259clisind\u0259n sonra S.Q\u0259dimov A.C\u0259f\u0259rovan\u0131n ya\u015fad\u0131\u011f\u0131 ev\u0259 g\u0259l\u0259r\u0259k onunla m\u00fcbahis\u0259 edib.&hellip;<\/p>\n","protected":false},"author":2,"featured_media":37214,"comment_status":"closed","ping_status":"closed","sticky":false,"template":"","format":"standard","meta":{"om_disable_all_campaigns":false,"_monsterinsights_skip_tracking":false,"_monsterinsights_sitenote_active":false,"_monsterinsights_sitenote_note":"","_monsterinsights_sitenote_category":0},"categories":[3],"tags":[],"aioseo_notices":[],"gutentor_comment":0,"rttpg_featured_image_url":{"full":["https:\/\/arantv.az\/wp-content\/uploads\/2019\/02\/erarvadbicaq_81549521568.jpg",620,375,false],"landscape":["https:\/\/arantv.az\/wp-content\/uploads\/2019\/02\/erarvadbicaq_81549521568.jpg",620,375,false],"portraits":["https:\/\/arantv.az\/wp-content\/uploads\/2019\/02\/erarvadbicaq_81549521568.jpg",620,375,false],"thumbnail":["https:\/\/arantv.az\/wp-content\/uploads\/2019\/02\/erarvadbicaq_81549521568-150x150.jpg",150,150,true],"medium":["https:\/\/arantv.az\/wp-content\/uploads\/2019\/02\/erarvadbicaq_81549521568-300x181.jpg",300,181,true],"large":["https:\/\/arantv.az\/wp-content\/uploads\/2019\/02\/erarvadbicaq_81549521568.jpg",620,375,false],"1536x1536":["https:\/\/arantv.az\/wp-content\/uploads\/2019\/02\/erarvadbicaq_81549521568.jpg",620,375,false],"2048x2048":["https:\/\/arantv.az\/wp-content\/uploads\/2019\/02\/erarvadbicaq_81549521568.jpg",620,375,false],"post-thumbnail":["https:\/\/arantv.az\/wp-content\/uploads\/2019\/02\/erarvadbicaq_81549521568-240x172.jpg",240,172,true],"advps-thumb-one":["https:\/\/arantv.az\/wp-content\/uploads\/2019\/02\/erarvadbicaq_81549521568.jpg",620,375,false]},"rttpg_author":{"display_name":"V\u00fcsal Rafiqo\u011flu","author_link":"https:\/\/arantv.az\/?author=2"},"rttpg_comment":0,"rttpg_category":"<a href=\"https:\/\/arantv.az\/?cat=3\" rel=\"category\">Kriminal<\/a>","rttpg_excerpt":"Bak\u0131da q\u0259tl hadis\u0259si t\u00f6r\u0259tm\u0259kd\u0259 t\u0259qsirl\u0259ndiril\u0259n Sabir Q\u0259dimovun cinay\u0259t i\u015fi \u00fczr\u0259 ibtidai istintaq ba\u015fa \u00e7at\u0131b. ARANTV.AZ\u00a0\u00f6lk\u0259.az-a istinad\u0259n x\u0259b\u0259r verir ki, onun bar\u0259sind\u0259 toplanan cinay\u0259t i\u015finin materiallar\u0131 bax\u0131lmas\u0131 \u00fc\u00e7\u00fcn Bak\u0131 A\u011f\u0131r Cinay\u0259tl\u0259r M\u0259hk\u0259m\u0259sin\u0259 g\u00f6nd\u0259rilib. Cinay\u0259t i\u015fi hakim Rasim Sad\u0131xovun icraat\u0131na verilib. M\u0259hk\u0259m\u0259nin haz\u0131rl\u0131q iclas\u0131n\u0131n vaxt\u0131 h\u0259l\u0259lik a\u00e7\u0131qlanmay\u0131b. Qeyd ed\u0259k ki, \u00f6t\u0259n il may ay\u0131n\u0131n 31-d\u0259 Sabun\u00e7u rayonu&hellip;","_links":{"self":[{"href":"https:\/\/arantv.az\/index.php?rest_route=\/wp\/v2\/posts\/37213"}],"collection":[{"href":"https:\/\/arantv.az\/index.php?rest_route=\/wp\/v2\/posts"}],"about":[{"href":"https:\/\/arantv.az\/index.php?rest_route=\/wp\/v2\/types\/post"}],"author":[{"embeddable":true,"href":"https:\/\/arantv.az\/index.php?rest_route=\/wp\/v2\/users\/2"}],"replies":[{"embeddable":true,"href":"https:\/\/arantv.az\/index.php?rest_route=%2Fwp%2Fv2%2Fcomments&post=37213"}],"version-history":[{"count":0,"href":"https:\/\/arantv.az\/index.php?rest_route=\/wp\/v2\/posts\/37213\/revisions"}],"wp:featuredmedia":[{"embeddable":true,"href":"https:\/\/arantv.az\/index.php?rest_route=\/wp\/v2\/media\/37214"}],"wp:attachment":[{"href":"https:\/\/arantv.az\/index.php?rest_route=%2Fwp%2Fv2%2Fmedia&parent=37213"}],"wp:term":[{"taxonomy":"category","embeddable":true,"href":"https:\/\/arantv.az\/index.php?rest_route=%2Fwp%2Fv2%2Fcategories&post=37213"},{"taxonomy":"post_tag","embeddable":true,"href":"https:\/\/arantv.az\/index.php?rest_route=%2Fwp%2Fv2%2Ftags&post=37213"}],"curies":[{"name":"wp","href":"https:\/\/api.w.org\/{rel}","templated":true}]}}