{"id":37225,"date":"2019-02-07T10:13:53","date_gmt":"2019-02-07T07:13:53","guid":{"rendered":"http:\/\/arantv.az\/?p=37225"},"modified":"2019-02-07T10:13:53","modified_gmt":"2019-02-07T07:13:53","slug":"az%c9%99rbaycan-berlind%c9%99-acilan-fruit-logistica-beyn%c9%99lxalq-%c9%99rzaq-s%c9%99rgisind%c9%99-t%c9%99msil-olunur","status":"publish","type":"post","link":"https:\/\/arantv.az\/?p=37225","title":{"rendered":"Az\u0259rbaycan Berlind\u0259 a\u00e7\u0131lan \u201cFruit Logistica\u201d beyn\u0259lxalq \u0259rzaq s\u0259rgisind\u0259 t\u0259msil olunur"},"content":{"rendered":"<p><strong>ARANTV.AZ<\/strong> x\u0259b\u0259r verir ki, Az\u0259rbaycn, Berlind\u0259 a\u00e7\u0131lan \u201cFruit Logistica\u201d beyn\u0259lxalq \u0259rzaq s\u0259rgisind\u0259 t\u0259msil olunur. \u00d6lk\u0259mizd\u0259 yeti\u015fdiril\u0259n meyv\u0259-t\u0259r\u0259v\u0259z v\u0259 emal s\u0259nayesinin m\u0259hsullar\u0131 \u201cMade in Azerbaijan\u201d brendi\u00a0 il\u0259 s\u0259rgil\u0259nir.<\/p>\n<p>Almaniyan\u0131n paytaxt\u0131 Berlind\u0259 ke\u00e7iril\u0259n \u201cFruit Logistica 2019\u201d beyn\u0259lxalq s\u0259rgisind\u0259 meyv\u0259 v\u0259 t\u0259r\u0259v\u0259z istehsal\u0131 sah\u0259sind\u0259 f\u0259aliyy\u0259t g\u00f6st\u0259r\u0259n Az\u0259rbaycan\u0131n 14 \u015firk\u0259ti \u00f6z m\u0259hsullar\u0131n\u0131 \u201cMade in Azerbaijan\u201d vahid \u00f6lk\u0259 stendind\u0259 t\u0259qdim edir. Vahid brend alt\u0131nda \u00f6z m\u0259hsullar\u0131n\u0131 t\u0259qdim ed\u0259n sahibkarlar\u00a0 bu tipli s\u0259rgid\u0259 i\u015ftirak\u0131n ixracat\u00e7\u0131n\u0131n m\u0259hsul \u00fczr\u0259 istehsal potensial\u0131n\u0131 ortaya qoydu\u011fu\u00a0 q\u0259na\u0259tind\u0259dirl\u0259r. \u00c7\u00fcnki, beyn\u0259lxalq s\u0259rgi v\u0259 yarmarkalarda vahid \u00f6lk\u0259 stendi il\u0259 i\u015ftirak qeyri-neft m\u0259hsullar\u0131n\u0131n ixrac potensial\u0131n\u0131 art\u0131r\u0131r. Az\u0259rbaycan istehsal\u00e7\u0131s\u0131 \u00fc\u00e7\u00fcn yeni bazarlara \u00e7\u0131xmaq imkan\u0131 yarad\u0131r.<\/p>\n<p>Milli stendimizd\u0259 s\u0259rgil\u0259n\u0259n y\u00fcks\u0259k keyfiyy\u0259t\u0259 malik Az\u0259rbaycan m\u0259hsullar\u0131ndan ziyar\u0259t\u00e7il\u0259r d\u0259 raz\u0131 qal\u0131r. \u0130nsanlar\u0131n fikrinc\u0259, Az\u0259rbaycan m\u0259hsulu daha t\u0259bii v\u0259 insan sa\u011flaml\u0131\u011f\u0131na z\u0259r\u0259rsizdir.<\/p>\n<p>\u00dcmumilikd\u0259, d\u00fcnyan\u0131n 80-d\u0259n \u00e7ox \u00f6lk\u0259sind\u0259n olan 3000-d\u0259n art\u0131q \u015firk\u0259tin m\u0259hsullar\u0131n\u0131n n\u00fcmayi\u015f olundu\u011fu \u201cFruit Logistica\u201d s\u0259rgisinin virtual kataloqlar\u0131nda, meqa-bordlar\u0131nda v\u0259 bannerl\u0259rind\u0259 Az\u0259rbaycan bar\u0259d\u0259 m\u0259lumatlar yerl\u0259\u015fdirilib. Bundan ba\u015fqa, s\u0259rgid\u0259 \u201cMade in Azerbaijan\u201d brendinin reklam \u00e7arxlar\u0131 n\u00fcmayi\u015f olunur, ziyar\u0259t\u00e7il\u0259r\u0259 m\u00fcxt\u0259lif \u00e7ap materiallar\u0131 paylan\u0131l\u0131r.<\/p>\n","protected":false},"excerpt":{"rendered":"<p>ARANTV.AZ x\u0259b\u0259r verir ki, Az\u0259rbaycn, Berlind\u0259 a\u00e7\u0131lan \u201cFruit Logistica\u201d beyn\u0259lxalq \u0259rzaq s\u0259rgisind\u0259 t\u0259msil olunur. \u00d6lk\u0259mizd\u0259 yeti\u015fdiril\u0259n meyv\u0259-t\u0259r\u0259v\u0259z v\u0259 emal s\u0259nayesinin m\u0259hsullar\u0131 \u201cMade in Azerbaijan\u201d brendi\u00a0 il\u0259 s\u0259rgil\u0259nir. Almaniyan\u0131n paytaxt\u0131 Berlind\u0259 ke\u00e7iril\u0259n \u201cFruit Logistica 2019\u201d beyn\u0259lxalq s\u0259rgisind\u0259 meyv\u0259 v\u0259 t\u0259r\u0259v\u0259z istehsal\u0131 sah\u0259sind\u0259 f\u0259aliyy\u0259t g\u00f6st\u0259r\u0259n Az\u0259rbaycan\u0131n 14 \u015firk\u0259ti \u00f6z m\u0259hsullar\u0131n\u0131 \u201cMade in Azerbaijan\u201d vahid \u00f6lk\u0259 stendind\u0259 t\u0259qdim edir. Vahid brend alt\u0131nda \u00f6z m\u0259hsullar\u0131n\u0131 t\u0259qdim ed\u0259n sahibkarlar\u00a0 bu tipli s\u0259rgid\u0259 i\u015ftirak\u0131n ixracat\u00e7\u0131n\u0131n m\u0259hsul \u00fczr\u0259 istehsal potensial\u0131n\u0131 ortaya qoydu\u011fu\u00a0 q\u0259na\u0259tind\u0259dirl\u0259r. \u00c7\u00fcnki, beyn\u0259lxalq s\u0259rgi v\u0259 yarmarkalarda vahid \u00f6lk\u0259 stendi il\u0259 i\u015ftirak qeyri-neft m\u0259hsullar\u0131n\u0131n ixrac potensial\u0131n\u0131&hellip;<\/p>\n","protected":false},"author":2,"featured_media":37226,"comment_status":"closed","ping_status":"closed","sticky":false,"template":"","format":"standard","meta":{"om_disable_all_campaigns":false,"_monsterinsights_skip_tracking":false,"_monsterinsights_sitenote_active":false,"_monsterinsights_sitenote_note":"","_monsterinsights_sitenote_category":0},"categories":[19],"tags":[],"aioseo_notices":[],"gutentor_comment":0,"rttpg_featured_image_url":{"full":["https:\/\/arantv.az\/wp-content\/uploads\/2019\/02\/dtkcv1vr3i0rv286l6i2au11u5ber.jpg",869,451,false],"landscape":["https:\/\/arantv.az\/wp-content\/uploads\/2019\/02\/dtkcv1vr3i0rv286l6i2au11u5ber.jpg",869,451,false],"portraits":["https:\/\/arantv.az\/wp-content\/uploads\/2019\/02\/dtkcv1vr3i0rv286l6i2au11u5ber.jpg",869,451,false],"thumbnail":["https:\/\/arantv.az\/wp-content\/uploads\/2019\/02\/dtkcv1vr3i0rv286l6i2au11u5ber-150x150.jpg",150,150,true],"medium":["https:\/\/arantv.az\/wp-content\/uploads\/2019\/02\/dtkcv1vr3i0rv286l6i2au11u5ber-300x156.jpg",300,156,true],"large":["https:\/\/arantv.az\/wp-content\/uploads\/2019\/02\/dtkcv1vr3i0rv286l6i2au11u5ber.jpg",640,332,false],"1536x1536":["https:\/\/arantv.az\/wp-content\/uploads\/2019\/02\/dtkcv1vr3i0rv286l6i2au11u5ber.jpg",869,451,false],"2048x2048":["https:\/\/arantv.az\/wp-content\/uploads\/2019\/02\/dtkcv1vr3i0rv286l6i2au11u5ber.jpg",869,451,false],"post-thumbnail":["https:\/\/arantv.az\/wp-content\/uploads\/2019\/02\/dtkcv1vr3i0rv286l6i2au11u5ber-240x172.jpg",240,172,true],"advps-thumb-one":["https:\/\/arantv.az\/wp-content\/uploads\/2019\/02\/dtkcv1vr3i0rv286l6i2au11u5ber.jpg",869,451,false]},"rttpg_author":{"display_name":"V\u00fcsal Rafiqo\u011flu","author_link":"https:\/\/arantv.az\/?author=2"},"rttpg_comment":0,"rttpg_category":"<a href=\"https:\/\/arantv.az\/?cat=19\" rel=\"category\">G\u00fcnd\u0259m<\/a>","rttpg_excerpt":"ARANTV.AZ x\u0259b\u0259r verir ki, Az\u0259rbaycn, Berlind\u0259 a\u00e7\u0131lan \u201cFruit Logistica\u201d beyn\u0259lxalq \u0259rzaq s\u0259rgisind\u0259 t\u0259msil olunur. \u00d6lk\u0259mizd\u0259 yeti\u015fdiril\u0259n meyv\u0259-t\u0259r\u0259v\u0259z v\u0259 emal s\u0259nayesinin m\u0259hsullar\u0131 \u201cMade in Azerbaijan\u201d brendi\u00a0 il\u0259 s\u0259rgil\u0259nir. Almaniyan\u0131n paytaxt\u0131 Berlind\u0259 ke\u00e7iril\u0259n \u201cFruit Logistica 2019\u201d beyn\u0259lxalq s\u0259rgisind\u0259 meyv\u0259 v\u0259 t\u0259r\u0259v\u0259z istehsal\u0131 sah\u0259sind\u0259 f\u0259aliyy\u0259t g\u00f6st\u0259r\u0259n Az\u0259rbaycan\u0131n 14 \u015firk\u0259ti \u00f6z m\u0259hsullar\u0131n\u0131 \u201cMade in Azerbaijan\u201d vahid \u00f6lk\u0259 stendind\u0259 t\u0259qdim&hellip;","_links":{"self":[{"href":"https:\/\/arantv.az\/index.php?rest_route=\/wp\/v2\/posts\/37225"}],"collection":[{"href":"https:\/\/arantv.az\/index.php?rest_route=\/wp\/v2\/posts"}],"about":[{"href":"https:\/\/arantv.az\/index.php?rest_route=\/wp\/v2\/types\/post"}],"author":[{"embeddable":true,"href":"https:\/\/arantv.az\/index.php?rest_route=\/wp\/v2\/users\/2"}],"replies":[{"embeddable":true,"href":"https:\/\/arantv.az\/index.php?rest_route=%2Fwp%2Fv2%2Fcomments&post=37225"}],"version-history":[{"count":0,"href":"https:\/\/arantv.az\/index.php?rest_route=\/wp\/v2\/posts\/37225\/revisions"}],"wp:featuredmedia":[{"embeddable":true,"href":"https:\/\/arantv.az\/index.php?rest_route=\/wp\/v2\/media\/37226"}],"wp:attachment":[{"href":"https:\/\/arantv.az\/index.php?rest_route=%2Fwp%2Fv2%2Fmedia&parent=37225"}],"wp:term":[{"taxonomy":"category","embeddable":true,"href":"https:\/\/arantv.az\/index.php?rest_route=%2Fwp%2Fv2%2Fcategories&post=37225"},{"taxonomy":"post_tag","embeddable":true,"href":"https:\/\/arantv.az\/index.php?rest_route=%2Fwp%2Fv2%2Ftags&post=37225"}],"curies":[{"name":"wp","href":"https:\/\/api.w.org\/{rel}","templated":true}]}}