{"id":37228,"date":"2019-02-07T10:14:47","date_gmt":"2019-02-07T07:14:47","guid":{"rendered":"http:\/\/arantv.az\/?p=37228"},"modified":"2019-02-07T10:14:47","modified_gmt":"2019-02-07T07:14:47","slug":"z%c9%99lz%c9%99l%c9%99nin-f%c9%99sadlarinin-aradan-qaldirilmasi-isl%c9%99ri-fasil%c9%99siz-davam-etdirilir","status":"publish","type":"post","link":"https:\/\/arantv.az\/?p=37228","title":{"rendered":"Z\u0259lz\u0259l\u0259nin f\u0259sadlar\u0131n\u0131n aradan qald\u0131r\u0131lmas\u0131 i\u015fl\u0259ri fasil\u0259siz davam etdirilir"},"content":{"rendered":"<p><strong>ARANTV.AZ<\/strong> x\u0259b\u0259r verir ki, Az\u0259rbaycan Prezidentinin tap\u015f\u0131r\u0131\u011f\u0131na \u0259sas\u0259n, \u0130smay\u0131ll\u0131 \u0259razisind\u0259 qeyd\u0259 al\u0131nan z\u0259lz\u0259l\u0259nin f\u0259sadlar\u0131n\u0131n aradan qald\u0131r\u0131lmas\u0131 i\u015fl\u0259ri fasil\u0259siz davam etdirilir. M\u00fct\u0259x\u0259ssisl\u0259r ziyan d\u0259y\u0259n binalar\u0131n dayan\u0131ql\u0131l\u0131\u011f\u0131n\u0131 v\u0259 v\u0259ziyy\u0259tini ara\u015fd\u0131r\u0131rlar.<\/p>\n<p>Az\u0259rbaycan Prezidentinin tap\u015f\u0131r\u0131\u011f\u0131na \u0259sas\u0259n, \u0130smay\u0131ll\u0131 \u0259razisind\u0259 qeyd\u0259 al\u0131nan z\u0259lz\u0259l\u0259nin f\u0259sadlar\u0131n\u0131n aradan qald\u0131r\u0131lmas\u0131 i\u015fl\u0259ri fasil\u0259siz davam etdirilir. V\u0259ziyy\u0259t tam n\u0259zar\u0259t\u0259 g\u00f6t\u00fcr\u00fcl\u00fcb. Aidiyy\u0259ti qurumlar\u0131n r\u0259hb\u0259rl\u0259ri z\u0259lz\u0259l\u0259d\u0259n z\u0259r\u0259r \u00e7\u0259k\u0259n v\u0259t\u0259nda\u015flarla g\u00f6r\u00fc\u015f\u00fcb, yeralt\u0131 t\u0259kanlar\u0131n f\u0259sadlar\u0131 il\u0259 tan\u0131\u015f olublar. Sakinl\u0259r\u0259 vaxt\u0131nda k\u00f6m\u0259k g\u00f6st\u0259rilib v\u0259 laz\u0131mi yerl\u0259rd\u0259 yerl\u0259\u015fdirilibl\u0259r. Heyd\u0259r \u018fliyev Fondunun \u201cRegional \u0130nki\u015faf\u201d \u0130ctimai Birliyinin n\u00fcmay\u0259nd\u0259l\u0259ri g\u00fcn \u0259rzind\u0259 z\u0259lz\u0259l\u0259d\u0259n z\u0259r\u0259r \u00e7\u0259kmi\u015f \u0259razil\u0259rd\u0259 olub, yeralt\u0131 t\u0259kanlar\u0131n vurdu\u011fu f\u0259sadlar\u0131 ara\u015fd\u0131raraq sakinl\u0259rin m\u00fcraci\u0259tl\u0259rini qeyd\u0259 al\u0131blar. Az\u0259rbaycan\u0131n Birinci vitse-prezidenti, Heyd\u0259r \u018fliyev Fondunun prezidenti Mehriban \u018fliyevan\u0131n tap\u015f\u0131r\u0131\u011f\u0131 \u0259sas\u0131nda \u015eamax\u0131, \u0130smay\u0131ll\u0131 v\u0259 A\u011fsu rayonlar\u0131nda z\u0259r\u0259r\u00e7\u0259kmi\u015f sakinl\u0259rl\u0259 g\u00f6r\u00fc\u015f\u0259n \u201cRegional \u0130nki\u015faf\u201d \u0130ctimai Birliyinin n\u00fcmay\u0259nd\u0259l\u0259ri \u0259razil\u0259r\u0259 bax\u0131\u015f ke\u00e7irib. Toplanm\u0131\u015f m\u0259lumatlar Fondun r\u0259hb\u0259rliyin\u0259 m\u0259ruz\u0259 edilib. Heyd\u0259r \u018fliyev Fondu z\u0259lz\u0259l\u0259 n\u0259tic\u0259sind\u0259 yaranan probleml\u0259rin h\u0259llind\u0259 qar\u015f\u0131dak\u0131 g\u00fcnl\u0259rd\u0259 d\u0259 d\u00f6vl\u0259t qurumlar\u0131 il\u0259 birlikd\u0259 s\u0131x i\u015fl\u0259y\u0259r\u0259k sakinl\u0259rin m\u0259skunla\u015fmas\u0131 v\u0259 rahatl\u0131qlar\u0131n\u0131n q\u0131sa zamanda t\u0259min edilm\u0259sin\u0259 s\u0259y g\u00f6st\u0259r\u0259c\u0259k. Eyni zamanda, t\u0259bii f\u0259lak\u0259t n\u0259tic\u0259sind\u0259 evl\u0259rini t\u0259rk etm\u0259y\u0259 m\u0259cbur qalan v\u0259t\u0259nda\u015flarla daim \u0259laq\u0259d\u0259 olaraq onlar\u0131n qay\u011f\u0131lar\u0131n\u0131n aradan qald\u0131r\u0131lmas\u0131 istiqam\u0259tind\u0259 i\u015fl\u0259r apar\u0131lacaq.<\/p>\n<p>M\u00fct\u0259x\u0259ssisl\u0259r ziyan d\u0259ymi\u015f binalar\u0131n dayan\u0131ql\u0131l\u0131\u011f\u0131n\u0131 v\u0259 v\u0259ziyy\u0259tini ara\u015fd\u0131r\u0131rlar. Ara\u015fd\u0131rma n\u0259tic\u0259sind\u0259 m\u00fcvafiq q\u0259rar q\u0259bul olunacaq.<\/p>\n","protected":false},"excerpt":{"rendered":"<p>ARANTV.AZ x\u0259b\u0259r verir ki, Az\u0259rbaycan Prezidentinin tap\u015f\u0131r\u0131\u011f\u0131na \u0259sas\u0259n, \u0130smay\u0131ll\u0131 \u0259razisind\u0259 qeyd\u0259 al\u0131nan z\u0259lz\u0259l\u0259nin f\u0259sadlar\u0131n\u0131n aradan qald\u0131r\u0131lmas\u0131 i\u015fl\u0259ri fasil\u0259siz davam etdirilir. M\u00fct\u0259x\u0259ssisl\u0259r ziyan d\u0259y\u0259n binalar\u0131n dayan\u0131ql\u0131l\u0131\u011f\u0131n\u0131 v\u0259 v\u0259ziyy\u0259tini ara\u015fd\u0131r\u0131rlar. Az\u0259rbaycan Prezidentinin tap\u015f\u0131r\u0131\u011f\u0131na \u0259sas\u0259n, \u0130smay\u0131ll\u0131 \u0259razisind\u0259 qeyd\u0259 al\u0131nan z\u0259lz\u0259l\u0259nin f\u0259sadlar\u0131n\u0131n aradan qald\u0131r\u0131lmas\u0131 i\u015fl\u0259ri fasil\u0259siz davam etdirilir. V\u0259ziyy\u0259t tam n\u0259zar\u0259t\u0259 g\u00f6t\u00fcr\u00fcl\u00fcb. Aidiyy\u0259ti qurumlar\u0131n r\u0259hb\u0259rl\u0259ri z\u0259lz\u0259l\u0259d\u0259n z\u0259r\u0259r \u00e7\u0259k\u0259n v\u0259t\u0259nda\u015flarla g\u00f6r\u00fc\u015f\u00fcb, yeralt\u0131 t\u0259kanlar\u0131n f\u0259sadlar\u0131 il\u0259 tan\u0131\u015f olublar. Sakinl\u0259r\u0259 vaxt\u0131nda k\u00f6m\u0259k g\u00f6st\u0259rilib v\u0259 laz\u0131mi yerl\u0259rd\u0259 yerl\u0259\u015fdirilibl\u0259r. Heyd\u0259r \u018fliyev Fondunun \u201cRegional \u0130nki\u015faf\u201d \u0130ctimai Birliyinin n\u00fcmay\u0259nd\u0259l\u0259ri g\u00fcn \u0259rzind\u0259 z\u0259lz\u0259l\u0259d\u0259n z\u0259r\u0259r \u00e7\u0259kmi\u015f \u0259razil\u0259rd\u0259 olub, yeralt\u0131 t\u0259kanlar\u0131n vurdu\u011fu f\u0259sadlar\u0131 ara\u015fd\u0131raraq&hellip;<\/p>\n","protected":false},"author":2,"featured_media":37229,"comment_status":"closed","ping_status":"closed","sticky":false,"template":"","format":"standard","meta":{"om_disable_all_campaigns":false,"_monsterinsights_skip_tracking":false,"_monsterinsights_sitenote_active":false,"_monsterinsights_sitenote_note":"","_monsterinsights_sitenote_category":0},"categories":[2],"tags":[],"aioseo_notices":[],"gutentor_comment":0,"rttpg_featured_image_url":{"full":["https:\/\/arantv.az\/wp-content\/uploads\/2019\/02\/dtkcv1vr3i0rv286l6i2au11u5zel.jpg",696,456,false],"landscape":["https:\/\/arantv.az\/wp-content\/uploads\/2019\/02\/dtkcv1vr3i0rv286l6i2au11u5zel.jpg",696,456,false],"portraits":["https:\/\/arantv.az\/wp-content\/uploads\/2019\/02\/dtkcv1vr3i0rv286l6i2au11u5zel.jpg",696,456,false],"thumbnail":["https:\/\/arantv.az\/wp-content\/uploads\/2019\/02\/dtkcv1vr3i0rv286l6i2au11u5zel-150x150.jpg",150,150,true],"medium":["https:\/\/arantv.az\/wp-content\/uploads\/2019\/02\/dtkcv1vr3i0rv286l6i2au11u5zel-300x197.jpg",300,197,true],"large":["https:\/\/arantv.az\/wp-content\/uploads\/2019\/02\/dtkcv1vr3i0rv286l6i2au11u5zel.jpg",640,419,false],"1536x1536":["https:\/\/arantv.az\/wp-content\/uploads\/2019\/02\/dtkcv1vr3i0rv286l6i2au11u5zel.jpg",696,456,false],"2048x2048":["https:\/\/arantv.az\/wp-content\/uploads\/2019\/02\/dtkcv1vr3i0rv286l6i2au11u5zel.jpg",696,456,false],"post-thumbnail":["https:\/\/arantv.az\/wp-content\/uploads\/2019\/02\/dtkcv1vr3i0rv286l6i2au11u5zel-240x172.jpg",240,172,true],"advps-thumb-one":["https:\/\/arantv.az\/wp-content\/uploads\/2019\/02\/dtkcv1vr3i0rv286l6i2au11u5zel.jpg",696,456,false]},"rttpg_author":{"display_name":"V\u00fcsal Rafiqo\u011flu","author_link":"https:\/\/arantv.az\/?author=2"},"rttpg_comment":0,"rttpg_category":"<a href=\"https:\/\/arantv.az\/?cat=2\" rel=\"category\">Region X\u0259b\u0259rl\u0259ri<\/a>","rttpg_excerpt":"ARANTV.AZ x\u0259b\u0259r verir ki, Az\u0259rbaycan Prezidentinin tap\u015f\u0131r\u0131\u011f\u0131na \u0259sas\u0259n, \u0130smay\u0131ll\u0131 \u0259razisind\u0259 qeyd\u0259 al\u0131nan z\u0259lz\u0259l\u0259nin f\u0259sadlar\u0131n\u0131n aradan qald\u0131r\u0131lmas\u0131 i\u015fl\u0259ri fasil\u0259siz davam etdirilir. M\u00fct\u0259x\u0259ssisl\u0259r ziyan d\u0259y\u0259n binalar\u0131n dayan\u0131ql\u0131l\u0131\u011f\u0131n\u0131 v\u0259 v\u0259ziyy\u0259tini ara\u015fd\u0131r\u0131rlar. Az\u0259rbaycan Prezidentinin tap\u015f\u0131r\u0131\u011f\u0131na \u0259sas\u0259n, \u0130smay\u0131ll\u0131 \u0259razisind\u0259 qeyd\u0259 al\u0131nan z\u0259lz\u0259l\u0259nin f\u0259sadlar\u0131n\u0131n aradan qald\u0131r\u0131lmas\u0131 i\u015fl\u0259ri fasil\u0259siz davam etdirilir. V\u0259ziyy\u0259t tam n\u0259zar\u0259t\u0259 g\u00f6t\u00fcr\u00fcl\u00fcb. Aidiyy\u0259ti qurumlar\u0131n r\u0259hb\u0259rl\u0259ri z\u0259lz\u0259l\u0259d\u0259n z\u0259r\u0259r \u00e7\u0259k\u0259n v\u0259t\u0259nda\u015flarla&hellip;","_links":{"self":[{"href":"https:\/\/arantv.az\/index.php?rest_route=\/wp\/v2\/posts\/37228"}],"collection":[{"href":"https:\/\/arantv.az\/index.php?rest_route=\/wp\/v2\/posts"}],"about":[{"href":"https:\/\/arantv.az\/index.php?rest_route=\/wp\/v2\/types\/post"}],"author":[{"embeddable":true,"href":"https:\/\/arantv.az\/index.php?rest_route=\/wp\/v2\/users\/2"}],"replies":[{"embeddable":true,"href":"https:\/\/arantv.az\/index.php?rest_route=%2Fwp%2Fv2%2Fcomments&post=37228"}],"version-history":[{"count":0,"href":"https:\/\/arantv.az\/index.php?rest_route=\/wp\/v2\/posts\/37228\/revisions"}],"wp:featuredmedia":[{"embeddable":true,"href":"https:\/\/arantv.az\/index.php?rest_route=\/wp\/v2\/media\/37229"}],"wp:attachment":[{"href":"https:\/\/arantv.az\/index.php?rest_route=%2Fwp%2Fv2%2Fmedia&parent=37228"}],"wp:term":[{"taxonomy":"category","embeddable":true,"href":"https:\/\/arantv.az\/index.php?rest_route=%2Fwp%2Fv2%2Fcategories&post=37228"},{"taxonomy":"post_tag","embeddable":true,"href":"https:\/\/arantv.az\/index.php?rest_route=%2Fwp%2Fv2%2Ftags&post=37228"}],"curies":[{"name":"wp","href":"https:\/\/api.w.org\/{rel}","templated":true}]}}