{"id":37234,"date":"2019-02-07T10:16:45","date_gmt":"2019-02-07T07:16:45","guid":{"rendered":"http:\/\/arantv.az\/?p=37234"},"modified":"2019-02-07T10:16:45","modified_gmt":"2019-02-07T07:16:45","slug":"rusiyanin-iqtisadi-inkisaf-naziri-maksim-oreskinin-basciliq-etdiyi-numay%c9%99nd%c9%99-hey%c9%99ti-az%c9%99rbaycana-g%c9%99l%c9%99c%c9%99k","status":"publish","type":"post","link":"https:\/\/arantv.az\/?p=37234","title":{"rendered":"Rusiyan\u0131n \u0130qtisadi \u0130nki\u015faf naziri Maksim Ore\u015fkinin ba\u015f\u00e7\u0131l\u0131q etdiyi n\u00fcmay\u0259nd\u0259 hey\u0259ti Az\u0259rbaycana g\u0259l\u0259c\u0259k"},"content":{"rendered":"<p><strong>ARANTV.AZ<\/strong> x\u0259b\u0259r verir ki, Fevral\u0131n 8-d\u0259 Rusiyan\u0131n \u0130qtisadi \u0130nki\u015faf naziri Maksim Ore\u015fkinin ba\u015f\u00e7\u0131l\u0131q etdiyi n\u00fcmay\u0259nd\u0259 hey\u0259ti Az\u0259rbaycana g\u0259l\u0259c\u0259k. S\u0259f\u0259r \u00e7\u0259r\u00e7iv\u0259sind\u0259 \u0259vv\u0259lc\u0259 Az\u0259rbaycanla Rusiyan\u0131n d\u00f6vl\u0259t s\u0259rh\u0259dind\u0259 \u201cYaraq-Qazmalar\u201d s\u0259rh\u0259d burax\u0131l\u0131\u015f m\u0259nt\u0259q\u0259sind\u0259 yenid\u0259nqurma v\u0259 rekonstruksiya i\u015fl\u0259rin\u0259, \u201cSamur\u201d s\u0259rh\u0259d burax\u0131l\u0131\u015f m\u0259nt\u0259q\u0259sin\u0259 v\u0259 Samur \u00e7ay\u0131 \u00fcz\u0259rind\u0259 avtomobil k\u00f6rp\u00fcs\u00fcn\u00fcn tikintisin\u0259 bax\u0131\u015f ke\u00e7iril\u0259c\u0259k. Fevral\u0131n 9-da is\u0259 Hac\u0131qabul S\u0259naye M\u0259h\u0259ll\u0259sind\u0259 Az\u0259rbaycan-Rusiya iqtisadi \u0259m\u0259kda\u015fl\u0131\u011f\u0131n\u0131n inki\u015faf\u0131 imkanlar\u0131 m\u00fczakir\u0259 edil\u0259c\u0259k, \u201cAz\u0259rma\u015f\u201d \u015firk\u0259tinin Rusiyan\u0131n \u201cQaz Qrup\u201d \u015firk\u0259ti il\u0259 birg\u0259 h\u0259yata ke\u00e7irdiyi layih\u0259 \u00fczr\u0259 kommersiya v\u0259 x\u00fcsusi t\u0259yinatl\u0131 avtomobill\u0259rin istehsal\u0131 zavodunun t\u0259m\u0259li qoyulacaq.<\/p>\n","protected":false},"excerpt":{"rendered":"<p>ARANTV.AZ x\u0259b\u0259r verir ki, Fevral\u0131n 8-d\u0259 Rusiyan\u0131n \u0130qtisadi \u0130nki\u015faf naziri Maksim Ore\u015fkinin ba\u015f\u00e7\u0131l\u0131q etdiyi n\u00fcmay\u0259nd\u0259 hey\u0259ti Az\u0259rbaycana g\u0259l\u0259c\u0259k. S\u0259f\u0259r \u00e7\u0259r\u00e7iv\u0259sind\u0259 \u0259vv\u0259lc\u0259 Az\u0259rbaycanla Rusiyan\u0131n d\u00f6vl\u0259t s\u0259rh\u0259dind\u0259 \u201cYaraq-Qazmalar\u201d s\u0259rh\u0259d burax\u0131l\u0131\u015f m\u0259nt\u0259q\u0259sind\u0259 yenid\u0259nqurma v\u0259 rekonstruksiya i\u015fl\u0259rin\u0259, \u201cSamur\u201d s\u0259rh\u0259d burax\u0131l\u0131\u015f m\u0259nt\u0259q\u0259sin\u0259 v\u0259 Samur \u00e7ay\u0131 \u00fcz\u0259rind\u0259 avtomobil k\u00f6rp\u00fcs\u00fcn\u00fcn tikintisin\u0259 bax\u0131\u015f ke\u00e7iril\u0259c\u0259k. Fevral\u0131n 9-da is\u0259 Hac\u0131qabul S\u0259naye M\u0259h\u0259ll\u0259sind\u0259 Az\u0259rbaycan-Rusiya iqtisadi \u0259m\u0259kda\u015fl\u0131\u011f\u0131n\u0131n inki\u015faf\u0131 imkanlar\u0131 m\u00fczakir\u0259 edil\u0259c\u0259k, \u201cAz\u0259rma\u015f\u201d \u015firk\u0259tinin Rusiyan\u0131n \u201cQaz Qrup\u201d \u015firk\u0259ti il\u0259 birg\u0259 h\u0259yata ke\u00e7irdiyi layih\u0259 \u00fczr\u0259 kommersiya v\u0259 x\u00fcsusi t\u0259yinatl\u0131 avtomobill\u0259rin istehsal\u0131 zavodunun t\u0259m\u0259li qoyulacaq.<\/p>\n","protected":false},"author":2,"featured_media":37235,"comment_status":"closed","ping_status":"closed","sticky":false,"template":"","format":"standard","meta":{"om_disable_all_campaigns":false,"_monsterinsights_skip_tracking":false,"_monsterinsights_sitenote_active":false,"_monsterinsights_sitenote_note":"","_monsterinsights_sitenote_category":0},"categories":[19],"tags":[],"aioseo_notices":[],"gutentor_comment":0,"rttpg_featured_image_url":{"full":["https:\/\/arantv.az\/wp-content\/uploads\/2019\/02\/dtkcv1vr3i0rv286l6i2au11u5rus.jpg",1000,616,false],"landscape":["https:\/\/arantv.az\/wp-content\/uploads\/2019\/02\/dtkcv1vr3i0rv286l6i2au11u5rus.jpg",1000,616,false],"portraits":["https:\/\/arantv.az\/wp-content\/uploads\/2019\/02\/dtkcv1vr3i0rv286l6i2au11u5rus.jpg",1000,616,false],"thumbnail":["https:\/\/arantv.az\/wp-content\/uploads\/2019\/02\/dtkcv1vr3i0rv286l6i2au11u5rus-150x150.jpg",150,150,true],"medium":["https:\/\/arantv.az\/wp-content\/uploads\/2019\/02\/dtkcv1vr3i0rv286l6i2au11u5rus-300x185.jpg",300,185,true],"large":["https:\/\/arantv.az\/wp-content\/uploads\/2019\/02\/dtkcv1vr3i0rv286l6i2au11u5rus.jpg",640,394,false],"1536x1536":["https:\/\/arantv.az\/wp-content\/uploads\/2019\/02\/dtkcv1vr3i0rv286l6i2au11u5rus.jpg",1000,616,false],"2048x2048":["https:\/\/arantv.az\/wp-content\/uploads\/2019\/02\/dtkcv1vr3i0rv286l6i2au11u5rus.jpg",1000,616,false],"post-thumbnail":["https:\/\/arantv.az\/wp-content\/uploads\/2019\/02\/dtkcv1vr3i0rv286l6i2au11u5rus-240x172.jpg",240,172,true],"advps-thumb-one":["https:\/\/arantv.az\/wp-content\/uploads\/2019\/02\/dtkcv1vr3i0rv286l6i2au11u5rus.jpg",1000,616,false]},"rttpg_author":{"display_name":"V\u00fcsal Rafiqo\u011flu","author_link":"https:\/\/arantv.az\/?author=2"},"rttpg_comment":0,"rttpg_category":"<a href=\"https:\/\/arantv.az\/?cat=19\" rel=\"category\">G\u00fcnd\u0259m<\/a>","rttpg_excerpt":"ARANTV.AZ x\u0259b\u0259r verir ki, Fevral\u0131n 8-d\u0259 Rusiyan\u0131n \u0130qtisadi \u0130nki\u015faf naziri Maksim Ore\u015fkinin ba\u015f\u00e7\u0131l\u0131q etdiyi n\u00fcmay\u0259nd\u0259 hey\u0259ti Az\u0259rbaycana g\u0259l\u0259c\u0259k. S\u0259f\u0259r \u00e7\u0259r\u00e7iv\u0259sind\u0259 \u0259vv\u0259lc\u0259 Az\u0259rbaycanla Rusiyan\u0131n d\u00f6vl\u0259t s\u0259rh\u0259dind\u0259 \u201cYaraq-Qazmalar\u201d s\u0259rh\u0259d burax\u0131l\u0131\u015f m\u0259nt\u0259q\u0259sind\u0259 yenid\u0259nqurma v\u0259 rekonstruksiya i\u015fl\u0259rin\u0259, \u201cSamur\u201d s\u0259rh\u0259d burax\u0131l\u0131\u015f m\u0259nt\u0259q\u0259sin\u0259 v\u0259 Samur \u00e7ay\u0131 \u00fcz\u0259rind\u0259 avtomobil k\u00f6rp\u00fcs\u00fcn\u00fcn tikintisin\u0259 bax\u0131\u015f ke\u00e7iril\u0259c\u0259k. Fevral\u0131n 9-da is\u0259 Hac\u0131qabul S\u0259naye M\u0259h\u0259ll\u0259sind\u0259 Az\u0259rbaycan-Rusiya iqtisadi \u0259m\u0259kda\u015fl\u0131\u011f\u0131n\u0131n&hellip;","_links":{"self":[{"href":"https:\/\/arantv.az\/index.php?rest_route=\/wp\/v2\/posts\/37234"}],"collection":[{"href":"https:\/\/arantv.az\/index.php?rest_route=\/wp\/v2\/posts"}],"about":[{"href":"https:\/\/arantv.az\/index.php?rest_route=\/wp\/v2\/types\/post"}],"author":[{"embeddable":true,"href":"https:\/\/arantv.az\/index.php?rest_route=\/wp\/v2\/users\/2"}],"replies":[{"embeddable":true,"href":"https:\/\/arantv.az\/index.php?rest_route=%2Fwp%2Fv2%2Fcomments&post=37234"}],"version-history":[{"count":0,"href":"https:\/\/arantv.az\/index.php?rest_route=\/wp\/v2\/posts\/37234\/revisions"}],"wp:featuredmedia":[{"embeddable":true,"href":"https:\/\/arantv.az\/index.php?rest_route=\/wp\/v2\/media\/37235"}],"wp:attachment":[{"href":"https:\/\/arantv.az\/index.php?rest_route=%2Fwp%2Fv2%2Fmedia&parent=37234"}],"wp:term":[{"taxonomy":"category","embeddable":true,"href":"https:\/\/arantv.az\/index.php?rest_route=%2Fwp%2Fv2%2Fcategories&post=37234"},{"taxonomy":"post_tag","embeddable":true,"href":"https:\/\/arantv.az\/index.php?rest_route=%2Fwp%2Fv2%2Ftags&post=37234"}],"curies":[{"name":"wp","href":"https:\/\/api.w.org\/{rel}","templated":true}]}}