{"id":37237,"date":"2019-02-07T10:30:16","date_gmt":"2019-02-07T07:30:16","guid":{"rendered":"http:\/\/arantv.az\/?p=37237"},"modified":"2019-02-07T10:30:16","modified_gmt":"2019-02-07T07:30:16","slug":"turkiy%c9%99li-diplomat-1915-ci-ild%c9%99-makronun-atasi-da-anadan-olmamisdi","status":"publish","type":"post","link":"https:\/\/arantv.az\/?p=37237","title":{"rendered":"T\u00fcrkiy\u0259li diplomat: \u201c1915-ci ild\u0259 Makronun atas\u0131 da anadan olmam\u0131\u015fd\u0131\u201d"},"content":{"rendered":"<div class=\"spot\">&#8220;Fransa prezidenti Makronun qondarma 1915-ci il hadis\u0259l\u0259rini Fransada mat\u0259m g\u00fcn\u00fc elan olunaca\u011f\u0131na dair ifad\u0259l\u0259rini i\u015f h\u0259yat\u0131n\u0131n \u00f6n\u0259mli hiss\u0259sini ASALA terror\u00e7ular\u0131n\u0131n t\u0259hdidl\u0259ri il\u0259 ke\u00e7ir\u0259n bir diplomat olaraq q\u0131nay\u0131ram&#8221;.<\/div>\n<p><strong>ARANTV.AZ\u00a0<\/strong> x\u0259b\u0259r verir ki, bu s\u00f6zl\u0259ri T\u00fcrkiy\u0259nin Az\u0259rbaycan v\u0259 Moldovada\u00a0 f\u00f6vq\u0259lad\u0259 v\u0259 s\u0259lahiyy\u0259tli sabiq s\u0259firi olmu\u015f, m\u0259\u015fhur diplomat Hulusi K\u0131l\u0131\u00e7 bildirib.<\/p>\n<p>\u201cTarix\u00e7il\u0259r tarixl\u0259, siyas\u0259t\u00e7il\u0259r is\u0259 siyas\u0259tl\u0259 m\u0259\u015f\u011ful olsa daha m\u0259ntiqli olar. 1915-ci il hadis\u0259l\u0259rinin h\u00fcquqi, tarixi v\u0259 akademik d\u0259r\u0259c\u0259d\u0259 qanuni bir problemli m\u00f6vzudur.<br \/>\nBu m\u0259s\u0259l\u0259 siyas\u0259t\u00e7il\u0259rin deyil, tarix\u00e7il\u0259rin sah\u0259sidir. 1915-ci ild\u0259 Makronun d\u0259d\u0259si d\u0259 d\u00fcnyada deyildi. Makronun \u00f6nc\u0259 Osmanl\u0131 tarixini yax\u015f\u0131 \u00f6yr\u0259nm\u0259sini g\u00f6zl\u0259yirik. Makronun ifad\u0259l\u0259ri Fransada ya\u015fayan 700 mind\u0259n \u00e7ox \u00e7ox t\u00fcrk v\u0259t\u0259nda\u015f\u0131, t\u00fcrk \u0259silli Fransa v\u0259t\u0259nda\u015flar\u0131 daxil olmaqla, Az\u0259rbaycan v\u0259t\u0259nda\u015flar\u0131na, qarda\u015f T\u00fcrk \u00f6lk\u0259l\u0259rinin v\u0259t\u0259nda\u015flar\u0131na h\u00f6rm\u0259tsizlikdir. At\u0131lan add\u0131m t\u0259hl\u00fck\u0259li v\u0259 separat\u00e7\u0131 narahat\u00e7\u0131l\u0131q, ayr\u0131\u2013se\u00e7kilik yaradacaq, xalqlar\u0131 d\u00fc\u015fm\u0259n hal\u0131na g\u0259tir\u0259c\u0259k.<\/p>\n<p>\u0130stiqlal sava\u015f\u0131 d\u00f6n\u0259mind\u0259 Fransan\u0131n Anadoluda erm\u0259nil\u0259rin \u0259li il\u0259 h\u0259yata ke\u00e7irdiyi d\u0259h\u015f\u0259tl\u0259r, yax\u0131n ke\u00e7mi\u015fd\u0259 \u018flc\u0259zaird\u0259 etdiyi q\u0259tliamlar v\u0259 Ruanda soyq\u0131r\u0131m\u0131 yadda\u015f\u0131m\u0131zdad\u0131r.<\/p>\n<div id=\"AdributorNativeVideo0\" class=\"AdributorNativeVideo\"><\/div>\n<p>Ayr\u0131ca son 45 ild\u0259 b\u0259zil\u0259ri Fransada olmaqla, 42 g\u00fcnahs\u0131z T\u00fcrk diplomat\u0131n\u0131n erm\u0259ni terror\u00e7u qurpla\u015fmalar\u0131 t\u0259r\u0259find\u0259n v\u0259h\u015fic\u0259sin\u0259 q\u0259tli v\u0259 27 il \u00f6nc\u0259 Xocal\u0131da erm\u0259ni terror\u00e7ular\u0131 t\u0259r\u0259find\u0259n h\u0259yata ke\u00e7iril\u0259n q\u0259tliam qar\u015f\u0131s\u0131nda susanlar, tarixin k\u00fcll\u0259rini qar\u0131\u015fd\u0131raraq ba\u015fqalar\u0131n\u0131 ittihama qalxmas\u0131n\u0131n insan z\u0259kas\u0131n\u0131\u00a0 t\u0259hqir olaraq d\u0259y\u0259rl\u0259ndirir\u0259m.<\/p>\n<p>Makronun ataca\u011f\u0131 bu t\u0259hl\u00fck\u0259li,separat\u00e7\u0131 v\u0259 yaln\u0131\u015f add\u0131mdan imtina ed\u0259c\u0259yini g\u00f6zl\u0259yirik\u201d.<\/p>\n<p><em><br \/>\n\u00d6lk\u0259.Az<\/em><\/p>\n","protected":false},"excerpt":{"rendered":"<p>&#8220;Fransa prezidenti Makronun qondarma 1915-ci il hadis\u0259l\u0259rini Fransada mat\u0259m g\u00fcn\u00fc elan olunaca\u011f\u0131na dair ifad\u0259l\u0259rini i\u015f h\u0259yat\u0131n\u0131n \u00f6n\u0259mli hiss\u0259sini ASALA terror\u00e7ular\u0131n\u0131n t\u0259hdidl\u0259ri il\u0259 ke\u00e7ir\u0259n bir diplomat olaraq q\u0131nay\u0131ram&#8221;. ARANTV.AZ\u00a0 x\u0259b\u0259r verir ki, bu s\u00f6zl\u0259ri T\u00fcrkiy\u0259nin Az\u0259rbaycan v\u0259 Moldovada\u00a0 f\u00f6vq\u0259lad\u0259 v\u0259 s\u0259lahiyy\u0259tli sabiq s\u0259firi olmu\u015f, m\u0259\u015fhur diplomat Hulusi K\u0131l\u0131\u00e7 bildirib. \u201cTarix\u00e7il\u0259r tarixl\u0259, siyas\u0259t\u00e7il\u0259r is\u0259 siyas\u0259tl\u0259 m\u0259\u015f\u011ful olsa daha m\u0259ntiqli olar. 1915-ci il hadis\u0259l\u0259rinin h\u00fcquqi, tarixi v\u0259 akademik d\u0259r\u0259c\u0259d\u0259 qanuni bir problemli m\u00f6vzudur. Bu m\u0259s\u0259l\u0259 siyas\u0259t\u00e7il\u0259rin deyil, tarix\u00e7il\u0259rin sah\u0259sidir. 1915-ci ild\u0259 Makronun d\u0259d\u0259si d\u0259 d\u00fcnyada deyildi. Makronun \u00f6nc\u0259 Osmanl\u0131 tarixini yax\u015f\u0131 \u00f6yr\u0259nm\u0259sini g\u00f6zl\u0259yirik.&hellip;<\/p>\n","protected":false},"author":2,"featured_media":37238,"comment_status":"closed","ping_status":"closed","sticky":false,"template":"","format":"standard","meta":{"om_disable_all_campaigns":false,"_monsterinsights_skip_tracking":false,"_monsterinsights_sitenote_active":false,"_monsterinsights_sitenote_note":"","_monsterinsights_sitenote_category":0},"categories":[4],"tags":[],"aioseo_notices":[],"gutentor_comment":0,"rttpg_featured_image_url":{"full":["https:\/\/arantv.az\/wp-content\/uploads\/2019\/02\/hulusikilic.jpg",620,375,false],"landscape":["https:\/\/arantv.az\/wp-content\/uploads\/2019\/02\/hulusikilic.jpg",620,375,false],"portraits":["https:\/\/arantv.az\/wp-content\/uploads\/2019\/02\/hulusikilic.jpg",620,375,false],"thumbnail":["https:\/\/arantv.az\/wp-content\/uploads\/2019\/02\/hulusikilic-150x150.jpg",150,150,true],"medium":["https:\/\/arantv.az\/wp-content\/uploads\/2019\/02\/hulusikilic-300x181.jpg",300,181,true],"large":["https:\/\/arantv.az\/wp-content\/uploads\/2019\/02\/hulusikilic.jpg",620,375,false],"1536x1536":["https:\/\/arantv.az\/wp-content\/uploads\/2019\/02\/hulusikilic.jpg",620,375,false],"2048x2048":["https:\/\/arantv.az\/wp-content\/uploads\/2019\/02\/hulusikilic.jpg",620,375,false],"post-thumbnail":["https:\/\/arantv.az\/wp-content\/uploads\/2019\/02\/hulusikilic-240x172.jpg",240,172,true],"advps-thumb-one":["https:\/\/arantv.az\/wp-content\/uploads\/2019\/02\/hulusikilic.jpg",620,375,false]},"rttpg_author":{"display_name":"V\u00fcsal Rafiqo\u011flu","author_link":"https:\/\/arantv.az\/?author=2"},"rttpg_comment":0,"rttpg_category":"<a href=\"https:\/\/arantv.az\/?cat=4\" rel=\"category\">Siyas\u0259t<\/a>","rttpg_excerpt":"&#8220;Fransa prezidenti Makronun qondarma 1915-ci il hadis\u0259l\u0259rini Fransada mat\u0259m g\u00fcn\u00fc elan olunaca\u011f\u0131na dair ifad\u0259l\u0259rini i\u015f h\u0259yat\u0131n\u0131n \u00f6n\u0259mli hiss\u0259sini ASALA terror\u00e7ular\u0131n\u0131n t\u0259hdidl\u0259ri il\u0259 ke\u00e7ir\u0259n bir diplomat olaraq q\u0131nay\u0131ram&#8221;. ARANTV.AZ\u00a0 x\u0259b\u0259r verir ki, bu s\u00f6zl\u0259ri T\u00fcrkiy\u0259nin Az\u0259rbaycan v\u0259 Moldovada\u00a0 f\u00f6vq\u0259lad\u0259 v\u0259 s\u0259lahiyy\u0259tli sabiq s\u0259firi olmu\u015f, m\u0259\u015fhur diplomat Hulusi K\u0131l\u0131\u00e7 bildirib. \u201cTarix\u00e7il\u0259r tarixl\u0259, siyas\u0259t\u00e7il\u0259r is\u0259 siyas\u0259tl\u0259 m\u0259\u015f\u011ful olsa&hellip;","_links":{"self":[{"href":"https:\/\/arantv.az\/index.php?rest_route=\/wp\/v2\/posts\/37237"}],"collection":[{"href":"https:\/\/arantv.az\/index.php?rest_route=\/wp\/v2\/posts"}],"about":[{"href":"https:\/\/arantv.az\/index.php?rest_route=\/wp\/v2\/types\/post"}],"author":[{"embeddable":true,"href":"https:\/\/arantv.az\/index.php?rest_route=\/wp\/v2\/users\/2"}],"replies":[{"embeddable":true,"href":"https:\/\/arantv.az\/index.php?rest_route=%2Fwp%2Fv2%2Fcomments&post=37237"}],"version-history":[{"count":0,"href":"https:\/\/arantv.az\/index.php?rest_route=\/wp\/v2\/posts\/37237\/revisions"}],"wp:featuredmedia":[{"embeddable":true,"href":"https:\/\/arantv.az\/index.php?rest_route=\/wp\/v2\/media\/37238"}],"wp:attachment":[{"href":"https:\/\/arantv.az\/index.php?rest_route=%2Fwp%2Fv2%2Fmedia&parent=37237"}],"wp:term":[{"taxonomy":"category","embeddable":true,"href":"https:\/\/arantv.az\/index.php?rest_route=%2Fwp%2Fv2%2Fcategories&post=37237"},{"taxonomy":"post_tag","embeddable":true,"href":"https:\/\/arantv.az\/index.php?rest_route=%2Fwp%2Fv2%2Ftags&post=37237"}],"curies":[{"name":"wp","href":"https:\/\/api.w.org\/{rel}","templated":true}]}}