{"id":37240,"date":"2019-02-07T10:31:01","date_gmt":"2019-02-07T07:31:01","guid":{"rendered":"http:\/\/arantv.az\/?p=37240"},"modified":"2019-02-07T10:31:01","modified_gmt":"2019-02-07T07:31:01","slug":"bas-prokurorluqda-genis-kollegiya-iclasi-kecirilir","status":"publish","type":"post","link":"https:\/\/arantv.az\/?p=37240","title":{"rendered":"Ba\u015f Prokurorluqda geni\u015f kollegiya iclas\u0131 ke\u00e7irilir"},"content":{"rendered":"<div class=\"spot\">Ba\u015f Prokurorluqda geni\u015f kollegiya iclas\u0131 ke\u00e7irilir.<\/div>\n<p><strong>ARANTV.AZ<\/strong>-\u0131n x\u0259b\u0259rin\u0259 g\u00f6r\u0259, M\u0259rk\u0259zi Aparat\u0131n, Respublika H\u0259rbi, Nax\u00e7\u0131van Muxtar Respublikas\u0131, Nax\u00e7\u0131van H\u0259rbi v\u0259 Bak\u0131 \u015f\u0259h\u0259r prokurorluqlar\u0131n\u0131n r\u0259hb\u0259r hey\u0259tinin, rayon v\u0259 \u015f\u0259h\u0259r, \u0259razi h\u0259rbi prokurorlar\u0131n\u0131n i\u015ftirak\u0131 il\u0259 ke\u00e7iril\u0259n kollegiya iclas\u0131 prokurorluq orqanlar\u0131 t\u0259r\u0259find\u0259n 2018-ci ild\u0259 \u201cProkurorluq haqq\u0131nda\u201d qanunda n\u0259z\u0259rd\u0259 tutulmu\u015f f\u0259aliyy\u0259t istiqam\u0259tl\u0259ri \u00fczr\u0259 g\u00f6r\u00fclm\u00fc\u015f i\u015fl\u0259rin v\u0259ziyy\u0259ti v\u0259 qar\u015f\u0131da duran v\u0259zif\u0259l\u0259rin m\u00fczakir\u0259sin\u0259 h\u0259sr olunub.<\/p>\n<p>Kollegiya iclas\u0131nda ba\u015f prokuror Zakir Qaralov hesabat m\u0259ruz\u0259si il\u0259 \u00e7\u0131x\u0131\u015f ed\u0259c\u0259k.<\/p>\n<p><em>\u00d6lk\u0259.Az<\/em><\/p>\n","protected":false},"excerpt":{"rendered":"<p>Ba\u015f Prokurorluqda geni\u015f kollegiya iclas\u0131 ke\u00e7irilir. ARANTV.AZ-\u0131n x\u0259b\u0259rin\u0259 g\u00f6r\u0259, M\u0259rk\u0259zi Aparat\u0131n, Respublika H\u0259rbi, Nax\u00e7\u0131van Muxtar Respublikas\u0131, Nax\u00e7\u0131van H\u0259rbi v\u0259 Bak\u0131 \u015f\u0259h\u0259r prokurorluqlar\u0131n\u0131n r\u0259hb\u0259r hey\u0259tinin, rayon v\u0259 \u015f\u0259h\u0259r, \u0259razi h\u0259rbi prokurorlar\u0131n\u0131n i\u015ftirak\u0131 il\u0259 ke\u00e7iril\u0259n kollegiya iclas\u0131 prokurorluq orqanlar\u0131 t\u0259r\u0259find\u0259n 2018-ci ild\u0259 \u201cProkurorluq haqq\u0131nda\u201d qanunda n\u0259z\u0259rd\u0259 tutulmu\u015f f\u0259aliyy\u0259t istiqam\u0259tl\u0259ri \u00fczr\u0259 g\u00f6r\u00fclm\u00fc\u015f i\u015fl\u0259rin v\u0259ziyy\u0259ti v\u0259 qar\u015f\u0131da duran v\u0259zif\u0259l\u0259rin m\u00fczakir\u0259sin\u0259 h\u0259sr olunub. Kollegiya iclas\u0131nda ba\u015f prokuror Zakir Qaralov hesabat m\u0259ruz\u0259si il\u0259 \u00e7\u0131x\u0131\u015f ed\u0259c\u0259k. \u00d6lk\u0259.Az<\/p>\n","protected":false},"author":2,"featured_media":37241,"comment_status":"closed","ping_status":"closed","sticky":false,"template":"","format":"standard","meta":{"om_disable_all_campaigns":false,"_monsterinsights_skip_tracking":false,"_monsterinsights_sitenote_active":false,"_monsterinsights_sitenote_note":"","_monsterinsights_sitenote_category":0},"categories":[1],"tags":[],"aioseo_notices":[],"gutentor_comment":0,"rttpg_featured_image_url":{"full":["https:\/\/arantv.az\/wp-content\/uploads\/2019\/02\/basprokurorluq.jpg",620,375,false],"landscape":["https:\/\/arantv.az\/wp-content\/uploads\/2019\/02\/basprokurorluq.jpg",620,375,false],"portraits":["https:\/\/arantv.az\/wp-content\/uploads\/2019\/02\/basprokurorluq.jpg",620,375,false],"thumbnail":["https:\/\/arantv.az\/wp-content\/uploads\/2019\/02\/basprokurorluq-150x150.jpg",150,150,true],"medium":["https:\/\/arantv.az\/wp-content\/uploads\/2019\/02\/basprokurorluq-300x181.jpg",300,181,true],"large":["https:\/\/arantv.az\/wp-content\/uploads\/2019\/02\/basprokurorluq.jpg",620,375,false],"1536x1536":["https:\/\/arantv.az\/wp-content\/uploads\/2019\/02\/basprokurorluq.jpg",620,375,false],"2048x2048":["https:\/\/arantv.az\/wp-content\/uploads\/2019\/02\/basprokurorluq.jpg",620,375,false],"post-thumbnail":["https:\/\/arantv.az\/wp-content\/uploads\/2019\/02\/basprokurorluq-240x172.jpg",240,172,true],"advps-thumb-one":["https:\/\/arantv.az\/wp-content\/uploads\/2019\/02\/basprokurorluq.jpg",620,375,false]},"rttpg_author":{"display_name":"V\u00fcsal Rafiqo\u011flu","author_link":"https:\/\/arantv.az\/?author=2"},"rttpg_comment":0,"rttpg_category":"<a href=\"https:\/\/arantv.az\/?cat=1\" rel=\"category\">C\u0259miyy\u0259t<\/a>","rttpg_excerpt":"Ba\u015f Prokurorluqda geni\u015f kollegiya iclas\u0131 ke\u00e7irilir. ARANTV.AZ-\u0131n x\u0259b\u0259rin\u0259 g\u00f6r\u0259, M\u0259rk\u0259zi Aparat\u0131n, Respublika H\u0259rbi, Nax\u00e7\u0131van Muxtar Respublikas\u0131, Nax\u00e7\u0131van H\u0259rbi v\u0259 Bak\u0131 \u015f\u0259h\u0259r prokurorluqlar\u0131n\u0131n r\u0259hb\u0259r hey\u0259tinin, rayon v\u0259 \u015f\u0259h\u0259r, \u0259razi h\u0259rbi prokurorlar\u0131n\u0131n i\u015ftirak\u0131 il\u0259 ke\u00e7iril\u0259n kollegiya iclas\u0131 prokurorluq orqanlar\u0131 t\u0259r\u0259find\u0259n 2018-ci ild\u0259 \u201cProkurorluq haqq\u0131nda\u201d qanunda n\u0259z\u0259rd\u0259 tutulmu\u015f f\u0259aliyy\u0259t istiqam\u0259tl\u0259ri \u00fczr\u0259 g\u00f6r\u00fclm\u00fc\u015f i\u015fl\u0259rin v\u0259ziyy\u0259ti v\u0259 qar\u015f\u0131da duran v\u0259zif\u0259l\u0259rin&hellip;","_links":{"self":[{"href":"https:\/\/arantv.az\/index.php?rest_route=\/wp\/v2\/posts\/37240"}],"collection":[{"href":"https:\/\/arantv.az\/index.php?rest_route=\/wp\/v2\/posts"}],"about":[{"href":"https:\/\/arantv.az\/index.php?rest_route=\/wp\/v2\/types\/post"}],"author":[{"embeddable":true,"href":"https:\/\/arantv.az\/index.php?rest_route=\/wp\/v2\/users\/2"}],"replies":[{"embeddable":true,"href":"https:\/\/arantv.az\/index.php?rest_route=%2Fwp%2Fv2%2Fcomments&post=37240"}],"version-history":[{"count":0,"href":"https:\/\/arantv.az\/index.php?rest_route=\/wp\/v2\/posts\/37240\/revisions"}],"wp:featuredmedia":[{"embeddable":true,"href":"https:\/\/arantv.az\/index.php?rest_route=\/wp\/v2\/media\/37241"}],"wp:attachment":[{"href":"https:\/\/arantv.az\/index.php?rest_route=%2Fwp%2Fv2%2Fmedia&parent=37240"}],"wp:term":[{"taxonomy":"category","embeddable":true,"href":"https:\/\/arantv.az\/index.php?rest_route=%2Fwp%2Fv2%2Fcategories&post=37240"},{"taxonomy":"post_tag","embeddable":true,"href":"https:\/\/arantv.az\/index.php?rest_route=%2Fwp%2Fv2%2Ftags&post=37240"}],"curies":[{"name":"wp","href":"https:\/\/api.w.org\/{rel}","templated":true}]}}