{"id":37245,"date":"2019-02-07T10:32:39","date_gmt":"2019-02-07T07:32:39","guid":{"rendered":"http:\/\/arantv.az\/?p=37245"},"modified":"2019-02-07T10:32:39","modified_gmt":"2019-02-07T07:32:39","slug":"pa-r%c9%99smisi-bu-il-800-%c9%99lil-ail%c9%99sin%c9%99-m%c9%99nzil-veril%c9%99c%c9%99k","status":"publish","type":"post","link":"https:\/\/arantv.az\/?p=37245","title":{"rendered":"PA r\u0259smisi: Bu il 800 \u0259lil ail\u0259sin\u0259 m\u0259nzil veril\u0259c\u0259k"},"content":{"rendered":"<p>2018-ci ild\u0259 \u00f6z\u00fcn\u00fcm\u0259\u015f\u011fulluq proqram\u0131na c\u0259lb olunmu\u015f ail\u0259l\u0259rd\u0259n 7267-si biznes planlar\u0131n\u0131 u\u011furla m\u00fcdafi\u0259 edib ki, bu da 2017-ci ill\u0259 m\u00fcqayis\u0259d\u0259, 6,5 d\u0259f\u0259 \u00e7oxdur. B\u00fct\u00f6vl\u00fckd\u0259 be\u015f mind\u0259n \u00e7ox ail\u0259 aktivl\u0259rl\u0259 t\u0259min olunub.<\/p>\n<p><strong>ARANTV.AZ\u00a0<\/strong>\u00a0x\u0259b\u0259r verir ki,\u00a0 bu fikirl\u0259r Prezident Administrasiyas\u0131n\u0131n (PA) S\u0259n\u0259dl\u0259rl\u0259 v\u0259 v\u0259t\u0259nda\u015flar\u0131n m\u00fcraci\u0259tl\u0259ri il\u0259 i\u015f \u015f\u00f6b\u0259sinin m\u00fcdiri S\u00fcleyman \u0130smay\u0131lovun \u201cPrezident \u0130lham \u018fliyevin v\u0259t\u0259nda\u015f m\u00fcraci\u0259tl\u0259rin\u0259 m\u00fcnasib\u0259ti b\u00fct\u00fcn m\u0259murlara \u00f6rn\u0259kdir\u201d adl\u0131 yaz\u0131s\u0131nda \u00f6z \u0259ksini tap\u0131b.<\/p>\n<p>O qeyd edib ki, \u00f6t\u0259n il bu proqrama c\u0259lb edil\u0259nl\u0259rin 1300 n\u0259f\u0259r\u0259 q\u0259d\u0259rini m\u0259cburi k\u00f6\u00e7k\u00fcn, 1000 n\u0259f\u0259rd\u0259n \u00e7oxunu \u0259lilliyi olan, 1000 n\u0259f\u0259r\u0259 q\u0259d\u0259rini \u00fcnvanl\u0131 yard\u0131m alan \u015f\u0259xsl\u0259r, 400 n\u0259f\u0259r\u0259 q\u0259d\u0259rini sa\u011flaml\u0131q imkanlar\u0131 m\u0259hdud u\u015faqlar\u0131 olan valideynl\u0259r, 300 n\u0259f\u0259rini m\u00fcharib\u0259 veteran\u0131, 160 n\u0259f\u0259rini \u015f\u0259hid ail\u0259si \u00fczvl\u0259ri, 70 n\u0259f\u0259rini penitensiar m\u00fc\u0259ssis\u0259l\u0259rd\u0259 c\u0259za \u00e7\u0259km\u0259kd\u0259n azad edil\u0259nl\u0259r v\u0259 dig\u0259rl\u0259ri t\u0259\u015fkil edib:<\/p>\n<div id=\"AdributorNativeVideo0\" class=\"AdributorNativeVideo\"><\/div>\n<p>\u201cBu i\u015fl\u0259rin 2019-cu ild\u0259 d\u0259 davam etdirilm\u0259si v\u0259 daha s\u0259kkiz min\u00a0n\u0259f\u0259rin \u00f6z\u00fcn\u00fcm\u0259\u015f\u011fulluq proqram\u0131na c\u0259lb olunmas\u0131 n\u0259z\u0259rd\u0259 tutulur\u201d.<\/p>\n<p>PA r\u0259smisi qeyd edib ki, \u00f6t\u0259n 15 il \u0259rzind\u0259 \u015f\u0259hid ail\u0259l\u0259rin\u0259 v\u0259 Qaraba\u011f m\u00fcharib\u0259si \u0259lill\u0259rin\u0259 6650, t\u0259kc\u0259 2018-ci ild\u0259 is\u0259 n\u0259z\u0259rd\u0259 tutulandan \u00fc\u00e7 d\u0259f\u0259 \u00e7ox \u2013 626 m\u0259nzil t\u0259qdim edilib.<\/p>\n<p>\u201c\u00d6lk\u0259 ba\u015f\u00e7\u0131s\u0131n\u0131n tap\u015f\u0131r\u0131\u011f\u0131na uy\u011fun olaraq, 2019-cu ild\u0259 bu kateqoriyalardan olan \u015f\u0259xsl\u0259r\u0259 az\u0131 800 m\u0259nzil veril\u0259c\u0259k\u201d, &#8211; dey\u0259\u00a0S.\u0130smay\u0131lov\u00a0yaz\u0131b.oxu.az<\/p>\n","protected":false},"excerpt":{"rendered":"<p>2018-ci ild\u0259 \u00f6z\u00fcn\u00fcm\u0259\u015f\u011fulluq proqram\u0131na c\u0259lb olunmu\u015f ail\u0259l\u0259rd\u0259n 7267-si biznes planlar\u0131n\u0131 u\u011furla m\u00fcdafi\u0259 edib ki, bu da 2017-ci ill\u0259 m\u00fcqayis\u0259d\u0259, 6,5 d\u0259f\u0259 \u00e7oxdur. B\u00fct\u00f6vl\u00fckd\u0259 be\u015f mind\u0259n \u00e7ox ail\u0259 aktivl\u0259rl\u0259 t\u0259min olunub. ARANTV.AZ\u00a0\u00a0x\u0259b\u0259r verir ki,\u00a0 bu fikirl\u0259r Prezident Administrasiyas\u0131n\u0131n (PA) S\u0259n\u0259dl\u0259rl\u0259 v\u0259 v\u0259t\u0259nda\u015flar\u0131n m\u00fcraci\u0259tl\u0259ri il\u0259 i\u015f \u015f\u00f6b\u0259sinin m\u00fcdiri S\u00fcleyman \u0130smay\u0131lovun \u201cPrezident \u0130lham \u018fliyevin v\u0259t\u0259nda\u015f m\u00fcraci\u0259tl\u0259rin\u0259 m\u00fcnasib\u0259ti b\u00fct\u00fcn m\u0259murlara \u00f6rn\u0259kdir\u201d adl\u0131 yaz\u0131s\u0131nda \u00f6z \u0259ksini tap\u0131b. O qeyd edib ki, \u00f6t\u0259n il bu proqrama c\u0259lb edil\u0259nl\u0259rin 1300 n\u0259f\u0259r\u0259 q\u0259d\u0259rini m\u0259cburi k\u00f6\u00e7k\u00fcn, 1000 n\u0259f\u0259rd\u0259n \u00e7oxunu \u0259lilliyi olan, 1000 n\u0259f\u0259r\u0259 q\u0259d\u0259rini \u00fcnvanl\u0131 yard\u0131m alan \u015f\u0259xsl\u0259r, 400&hellip;<\/p>\n","protected":false},"author":2,"featured_media":37246,"comment_status":"closed","ping_status":"closed","sticky":false,"template":"","format":"standard","meta":{"om_disable_all_campaigns":false,"_monsterinsights_skip_tracking":false,"_monsterinsights_sitenote_active":false,"_monsterinsights_sitenote_note":"","_monsterinsights_sitenote_category":0},"categories":[1],"tags":[],"aioseo_notices":[],"gutentor_comment":0,"rttpg_featured_image_url":{"full":["https:\/\/arantv.az\/wp-content\/uploads\/2019\/02\/suleyman_706.jpg",600,401,false],"landscape":["https:\/\/arantv.az\/wp-content\/uploads\/2019\/02\/suleyman_706.jpg",600,401,false],"portraits":["https:\/\/arantv.az\/wp-content\/uploads\/2019\/02\/suleyman_706.jpg",600,401,false],"thumbnail":["https:\/\/arantv.az\/wp-content\/uploads\/2019\/02\/suleyman_706-150x150.jpg",150,150,true],"medium":["https:\/\/arantv.az\/wp-content\/uploads\/2019\/02\/suleyman_706-300x201.jpg",300,201,true],"large":["https:\/\/arantv.az\/wp-content\/uploads\/2019\/02\/suleyman_706.jpg",600,401,false],"1536x1536":["https:\/\/arantv.az\/wp-content\/uploads\/2019\/02\/suleyman_706.jpg",600,401,false],"2048x2048":["https:\/\/arantv.az\/wp-content\/uploads\/2019\/02\/suleyman_706.jpg",600,401,false],"post-thumbnail":["https:\/\/arantv.az\/wp-content\/uploads\/2019\/02\/suleyman_706-240x172.jpg",240,172,true],"advps-thumb-one":["https:\/\/arantv.az\/wp-content\/uploads\/2019\/02\/suleyman_706.jpg",600,401,false]},"rttpg_author":{"display_name":"V\u00fcsal Rafiqo\u011flu","author_link":"https:\/\/arantv.az\/?author=2"},"rttpg_comment":0,"rttpg_category":"<a href=\"https:\/\/arantv.az\/?cat=1\" rel=\"category\">C\u0259miyy\u0259t<\/a>","rttpg_excerpt":"2018-ci ild\u0259 \u00f6z\u00fcn\u00fcm\u0259\u015f\u011fulluq proqram\u0131na c\u0259lb olunmu\u015f ail\u0259l\u0259rd\u0259n 7267-si biznes planlar\u0131n\u0131 u\u011furla m\u00fcdafi\u0259 edib ki, bu da 2017-ci ill\u0259 m\u00fcqayis\u0259d\u0259, 6,5 d\u0259f\u0259 \u00e7oxdur. B\u00fct\u00f6vl\u00fckd\u0259 be\u015f mind\u0259n \u00e7ox ail\u0259 aktivl\u0259rl\u0259 t\u0259min olunub. ARANTV.AZ\u00a0\u00a0x\u0259b\u0259r verir ki,\u00a0 bu fikirl\u0259r Prezident Administrasiyas\u0131n\u0131n (PA) S\u0259n\u0259dl\u0259rl\u0259 v\u0259 v\u0259t\u0259nda\u015flar\u0131n m\u00fcraci\u0259tl\u0259ri il\u0259 i\u015f \u015f\u00f6b\u0259sinin m\u00fcdiri S\u00fcleyman \u0130smay\u0131lovun \u201cPrezident \u0130lham \u018fliyevin v\u0259t\u0259nda\u015f m\u00fcraci\u0259tl\u0259rin\u0259 m\u00fcnasib\u0259ti b\u00fct\u00fcn&hellip;","_links":{"self":[{"href":"https:\/\/arantv.az\/index.php?rest_route=\/wp\/v2\/posts\/37245"}],"collection":[{"href":"https:\/\/arantv.az\/index.php?rest_route=\/wp\/v2\/posts"}],"about":[{"href":"https:\/\/arantv.az\/index.php?rest_route=\/wp\/v2\/types\/post"}],"author":[{"embeddable":true,"href":"https:\/\/arantv.az\/index.php?rest_route=\/wp\/v2\/users\/2"}],"replies":[{"embeddable":true,"href":"https:\/\/arantv.az\/index.php?rest_route=%2Fwp%2Fv2%2Fcomments&post=37245"}],"version-history":[{"count":0,"href":"https:\/\/arantv.az\/index.php?rest_route=\/wp\/v2\/posts\/37245\/revisions"}],"wp:featuredmedia":[{"embeddable":true,"href":"https:\/\/arantv.az\/index.php?rest_route=\/wp\/v2\/media\/37246"}],"wp:attachment":[{"href":"https:\/\/arantv.az\/index.php?rest_route=%2Fwp%2Fv2%2Fmedia&parent=37245"}],"wp:term":[{"taxonomy":"category","embeddable":true,"href":"https:\/\/arantv.az\/index.php?rest_route=%2Fwp%2Fv2%2Fcategories&post=37245"},{"taxonomy":"post_tag","embeddable":true,"href":"https:\/\/arantv.az\/index.php?rest_route=%2Fwp%2Fv2%2Ftags&post=37245"}],"curies":[{"name":"wp","href":"https:\/\/api.w.org\/{rel}","templated":true}]}}