{"id":372527,"date":"2021-08-30T20:12:51","date_gmt":"2021-08-30T17:12:51","guid":{"rendered":"https:\/\/arantv.az\/?p=372527"},"modified":"2021-08-30T20:12:51","modified_gmt":"2021-08-30T17:12:51","slug":"susa-g%c9%99l%c9%99c%c9%99kd%c9%99-bel%c9%99-gorun%c9%99c%c9%99k-fotolar","status":"publish","type":"post","link":"https:\/\/arantv.az\/?p=372527","title":{"rendered":"\u015eu\u015fa g\u0259l\u0259c\u0259kd\u0259 bel\u0259 g\u00f6r\u00fcn\u0259c\u0259k &#8211; Fotolar"},"content":{"rendered":"<p><strong>\u201c\u015eu\u015fan\u0131n Ba\u015f Plan\u0131 haz\u0131rlanark\u0259n \u015f\u0259h\u0259rin tarixi \u0259z\u0259m\u0259ti \u0259sas g\u00f6t\u00fcr\u00fcl\u00fcr, b\u00fct\u00fcn yeni layih\u0259l\u0259r tarixl\u0259 m\u00fcasirliyin v\u0259hd\u0259ti \u00fcz\u0259rind\u0259 qurulur\u201d.<\/strong><\/p>\n<p><strong>ARANTV.AZ<\/strong>\u00a0 x\u0259b\u0259r verir ki, bunu D\u00f6vl\u0259t \u015e\u0259h\u0259rsalma v\u0259 Arxitektura Komit\u0259sinin s\u0259dri Anar Quliyev sosial \u015f\u0259b\u0259k\u0259 hesab\u0131nda bildirib.<\/p>\n<p>\u201cD\u00fcn\u0259n \u00f6lk\u0259 ba\u015f\u00e7\u0131s\u0131 t\u0259r\u0259find\u0259n t\u0259m\u0259li qoyulmu\u015f yeni ya\u015fay\u0131\u015f m\u0259h\u0259ll\u0259si \u015eu\u015fan\u0131n memarl\u0131q irsind\u0259n ilhamlanaraq v\u0259 \u0259n\u0259n\u0259vi \u015f\u0259h\u0259rsalma m\u00fchitin\u0259 uy\u011fun layih\u0259l\u0259ndirilib\u201d, &#8211; o qeyd edib.<img class=\"clr\" src=\"https:\/\/axsam.az\/img\/pics\/large\/2021-08\/228323_1ns3c5brm7.jpg\" alt=\"\" align=\"baseline\" \/><\/p>\n<p><img class=\"clr\" src=\"https:\/\/axsam.az\/img\/pics\/large\/2021-08\/228322_s9rzxfndc7.jpg\" alt=\"\" align=\"baseline\" \/><\/p>\n<p><img class=\"clr\" src=\"https:\/\/axsam.az\/img\/pics\/large\/2021-08\/228321_eqez1jb067.jpg\" alt=\"\" align=\"baseline\" \/><\/p>\n","protected":false},"excerpt":{"rendered":"<p>\u201c\u015eu\u015fan\u0131n Ba\u015f Plan\u0131 haz\u0131rlanark\u0259n \u015f\u0259h\u0259rin tarixi \u0259z\u0259m\u0259ti \u0259sas g\u00f6t\u00fcr\u00fcl\u00fcr, b\u00fct\u00fcn yeni layih\u0259l\u0259r tarixl\u0259 m\u00fcasirliyin v\u0259hd\u0259ti \u00fcz\u0259rind\u0259 qurulur\u201d. ARANTV.AZ\u00a0 x\u0259b\u0259r verir ki, bunu D\u00f6vl\u0259t \u015e\u0259h\u0259rsalma v\u0259 Arxitektura Komit\u0259sinin s\u0259dri Anar Quliyev sosial \u015f\u0259b\u0259k\u0259 hesab\u0131nda bildirib. \u201cD\u00fcn\u0259n \u00f6lk\u0259 ba\u015f\u00e7\u0131s\u0131 t\u0259r\u0259find\u0259n t\u0259m\u0259li qoyulmu\u015f yeni ya\u015fay\u0131\u015f m\u0259h\u0259ll\u0259si \u015eu\u015fan\u0131n memarl\u0131q irsind\u0259n ilhamlanaraq v\u0259 \u0259n\u0259n\u0259vi \u015f\u0259h\u0259rsalma m\u00fchitin\u0259 uy\u011fun layih\u0259l\u0259ndirilib\u201d, &#8211; o qeyd edib.<\/p>\n","protected":false},"author":2,"featured_media":372528,"comment_status":"closed","ping_status":"closed","sticky":false,"template":"","format":"standard","meta":{"om_disable_all_campaigns":false,"_monsterinsights_skip_tracking":false,"_monsterinsights_sitenote_active":false,"_monsterinsights_sitenote_note":"","_monsterinsights_sitenote_category":0},"categories":[19],"tags":[],"aioseo_notices":[],"gutentor_comment":0,"rttpg_featured_image_url":{"full":["https:\/\/arantv.az\/wp-content\/uploads\/2021\/08\/228320_o3yzmv6xt7.jpg",1000,625,false],"landscape":["https:\/\/arantv.az\/wp-content\/uploads\/2021\/08\/228320_o3yzmv6xt7.jpg",1000,625,false],"portraits":["https:\/\/arantv.az\/wp-content\/uploads\/2021\/08\/228320_o3yzmv6xt7.jpg",1000,625,false],"thumbnail":["https:\/\/arantv.az\/wp-content\/uploads\/2021\/08\/228320_o3yzmv6xt7-500x280.jpg",500,280,true],"medium":["https:\/\/arantv.az\/wp-content\/uploads\/2021\/08\/228320_o3yzmv6xt7-584x365.jpg",584,365,true],"large":["https:\/\/arantv.az\/wp-content\/uploads\/2021\/08\/228320_o3yzmv6xt7-840x525.jpg",640,400,true],"1536x1536":["https:\/\/arantv.az\/wp-content\/uploads\/2021\/08\/228320_o3yzmv6xt7.jpg",1000,625,false],"2048x2048":["https:\/\/arantv.az\/wp-content\/uploads\/2021\/08\/228320_o3yzmv6xt7.jpg",1000,625,false],"post-thumbnail":["https:\/\/arantv.az\/wp-content\/uploads\/2021\/08\/228320_o3yzmv6xt7-240x172.jpg",240,172,true],"advps-thumb-one":["https:\/\/arantv.az\/wp-content\/uploads\/2021\/08\/228320_o3yzmv6xt7-1000x620.jpg",1000,620,true]},"rttpg_author":{"display_name":"V\u00fcsal Rafiqo\u011flu","author_link":"https:\/\/arantv.az\/?author=2"},"rttpg_comment":0,"rttpg_category":"<a href=\"https:\/\/arantv.az\/?cat=19\" rel=\"category\">G\u00fcnd\u0259m<\/a>","rttpg_excerpt":"\u201c\u015eu\u015fan\u0131n Ba\u015f Plan\u0131 haz\u0131rlanark\u0259n \u015f\u0259h\u0259rin tarixi \u0259z\u0259m\u0259ti \u0259sas g\u00f6t\u00fcr\u00fcl\u00fcr, b\u00fct\u00fcn yeni layih\u0259l\u0259r tarixl\u0259 m\u00fcasirliyin v\u0259hd\u0259ti \u00fcz\u0259rind\u0259 qurulur\u201d. ARANTV.AZ\u00a0 x\u0259b\u0259r verir ki, bunu D\u00f6vl\u0259t \u015e\u0259h\u0259rsalma v\u0259 Arxitektura Komit\u0259sinin s\u0259dri Anar Quliyev sosial \u015f\u0259b\u0259k\u0259 hesab\u0131nda bildirib. \u201cD\u00fcn\u0259n \u00f6lk\u0259 ba\u015f\u00e7\u0131s\u0131 t\u0259r\u0259find\u0259n t\u0259m\u0259li qoyulmu\u015f yeni ya\u015fay\u0131\u015f m\u0259h\u0259ll\u0259si \u015eu\u015fan\u0131n memarl\u0131q irsind\u0259n ilhamlanaraq v\u0259 \u0259n\u0259n\u0259vi \u015f\u0259h\u0259rsalma m\u00fchitin\u0259 uy\u011fun layih\u0259l\u0259ndirilib\u201d, &#8211; o&hellip;","_links":{"self":[{"href":"https:\/\/arantv.az\/index.php?rest_route=\/wp\/v2\/posts\/372527"}],"collection":[{"href":"https:\/\/arantv.az\/index.php?rest_route=\/wp\/v2\/posts"}],"about":[{"href":"https:\/\/arantv.az\/index.php?rest_route=\/wp\/v2\/types\/post"}],"author":[{"embeddable":true,"href":"https:\/\/arantv.az\/index.php?rest_route=\/wp\/v2\/users\/2"}],"replies":[{"embeddable":true,"href":"https:\/\/arantv.az\/index.php?rest_route=%2Fwp%2Fv2%2Fcomments&post=372527"}],"version-history":[{"count":0,"href":"https:\/\/arantv.az\/index.php?rest_route=\/wp\/v2\/posts\/372527\/revisions"}],"wp:featuredmedia":[{"embeddable":true,"href":"https:\/\/arantv.az\/index.php?rest_route=\/wp\/v2\/media\/372528"}],"wp:attachment":[{"href":"https:\/\/arantv.az\/index.php?rest_route=%2Fwp%2Fv2%2Fmedia&parent=372527"}],"wp:term":[{"taxonomy":"category","embeddable":true,"href":"https:\/\/arantv.az\/index.php?rest_route=%2Fwp%2Fv2%2Fcategories&post=372527"},{"taxonomy":"post_tag","embeddable":true,"href":"https:\/\/arantv.az\/index.php?rest_route=%2Fwp%2Fv2%2Ftags&post=372527"}],"curies":[{"name":"wp","href":"https:\/\/api.w.org\/{rel}","templated":true}]}}