{"id":37255,"date":"2019-02-07T11:04:26","date_gmt":"2019-02-07T08:04:26","guid":{"rendered":"http:\/\/arantv.az\/?p=37255"},"modified":"2019-02-07T11:04:26","modified_gmt":"2019-02-07T08:04:26","slug":"prezident-ilham-%c9%99liyev-z%c9%99lz%c9%99l%c9%99nin-bas-verdiyi-samaxida-olub","status":"publish","type":"post","link":"https:\/\/arantv.az\/?p=37255","title":{"rendered":"Prezident \u0130lham \u018fliyev z\u0259lz\u0259l\u0259nin ba\u015f verdiyi \u015eamax\u0131da olub"},"content":{"rendered":"<p>Fevral\u0131n 7-d\u0259 Az\u0259rbaycan Respublikas\u0131n\u0131n Prezidenti \u0130lham \u018fliyev z\u0259lz\u0259l\u0259nin ba\u015f verdiyi \u015eamax\u0131ya g\u0259lib.<\/p>\n<p><strong>ARANTV.AZ<\/strong>\u00a0 x\u0259b\u0259r verir ki, f\u00f6vq\u0259lad\u0259 hallar naziri, general-polkovnik K\u0259mal\u0259ddin Heyd\u0259rov v\u0259 \u015eamax\u0131 Rayon \u0130cra Hakimiyy\u0259tinin ba\u015f\u00e7\u0131s\u0131 Tahir M\u0259mm\u0259dov d\u00f6vl\u0259timizin ba\u015f\u00e7\u0131s\u0131na fevral\u0131n 5-d\u0259 v\u0259 6-da t\u0259bii f\u0259lak\u0259tin t\u00f6r\u0259tdiyi f\u0259sadlar bar\u0259d\u0259 yerind\u0259 m\u0259lumat verdil\u0259r.<\/p>\n<p>Prezident \u0130lham \u018fliyev z\u0259lz\u0259l\u0259d\u0259n z\u0259r\u0259r \u00e7\u0259k\u0259n tikilil\u0259r\u0259 baxd\u0131, sakinl\u0259rl\u0259 s\u00f6hb\u0259t etdi.<\/p>\n<p>az\u0259rtac<\/p>\n<p><img loading=\"lazy\" class=\"alignnone size-full wp-image-37257\" src=\"https:\/\/arantv.az\/wp-content\/uploads\/2019\/02\/728336_000.jpg\" alt=\"\" width=\"250\" height=\"173\" \/><\/p>\n","protected":false},"excerpt":{"rendered":"<p>Fevral\u0131n 7-d\u0259 Az\u0259rbaycan Respublikas\u0131n\u0131n Prezidenti \u0130lham \u018fliyev z\u0259lz\u0259l\u0259nin ba\u015f verdiyi \u015eamax\u0131ya g\u0259lib. ARANTV.AZ\u00a0 x\u0259b\u0259r verir ki, f\u00f6vq\u0259lad\u0259 hallar naziri, general-polkovnik K\u0259mal\u0259ddin Heyd\u0259rov v\u0259 \u015eamax\u0131 Rayon \u0130cra Hakimiyy\u0259tinin ba\u015f\u00e7\u0131s\u0131 Tahir M\u0259mm\u0259dov d\u00f6vl\u0259timizin ba\u015f\u00e7\u0131s\u0131na fevral\u0131n 5-d\u0259 v\u0259 6-da t\u0259bii f\u0259lak\u0259tin t\u00f6r\u0259tdiyi f\u0259sadlar bar\u0259d\u0259 yerind\u0259 m\u0259lumat verdil\u0259r. Prezident \u0130lham \u018fliyev z\u0259lz\u0259l\u0259d\u0259n z\u0259r\u0259r \u00e7\u0259k\u0259n tikilil\u0259r\u0259 baxd\u0131, sakinl\u0259rl\u0259 s\u00f6hb\u0259t etdi. az\u0259rtac<\/p>\n","protected":false},"author":2,"featured_media":37258,"comment_status":"closed","ping_status":"closed","sticky":false,"template":"","format":"standard","meta":{"om_disable_all_campaigns":false,"_monsterinsights_skip_tracking":false,"_monsterinsights_sitenote_active":false,"_monsterinsights_sitenote_note":"","_monsterinsights_sitenote_category":0},"categories":[8],"tags":[],"aioseo_notices":[],"gutentor_comment":0,"rttpg_featured_image_url":{"full":["https:\/\/arantv.az\/wp-content\/uploads\/2019\/02\/728336.jpg",800,600,false],"landscape":["https:\/\/arantv.az\/wp-content\/uploads\/2019\/02\/728336.jpg",800,600,false],"portraits":["https:\/\/arantv.az\/wp-content\/uploads\/2019\/02\/728336.jpg",800,600,false],"thumbnail":["https:\/\/arantv.az\/wp-content\/uploads\/2019\/02\/728336-150x150.jpg",150,150,true],"medium":["https:\/\/arantv.az\/wp-content\/uploads\/2019\/02\/728336-300x225.jpg",300,225,true],"large":["https:\/\/arantv.az\/wp-content\/uploads\/2019\/02\/728336.jpg",640,480,false],"1536x1536":["https:\/\/arantv.az\/wp-content\/uploads\/2019\/02\/728336.jpg",800,600,false],"2048x2048":["https:\/\/arantv.az\/wp-content\/uploads\/2019\/02\/728336.jpg",800,600,false],"post-thumbnail":["https:\/\/arantv.az\/wp-content\/uploads\/2019\/02\/728336-240x172.jpg",240,172,true],"advps-thumb-one":["https:\/\/arantv.az\/wp-content\/uploads\/2019\/02\/728336.jpg",800,600,false]},"rttpg_author":{"display_name":"V\u00fcsal Rafiqo\u011flu","author_link":"https:\/\/arantv.az\/?author=2"},"rttpg_comment":0,"rttpg_category":"<a href=\"https:\/\/arantv.az\/?cat=8\" rel=\"category\">\u018fsas s\u0259hif\u0259<\/a>","rttpg_excerpt":"Fevral\u0131n 7-d\u0259 Az\u0259rbaycan Respublikas\u0131n\u0131n Prezidenti \u0130lham \u018fliyev z\u0259lz\u0259l\u0259nin ba\u015f verdiyi \u015eamax\u0131ya g\u0259lib. ARANTV.AZ\u00a0 x\u0259b\u0259r verir ki, f\u00f6vq\u0259lad\u0259 hallar naziri, general-polkovnik K\u0259mal\u0259ddin Heyd\u0259rov v\u0259 \u015eamax\u0131 Rayon \u0130cra Hakimiyy\u0259tinin ba\u015f\u00e7\u0131s\u0131 Tahir M\u0259mm\u0259dov d\u00f6vl\u0259timizin ba\u015f\u00e7\u0131s\u0131na fevral\u0131n 5-d\u0259 v\u0259 6-da t\u0259bii f\u0259lak\u0259tin t\u00f6r\u0259tdiyi f\u0259sadlar bar\u0259d\u0259 yerind\u0259 m\u0259lumat verdil\u0259r. Prezident \u0130lham \u018fliyev z\u0259lz\u0259l\u0259d\u0259n z\u0259r\u0259r \u00e7\u0259k\u0259n tikilil\u0259r\u0259 baxd\u0131, sakinl\u0259rl\u0259 s\u00f6hb\u0259t etdi.&hellip;","_links":{"self":[{"href":"https:\/\/arantv.az\/index.php?rest_route=\/wp\/v2\/posts\/37255"}],"collection":[{"href":"https:\/\/arantv.az\/index.php?rest_route=\/wp\/v2\/posts"}],"about":[{"href":"https:\/\/arantv.az\/index.php?rest_route=\/wp\/v2\/types\/post"}],"author":[{"embeddable":true,"href":"https:\/\/arantv.az\/index.php?rest_route=\/wp\/v2\/users\/2"}],"replies":[{"embeddable":true,"href":"https:\/\/arantv.az\/index.php?rest_route=%2Fwp%2Fv2%2Fcomments&post=37255"}],"version-history":[{"count":0,"href":"https:\/\/arantv.az\/index.php?rest_route=\/wp\/v2\/posts\/37255\/revisions"}],"wp:featuredmedia":[{"embeddable":true,"href":"https:\/\/arantv.az\/index.php?rest_route=\/wp\/v2\/media\/37258"}],"wp:attachment":[{"href":"https:\/\/arantv.az\/index.php?rest_route=%2Fwp%2Fv2%2Fmedia&parent=37255"}],"wp:term":[{"taxonomy":"category","embeddable":true,"href":"https:\/\/arantv.az\/index.php?rest_route=%2Fwp%2Fv2%2Fcategories&post=37255"},{"taxonomy":"post_tag","embeddable":true,"href":"https:\/\/arantv.az\/index.php?rest_route=%2Fwp%2Fv2%2Ftags&post=37255"}],"curies":[{"name":"wp","href":"https:\/\/api.w.org\/{rel}","templated":true}]}}