{"id":372597,"date":"2021-08-31T08:08:14","date_gmt":"2021-08-31T05:08:14","guid":{"rendered":"http:\/\/arantv.az\/?p=372597"},"modified":"2021-08-31T08:08:14","modified_gmt":"2021-08-31T05:08:14","slug":"susada-yeni-tarix-yazilir-prezidentd%c9%99n-xalqa-v%c9%99-dunyaya-mesaj","status":"publish","type":"post","link":"https:\/\/arantv.az\/?p=372597","title":{"rendered":"\u015eu\u015fada yeni tarix yaz\u0131l\u0131r &#8211; Prezidentd\u0259n xalqa v\u0259 d\u00fcnyaya mesaj"},"content":{"rendered":"<h3><strong>\u0130lham \u018fliyev: \u201c\u201dDa\u011fl\u0131q Qaraba\u011f respublikas\u0131&#8221; anlay\u0131\u015f\u0131 yoxdur, m\u0259nim g\u00f6st\u0259ri\u015fiml\u0259 bu \u015feytan yuvas\u0131 darmada\u011f\u0131n edildi\u201d<\/strong><\/h3>\n<p><strong>Az\u0259rbaycan Prezidenti \u0130lham \u018fliyev v\u0259 birinci xan\u0131m Mehriban \u018fliyeva avqustun 29-da F\u00fczuli Beyn\u0259lxalq Hava Liman\u0131nda tikinti i\u015fl\u0259rinin gedi\u015fi il\u0259 tan\u0131\u015f olublar. H\u0259min g\u00fcn Prezident v\u0259 birinci xan\u0131m Mehriban \u018fliyeva \u018fhm\u0259db\u0259yli-F\u00fczuli-\u015eu\u015fa Z\u0259f\u0259r yolunda son tamamlama i\u015fl\u0259ri il\u0259 d\u0259 tan\u0131\u015f olublar.<\/strong><\/p>\n<p>Az\u0259rTac x\u0259b\u0259r verir ki, d\u00f6vl\u0259timizin ba\u015f\u00e7\u0131s\u0131n\u0131n s\u0259r\u0259ncam\u0131 il\u0259 t\u0259sdiq edilmi\u015f i\u015f\u011faldan azad olunmu\u015f \u0259razil\u0259rin yenid\u0259n qurulmas\u0131 v\u0259 b\u0259rpas\u0131 layih\u0259si \u00e7\u0259r\u00e7iv\u0259sind\u0259 \u201cZ\u0259f\u0259r yolu\u201dnun tikintisi, h\u0259m\u00e7inin F\u00fczuli Beyn\u0259lxalq Hava Liman\u0131nda tikinti i\u015fl\u0259ri ba\u015fa \u00e7atmaq \u00fczr\u0259dir.<\/p>\n<p>Sonra Prezident \u0130lham \u018fliyev v\u0259 birinci xan\u0131m Mehriban \u018fliyeva \u015eu\u015fa \u015f\u0259h\u0259rin\u0259 gedibl\u0259r.<\/p>\n<p>Avqustun 29-da Prezident \u0130lham \u018fliyev\u0259 v\u0259 birinci xan\u0131m Mehriban \u018fliyevaya \u015eu\u015fa \u015f\u0259h\u0259rinin ba\u015f plan\u0131 t\u0259qdim olunub. M\u0259lumat verildi ki, \u015eu\u015fa \u015f\u0259h\u0259rinin ba\u015f plan\u0131 haz\u0131rlanark\u0259n onun tarixi \u0259z\u0259m\u0259tinin qorunmas\u0131 \u0259sas g\u00f6t\u00fcr\u00fcl\u00fcb. M\u0259d\u0259niyy\u0259t paytaxt\u0131m\u0131zda h\u0259yata ke\u00e7iril\u0259n b\u00fct\u00fcn layih\u0259l\u0259r tarixl\u0259 m\u00fcasirliyin v\u0259hd\u0259ti \u00fcz\u0259rind\u0259 qurulacaq v\u0259 tezlikl\u0259 ke\u00e7mi\u015fd\u0259 oldu\u011fu kimi, \u015eu\u015fa d\u00fcnyan\u0131n \u0259n g\u00f6z\u0259l \u015f\u0259h\u0259rl\u0259rind\u0259n birin\u0259 \u00e7evril\u0259c\u0259k.<\/p>\n<p>T\u0259qdim olunan ba\u015f planda \u015eu\u015fan\u0131n orta, y\u00fcks\u0259k v\u0259 qar\u0131\u015f\u0131q s\u0131xl\u0131ql\u0131 olan ya\u015fay\u0131\u015f binalar\u0131n\u0131n in\u015fa edilm\u0259si, \u015f\u0259h\u0259r m\u0259rk\u0259zinin, yeni tikil\u0259c\u0259k v\u0259 qorunub saxlan\u0131lacaq tarixi binalar v\u0259 abid\u0259l\u0259rin yerl\u0259ri d\u0259 \u00f6z \u0259ksini tap\u0131b.<\/p>\n<p>\u015e\u0259h\u0259rd\u0259 uzunlu\u011fu 36,2 kilometr olan m\u00f6vcud yollarla yana\u015f\u0131, h\u0259m d\u0259 17,6 kilometr yeni yolun in\u015fas\u0131 da n\u0259z\u0259rd\u0259 tutulur. H\u0259m\u00e7inin \u015f\u0259h\u0259rin ba\u015f plan\u0131nda ictimai dayanacaqlar\u0131n da yerl\u0259\u015fm\u0259 yerl\u0259ri m\u00fc\u0259yy\u0259n olunub. Bu dayanacaqlar el\u0259 qoyulacaq ki, \u015f\u0259h\u0259rin k\u00fc\u00e7\u0259l\u0259rin\u0259 giri\u015f-\u00e7\u0131x\u0131\u015fa mane olmas\u0131n.<\/p>\n<p><img loading=\"lazy\" src=\"https:\/\/apa.az\/storage\/news\/2021\/august\/30\/big\/612c9ae220e28612c9ae220e291630313186612c9ae220e25612c9ae220e27.jpg\" alt=\"Prezident \u0130lham \u018fliyev v\u0259 birinci xan\u0131m Mehriban \u018fliyeva \u015eu\u015fada Vaqif  Poeziya G\u00fcnl\u0259rinin a\u00e7\u0131l\u0131\u015f\u0131nda i\u015ftirak edib - YEN\u0130L\u018fN\u0130B\" width=\"680\" height=\"453\" \/><\/p>\n<p><strong>Ba\u015f plan haz\u0131rlanark\u0259n, \u015f\u0259h\u0259rin relyefin\u0259 uy\u011fun olaraq ya\u015f\u0131ll\u0131qlar\u0131 v\u0259 land\u015faft\u0131 qoruyub saxlamaq, onu inki\u015faf etdirm\u0259k m\u0259qs\u0259dil\u0259 ya\u015f\u0131l d\u0259hlizl\u0259rin in\u015fas\u0131 da n\u0259z\u0259rd\u0259 tutulur.<\/strong><\/p>\n<p>\u015eu\u015fada \u00fcmumi sah\u0259si 46.765 kvadratmetr olacaq yeni ya\u015fay\u0131\u015f massivi 6 m\u0259h\u0259ll\u0259d\u0259n ibar\u0259t olacaq. M\u0259h\u0259ll\u0259l\u0259r \u00fczr\u0259 \u0259hali say\u0131 2020 n\u0259f\u0259r n\u0259z\u0259rd\u0259 tutulur. Bel\u0259likl\u0259, ya\u015fay\u0131\u015f massivind\u0259 25 binan\u0131n olaca\u011f\u0131 planla\u015fd\u0131r\u0131l\u0131r. Avqustun 29-da t\u0259m\u0259li qoyulan 1-ci m\u0259h\u0259ll\u0259d\u0259 3, 4 v\u0259 5 m\u0259rt\u0259b\u0259li binalar da \u015eu\u015faya xas memarl\u0131q \u00fcslubu il\u0259 tikil\u0259c\u0259k.<\/p>\n<p>Sonra Prezident \u0130lham \u018fliyev \u015eu\u015fada 1-ci m\u0259h\u0259ll\u0259nin t\u0259m\u0259lini qoyub.<\/p>\n<p>Prezident v\u0259 birinci xan\u0131m avqustun 29-da \u015eu\u015fa \u015f\u0259h\u0259rind\u0259 yenid\u0259nqurma i\u015fl\u0259ri yekunla\u015fan \u201cQaraba\u011f\u201d hotelinin a\u00e7\u0131l\u0131\u015f\u0131n\u0131 edibl\u0259r. H\u0259m\u00e7inin \u015eu\u015fada \u201cHotel v\u0259 Konfrans M\u0259rk\u0259zi\u201dnin t\u0259m\u0259lqoyma m\u0259rasimind\u0259 i\u015ftirak edibl\u0259r.<\/p>\n<p><strong>Prezident \u0130lham \u018fliyev v\u0259 birinci xan\u0131m Mehriban \u018fliyevan\u0131n i\u015ftirak\u0131 il\u0259 avqustun 29-da \u015eu\u015fa \u015f\u0259h\u0259rind\u0259 g\u00f6rk\u0259mli Az\u0259rbaycan b\u0259st\u0259kar\u0131 \u00dczeyir Hac\u0131b\u0259ylinin heyk\u0259linin a\u00e7\u0131l\u0131\u015f\u0131 olub.<\/strong><\/p>\n<p><strong><img src=\"https:\/\/cdn.oxu.az\/uploads\/W1siZiIsIjIwMjEvMDgvMjkvMjEvMTIvNDYvZGJjMWRjNzQtMDRlZC00MWRlLThiMWMtNjI3NTMxNTFmZjFiLzE2MzAyNTU5MjI2NDIwNjQyMTQ0XzEwMDB4NjY5LmpwZyJdLFsicCIsImVuY29kZSIsImpwZyIsIi1xdWFsaXR5IDgwIl0sWyJwIiwidGh1bWIiLCI2MjB4NDY1XHUwMDNlIl1d?sha=5b635a3704961cb6\" alt=\"Oxu.az - \u015eu\u015fada Molla P\u0259nah Vaqifin muzey-m\u0259qb\u0259r\u0259 kompleksinin b\u0259rpadan  sonra a\u00e7\u0131l\u0131\u015f\u0131 olub - YEN\u0130L\u018fN\u0130B+FOTO\" \/><\/strong><\/p>\n<p>\u015eu\u015fada dahi Az\u0259rbaycan \u015fairi v\u0259 ictimai-xadimi Molla P\u0259nah Vaqifin muzey-m\u0259qb\u0259r\u0259 kompleksinin t\u0259mir-b\u0259rpa v\u0259 yenid\u0259nqurma i\u015fl\u0259rind\u0259n sonra a\u00e7\u0131l\u0131\u015f\u0131n\u0131 da \u00f6lk\u0259 Prezidenti h\u0259yata ke\u00e7irib.<\/p>\n<p>M\u0259qb\u0259r\u0259d\u0259 t\u0259mir-b\u0259rpa v\u0259 yenid\u0259nqurma i\u015fl\u0259ri Heyd\u0259r \u018fliyev Fondu t\u0259r\u0259find\u0259n apar\u0131l\u0131b. Abid\u0259nin h\u0259r detal\u0131nda tarixi g\u00f6rk\u0259m qorunub saxlan\u0131l\u0131b. Abid\u0259 kompleksinin b\u00fct\u00fcn infrastrukturu yenid\u0259n qurulub, ya\u011f\u0131\u015f sular\u0131 \u00fc\u00e7\u00fcn drenaj x\u0259tl\u0259ri v\u0259 elektrik x\u0259tl\u0259ri \u00e7\u0259kilib qura\u015fd\u0131r\u0131l\u0131b.<\/p>\n<p>Az\u0259rbaycan musiqi m\u0259d\u0259niyy\u0259tinin inki\u015faf\u0131nda b\u00f6y\u00fck xidm\u0259tl\u0259r g\u00f6st\u0259rmi\u015f Xalq artisti B\u00fclb\u00fcl\u00fcn \u015eu\u015fadak\u0131 ev-muzeyinin d\u0259 b\u0259rpa i\u015fl\u0259rind\u0259n sonra a\u00e7\u0131l\u0131\u015f\u0131 olub. Prezident \u0130lham \u018fliyev v\u0259 birinci xan\u0131m Mehriban \u018fliyeva a\u00e7\u0131l\u0131\u015f m\u0259rasimind\u0259 i\u015ftirak edibl\u0259r.<\/p>\n<p>Avqustun 30-da is\u0259 \u015eu\u015fada Vaqif Poeziya G\u00fcnl\u0259ri ba\u015flay\u0131b. Poeziya G\u00fcnl\u0259ri \u015eu\u015fa i\u015f\u011faldan azad edildikd\u0259n sonra Heyd\u0259r \u018fliyev Fondu t\u0259r\u0259find\u0259n ilk d\u0259f\u0259 \u015fairin do\u011fma \u015f\u0259h\u0259rind\u0259 yenid\u0259n t\u0259\u015fkil olunub. Prezident \u0130lham \u018fliyev v\u0259 birinci xan\u0131m Mehriban \u018fliyeva Vaqif Poeziya G\u00fcnl\u0259rinin r\u0259smi a\u00e7\u0131l\u0131\u015f\u0131na qat\u0131l\u0131blar.<\/p>\n<p>Prezident \u0130lham \u018fliyev a\u00e7\u0131l\u0131\u015f m\u0259rasimind\u0259 \u00e7\u0131x\u0131\u015f edib. D\u00f6vl\u0259t ba\u015f\u00e7\u0131s\u0131 bu g\u00fcn\u00fc \u00f6lk\u0259mizin h\u0259yat\u0131nda \u00e7ox \u0259lam\u0259tdar bir g\u00fcn adland\u0131r\u0131b, b\u00fct\u00fcn i\u015ftirak\u00e7\u0131lar\u0131 Az\u0259rbaycan xalq\u0131n\u0131 t\u0259brik edib.<\/p>\n<p><strong>Prezident qeyd edib ki,Vaqifin m\u0259qb\u0259r\u0259si b\u00fct\u00fcn dig\u0259r tarixi abid\u0259l\u0259rimiz kimi i\u015f\u011fal edilmi\u015f torpaqlarda erm\u0259ni vandalizmin\u0259 m\u0259ruz qal\u0131b: \u201cBu g\u00fcn is\u0259 m\u0259qb\u0259r\u0259 tam b\u0259rpa edilib v\u0259 29 avqustda m\u0259qb\u0259r\u0259nin ikinci a\u00e7\u0131l\u0131\u015f\u0131 olmu\u015fdur\u00bb.<\/strong><\/p>\n<p><strong><img loading=\"lazy\" src=\"https:\/\/static.president.az\/media\/W1siZiIsIjIwMjEvMDgvMjkvMzU5bGdsdHVzOV8wMDcuSlBHIl0sWyJwIiwidGh1bWIiLCIyMzYweDExOTYjIl1d?sha=28697ee8f194fb97\" alt=\"Az\u0259rbaycan Prezidentinin R\u0259smi internet s\u0259hif\u0259si - X\u018fB\u018fRL\u018fR \u00bb T\u0259dbirl\u0259r\" width=\"820\" height=\"415\" \/><\/strong><\/p>\n<p><strong>\u0130lham \u018fliyev Molla P\u0259nah Vaqifin m\u0259qb\u0259r\u0259sinin ucald\u0131lmas\u0131 tarixind\u0259n d\u0259 s\u00f6z a\u00e7\u0131b:<\/strong>\u00a0\u201cBildiyiniz kimi, Molla P\u0259nah Vaqifin m\u0259qb\u0259r\u0259sinin \u015eu\u015fada ucald\u0131lmas\u0131 q\u0259rar\u0131n\u0131 ulu \u00f6nd\u0259r Heyd\u0259r \u018fliyev vermi\u015fdir. Onun t\u0259\u015f\u0259bb\u00fcs\u00fc il\u0259 1982-ci il yanvar\u0131n 14-d\u0259 burada qarl\u0131, \u015faxtal\u0131 havada bu m\u0259qb\u0259r\u0259nin a\u00e7\u0131l\u0131\u015f\u0131 olmu\u015fdur. Bu, s\u0131radan olan hadis\u0259 deyildi. \u00c7\u00fcnki o vaxt \u015eu\u015fa Da\u011fl\u0131q Qaraba\u011f Muxtar Vilay\u0259tinin bir hiss\u0259si idi. Bildiyiniz kimi, uzun ill\u0259r erm\u0259nil\u0259r \u015eu\u015faya iddia edirdil\u0259r, \u015eu\u015fan\u0131 erm\u0259ni \u015f\u0259h\u0259ri kimi q\u0259l\u0259m\u0259 verm\u0259y\u0259 \u00e7al\u0131\u015f\u0131rd\u0131lar. Halbuki bunun \u00fc\u00e7\u00fcn he\u00e7 bir tarixi, m\u0259d\u0259ni \u0259sas yox idi. Onu da n\u0259z\u0259r\u0259 almal\u0131y\u0131q ki, Molla P\u0259nah Vaqif t\u0259kc\u0259 \u015fair yox, eyni zamanda, Qaraba\u011f xan\u0131n\u0131n v\u0259ziri idi. Sovet d\u00f6vr\u00fcnd\u0259 sovet ideologiyas\u0131, sovet h\u00f6kum\u0259tinin tarixl\u0259 ba\u011fl\u0131 yana\u015fmas\u0131 bel\u0259 idi ki, xanl\u0131qlar tarixin qara l\u0259k\u0259si kimi q\u0259l\u0259m\u0259 verilirdi. B\u00fct\u00fcn bunlara baxmayaraq, Ulu \u00d6nd\u0259rin irad\u0259si v\u0259 q\u0259tiyy\u0259ti n\u0259tic\u0259sind\u0259 bu m\u0259qb\u0259r\u0259 ucald\u0131lm\u0131\u015fd\u0131r v\u0259 bir daha \u015eu\u015fan\u0131n Az\u0259rbaycan \u015f\u0259h\u0259ri kimi t\u0259sdiqi \u00f6z yerini tapm\u0131\u015fd\u0131r\u201d.<\/p>\n<p><strong>Prezidenti qeyd edib ki, \u015eu\u015fan\u0131n i\u015f\u011fal\u0131 xalq\u0131m\u0131z\u0131n b\u00f6y\u00fck faci\u0259si idi. \u00c7\u00fcnki \u015eu\u015fa Az\u0259rbaycan m\u0259d\u0259niyy\u0259tinin oca\u011f\u0131d\u0131r. \u015eu\u015fan\u0131n Az\u0259rbaycan tarixind\u0259 \u00e7ox b\u00f6y\u00fck r\u0259mzi m\u0259nas\u0131 var:<\/strong>\u00a0\u201c\u015eu\u015fa Qaraba\u011f\u0131n tac\u0131d\u0131r. \u015eu\u015fan\u0131n i\u015f\u011fal\u0131ndan sonra dig\u0259r rayonlar, dig\u0259r \u015f\u0259h\u0259rl\u0259r i\u015f\u011fala m\u0259ruz qald\u0131. \u00c7\u00fcnki \u015eu\u015fan\u0131n strateji \u0259h\u0259miyy\u0259ti \u0259lb\u0259tt\u0259 ki, bizim \u00fc\u00e7\u00fcn itirilmi\u015f oldu v\u0259 d\u00fc\u015fm\u0259n bundan istifad\u0259 ed\u0259r\u0259k, ondan bir ne\u00e7\u0259 g\u00fcn sonra &#8211; 1992-ci ilin may\u0131nda La\u00e7\u0131n\u0131 da i\u015f\u011fal etdi. Ondan bir il sonra &#8211; 1993-c\u00fc ilin aprelind\u0259 K\u0259lb\u0259c\u0259ri i\u015f\u011fal etdi v\u0259 bel\u0259likl\u0259, Da\u011fl\u0131q Qaraba\u011f Muxtar Vilay\u0259ti il\u0259 Erm\u0259nistan aras\u0131nda co\u011frafi ba\u011flant\u0131 yarad\u0131ld\u0131. Bizim m\u0259\u011flubiyy\u0259timizin qa\u00e7\u0131lmaz olmas\u0131 g\u00f6z qaba\u011f\u0131nda idi, n\u0259z\u0259r\u0259 alsaq ki, o vaxt Az\u0259rbaycanda h\u0259rc-m\u0259rclik d\u00f6vr\u00fc idi, nizami ordu yox idi, v\u0259t\u0259nda\u015f qar\u015f\u0131durmas\u0131 ba\u015f vermi\u015fdi. \u0130\u015f\u011fal d\u00f6vr\u00fcnd\u0259 m\u0259n d\u0259f\u0259l\u0259rl\u0259 deyirdim ki, biz he\u00e7 vaxt bu v\u0259ziyy\u0259tl\u0259 bar\u0131\u015fmayaca\u011f\u0131q, i\u015f\u011fal edilmi\u015f b\u00fct\u00fcn torpaqlar\u0131, o c\u00fcml\u0259d\u0259n \u015eu\u015fan\u0131 n\u0259yin bahas\u0131na olursa-olsun i\u015f\u011fal\u00e7\u0131lardan azad ed\u0259c\u0259yik.<\/p>\n<p>Deyirdim ki, \u0259g\u0259r m\u0259s\u0259l\u0259 s\u00fclh yolu il\u0259 \u00f6z h\u0259llini tapmasa, biz \u00f6z \u0259razi b\u00fct\u00f6vl\u00fcy\u00fcm\u00fcz\u00fc m\u00fcharib\u0259 yolu il\u0259 b\u0259rpa ed\u0259c\u0259yik. Beyn\u0259lxalq h\u00fcququn b\u00fct\u00fcn norma v\u0259 prinsipl\u0259ri bu haqq\u0131 biz\u0259 tan\u0131y\u0131r. BMT-nin Nizamnam\u0259si, BMT T\u0259hl\u00fck\u0259sizlik \u015euras\u0131n\u0131n q\u0259tnam\u0259l\u0259ri, tarixi \u0259dal\u0259t bu haqq\u0131 biz\u0259 verib. Biz buna nail olduq.<\/p>\n<p>M\u00fcz\u0259ff\u0259r xalq kimi g\u0259ldik. Dan\u0131\u015f\u0131qlar yolu il\u0259 yox, Erm\u0259nistan t\u0259r\u0259find\u0259n edil\u0259 bil\u0259c\u0259k hans\u0131sa g\u00fcz\u0259\u015ft n\u0259tic\u0259sind\u0259 yox, d\u00f6y\u00fc\u015f meydan\u0131nda qan t\u00f6k\u0259r\u0259k, \u015f\u0259hidl\u0259r ver\u0259r\u0259k, f\u0259dakarl\u0131q g\u00f6st\u0259r\u0259r\u0259k g\u0259ldik, \u00f6z \u0259razi b\u00fct\u00f6vl\u00fcy\u00fcm\u00fcz\u00fc b\u0259rpa etdik v\u0259 milli l\u0259yaq\u0259timizi b\u0259rpa etdik. 44 g\u00fcnl\u00fck V\u0259t\u0259n m\u00fcharib\u0259si bizim \u015fanl\u0131 tariximizdir. Bu tarix \u0259b\u0259di ya\u015fayacaq&#8221;.<\/p>\n<p><strong>D\u00f6vl\u0259t ba\u015f\u00e7\u0131s\u0131 \u015eu\u015fan\u0131n dir\u00e7\u0259lm\u0259y\u0259 ba\u015flamas\u0131ndan v\u0259 bunun \u00fc\u00e7\u00fcn at\u0131lan \u0259m\u0259li add\u0131mlardan da dan\u0131\u015f\u0131b: \u201cM\u00fcharib\u0259d\u0259n sonra m\u0259n ilk d\u0259f\u0259 \u015eu\u015faya bu il yanvar\u0131n 14-d\u0259 g\u0259lmi\u015fdim. Bu tarix d\u0259 t\u0259sad\u00fcf\u0259n se\u00e7ilm\u0259di. \u00c7\u00fcnki o tarixd\u0259n 39 il \u0259vv\u0259l burada Ulu \u00d6nd\u0259rin i\u015ftirak\u0131 il\u0259 Vaqifin m\u0259qb\u0259r\u0259si a\u00e7\u0131lm\u0131\u015fd\u0131 v\u0259 m\u0259hz yanvar\u0131n 14-d\u0259 m\u0259nim buraya g\u0259lm\u0259yimin \u00e7ox b\u00f6y\u00fck r\u0259mzi m\u0259nas\u0131 var idi. Buraya ilk s\u0259f\u0259rimd\u0259 ilk g\u00f6st\u0259ri\u015fl\u0259rd\u0259n biri d\u0259 o oldu ki, Vaqifin m\u0259qb\u0259r\u0259si b\u0259rpa edilsin, \u00e7\u00fcnki vandallar bu m\u0259qb\u0259r\u0259ni da\u011f\u0131tm\u0131\u015fd\u0131lar, s\u00f6km\u00fc\u015fd\u00fcl\u0259r. Vaqifin i\u00e7\u0259rid\u0259ki barelyefini, sin\u0259 da\u015f\u0131n\u0131 s\u00f6km\u00fc\u015fd\u00fcl\u0259r. Y\u0259ni onlara xas olan vandalizm t\u00f6r\u0259tmi\u015fdil\u0259r, nec\u0259 ki, azad edilmi\u015f b\u00fct\u00fcn ba\u015fqa torpaqlarda biz bunun \u015fahidiyik. M\u0259qb\u0259r\u0259nin b\u0259rpas\u0131n\u0131 Heyd\u0259r \u018fliyev Fondu \u00f6z \u00fcz\u0259rin\u0259 g\u00f6t\u00fcrd\u00fc v\u0259 bu g\u00fcn biz bu m\u0259qb\u0259r\u0259nin \u00f6n\u00fcnd\u0259 Vaqif Poeziya G\u00fcnl\u0259rin\u0259 start veririk. Vaqif Poeziya G\u00fcnl\u0259ri d\u0259 b\u0259rpa edildi, \u201dXar\u0131b\u00fclb\u00fcl&#8221; festival\u0131 da b\u0259rpa edildi. Bu ilin may ay\u0131nda biz \u00e7ox b\u00f6y\u00fck co\u015fqu il\u0259 bu festival\u0131 ke\u00e7irdik v\u0259 bu tarixi b\u0259rpa etdik.<\/strong><\/p>\n<p>\u0130lk s\u0259f\u0259rim \u00e7\u0259r\u00e7iv\u0259sind\u0259 \u015eu\u015fan\u0131n b\u0259rpas\u0131 il\u0259 ba\u011fl\u0131 b\u00fct\u00fcn laz\u0131mi g\u00f6st\u0259ri\u015fl\u0259r verildi v\u0259 yanvar ay\u0131ndan bu g\u00fcn\u0259 q\u0259d\u0259r &#8211; 7 ay \u0259rzind\u0259 art\u0131q \u00e7ox b\u00f6y\u00fck i\u015fl\u0259r g\u00f6r\u00fcl\u00fcb. \u015eu\u015faya ikinci-\u00fc\u00e7\u00fcnc\u00fc d\u0259f\u0259 g\u0259l\u0259nl\u0259r bunu g\u00f6r\u00fcrl\u0259r. B\u0259li, \u015f\u0259h\u0259r h\u0259l\u0259 ki da\u011f\u0131lm\u0131\u015f v\u0259ziyy\u0259td\u0259dir. \u00c7\u00fcnki erm\u0259nil\u0259r n\u0259 q\u0259d\u0259r \u00e7al\u0131\u015falar da, yen\u0259 d\u0259 \u015eu\u015fan\u0131 erm\u0259ni \u015f\u0259h\u0259ri kimi t\u0259qdim ed\u0259 bilm\u0259dil\u0259r v\u0259 \u0259g\u0259r bu, erm\u0259ni \u015f\u0259h\u0259ri idis\u0259, niy\u0259 bel\u0259 v\u0259ziyy\u0259td\u0259 idi, niy\u0259 da\u011f\u0131lm\u0131\u015f v\u0259ziyy\u0259td\u0259 idi, niy\u0259 bir d\u0259n\u0259 bina tikilm\u0259yib? \u00dc\u00e7-d\u00f6rd erm\u0259ni m\u0259murunun yeni villalar\u0131ndan ba\u015fqa bir d\u0259n\u0259 d\u0259 yeni bina tikilm\u0259yib. K\u00f6hn\u0259 binalar ham\u0131s\u0131 da\u011f\u0131d\u0131l\u0131b, tarixi binalar da\u011f\u0131d\u0131l\u0131b.<\/p>\n<p>\u015eu\u015fan\u0131n b\u0259rpas\u0131 yanvar\u0131n 14-d\u0259n ba\u015flanm\u0131\u015fd\u0131r v\u0259 q\u0131sa m\u00fcdd\u0259t \u0259rzind\u0259 b\u00f6y\u00fck i\u015fl\u0259r g\u00f6r\u00fcld\u00fc. \u0130lk n\u00f6vb\u0259d\u0259, yol \u00e7\u0259kildi. \u0130ndi g\u0259ldiyiniz Z\u0259f\u0259r yolu n\u0259 v\u0259ziyy\u0259td\u0259 idi, biz onu yanvar\u0131n 14-d\u0259 g\u00f6rd\u00fck. Biz F\u00fczulid\u0259n t\u0259qrib\u0259n iki saat yar\u0131ma-\u00fc\u00e7 saata g\u0259ldik. \u015eaxtal\u0131, qarl\u0131 hava idi, yol da yox idi, bir c\u0131\u011f\u0131r idi, \u00fcst\u00fc buz, pal\u00e7\u0131q. \u0130ndi is\u0259 art\u0131q asfalt yol tikilib v\u0259 bu, el\u0259 Z\u0259f\u0259r yoludur. Magistral yol da \u00e7\u0259kilir. F\u00fczuli \u015f\u0259h\u0259rind\u0259n tunell\u0259r daxil olmaqla, magistral yol tikilir, daha q\u0131sa yol olacaq. \u015eu\u015fan\u0131n elektrik t\u0259s\u0259rr\u00fcfat\u0131 b\u0259rpa edildi, buraya y\u00fcks\u0259kg\u0259rginlikli x\u0259tl\u0259r F\u00fczulid\u0259n \u00e7\u0259kildi, yar\u0131mstansiya tikildi. Y\u0259ni \u015eu\u015fan\u0131 elektrikl\u0259 t\u0259min etm\u0259k ba\u015fl\u0131ca v\u0259zif\u0259l\u0259rd\u0259n biri idi. D\u00fc\u015fm\u0259n \u015eu\u015fan\u0131 t\u0259rk ed\u0259rk\u0259n \u015eu\u015fan\u0131n su x\u0259tl\u0259rini partlatm\u0131\u015fd\u0131. \u015eu\u015faya suyun verilm\u0259sini biz b\u0259rpa etdik. \u0130ndi iki m\u0259nb\u0259d\u0259n \u015eu\u015faya su g\u0259lir. \u015eu\u015fan\u0131n tarixi abid\u0259l\u0259rinin b\u0259rpas\u0131na start verildi. Vaqifin m\u0259qb\u0259r\u0259si art\u0131q b\u0259rpa edildi. Erm\u0259nil\u0259r t\u0259r\u0259find\u0259n da\u011f\u0131d\u0131lm\u0131\u015f Vaqifin b\u00fcst\u00fc b\u0259rpa edildi, d\u00fcn\u0259n onun ikinci a\u00e7\u0131l\u0131\u015f\u0131 olmu\u015fdur. \u00dc\u00e7 m\u0259scidd\u0259 t\u0259mir-b\u0259rpa i\u015fl\u0259ri gedir. Yuxar\u0131 G\u00f6vh\u0259ra\u011fa m\u0259scidinin t\u0259miri dem\u0259k olar ki, bitm\u0259k \u00fczr\u0259dir. Saatl\u0131 v\u0259 A\u015fa\u011f\u0131 G\u00f6vh\u0259ra\u011fa m\u0259scidl\u0259rinin t\u0259miri il\u0259 ba\u011fl\u0131 g\u00f6st\u0259ri\u015fl\u0259r verildi. Bu m\u0259scidl\u0259rin t\u0259mirini yen\u0259 d\u0259 Heyd\u0259r \u018fliyev Fondu \u00f6z \u00fcz\u0259rin\u0259 g\u00f6t\u00fcrm\u00fc\u015fd\u00fcr. Nat\u0259van bula\u011f\u0131 b\u0259rpa edildi, indi su g\u0259lir. Erm\u0259nil\u0259r 17 bula\u011f\u0131n 17-sini d\u0259 qurutmu\u015fdular. \u018fg\u0259r bu, erm\u0259ni \u015f\u0259h\u0259ri idis\u0259, n\u0259 \u00fc\u00e7\u00fcn siz bu bulaqlar\u0131 qurudursunuz? Ondan sonra \u201cXar\u0131b\u00fclb\u00fcl\u201d oteli istifad\u0259y\u0259 verildi, art\u0131q may-iyun aylar\u0131nda ilk qonaqlar\u0131n\u0131 q\u0259bul etdi v\u0259 dig\u0259r add\u0131mlar at\u0131ld\u0131.<\/p>\n<p><img loading=\"lazy\" src=\"https:\/\/azerbaijan-news.az\/uploads\/img\/posts\/2021\/01\/20\/040JPG-1611098855.JPG\" alt=\"Nat\u0259van, \u00dczeyir b\u0259y, B\u00fclb\u00fcl \u00f6z evl\u0259rin\u0259 qay\u0131td\u0131lar - azerbaijan-news.az\" width=\"844\" height=\"577\" \/><\/p>\n<p>Erm\u0259nil\u0259r t\u0259r\u0259find\u0259n g\u00fcll\u0259baran edilmi\u015f dahi \u015f\u0259xsiyy\u0259tl\u0259rimizin &#8211; Nat\u0259van\u0131n, \u00dczeyir Hac\u0131b\u0259ylinin, B\u00fclb\u00fcl\u00fcn b\u00fcstl\u0259ri g\u0259tirildi v\u0259 m\u0259nim t\u0259r\u0259fimd\u0259n m\u0259rk\u0259zi meydanda qoyuldu. D\u00fcn\u0259n \u015eu\u015fan\u0131n dir\u00e7\u0259li\u015finin n\u00f6vb\u0259ti m\u0259rh\u0259l\u0259si idi. Qeyd etdiyim kimi, Vaqifin m\u0259qb\u0259r\u0259si, Vaqifin b\u00fcst\u00fc yenid\u0259n a\u00e7\u0131ld\u0131, \u00dczeyir Hac\u0131b\u0259ylinin abid\u0259si yenid\u0259n qoyuldu, onu da m\u0259nfur d\u00fc\u015fm\u0259n da\u011f\u0131tm\u0131\u015fd\u0131. \u00dczeyir Hac\u0131b\u0259ylinin da\u011f\u0131lm\u0131\u015f evinin b\u0259rpas\u0131 il\u0259 ba\u011fl\u0131 g\u00f6st\u0259ri\u015f verildi. D\u00fcn\u0259n Polad B\u00fclb\u00fclo\u011flu il\u0259 v\u0259 onun o\u011flu, B\u00fclb\u00fcl\u00fcn n\u0259v\u0259si il\u0259 birlikd\u0259 B\u00fclb\u00fcl\u00fcn evinin a\u00e7\u0131l\u0131\u015f\u0131n\u0131 biz qeyd etdik. Polad atas\u0131n\u0131n evini b\u0259rpa etdi, indi \u00e7ox g\u00f6z\u0259l muzey yarad\u0131lm\u0131\u015fd\u0131r. D\u00fcn\u0259n \u201cQaraba\u011f\u201d hoteli \u0259sasl\u0131 t\u0259mird\u0259n sonra \u00f6z qap\u0131lar\u0131n\u0131 yenid\u0259n qonaqlar\u0131n \u00fcz\u00fcn\u0259 a\u00e7d\u0131. \u0130\u015f\u011fal d\u00f6vr\u00fcnd\u0259 \u201cQaraba\u011f\u201d hoteli n\u0259 g\u00fcnd\u0259 idi, onu biz i\u015f\u011faldan sonra g\u00f6rm\u00fc\u015fd\u00fck. C\u0259mi iki m\u0259rt\u0259b\u0259si i\u015fl\u0259yirdi, n\u0259 su var idi, n\u0259 i\u015f\u0131q var idi. B\u0259rbad v\u0259ziyy\u0259td\u0259 idi, da\u011f\u0131lm\u0131\u015f v\u0259ziyy\u0259td\u0259 idi. O kadrlar var. O da b\u0259rpa edildi v\u0259 hesab edir\u0259m ki, bu t\u0259dbirl\u0259rin i\u00e7ind\u0259 \u0259n \u00f6n\u0259mlisi yeni ya\u015fay\u0131\u015f kompleksinin t\u0259m\u0259l da\u015f\u0131n\u0131n qoyulmas\u0131d\u0131r.<\/p>\n<p><strong>Yeni hotel be\u015fulduzlu olacaq. Orada 150 otaq olacaq. Haz\u0131rda \u015eu\u015fada \u201cQaraba\u011f\u201d v\u0259 \u201cXar\u0131b\u00fclb\u00fcl\u201d hotell\u0259rind\u0259 150 otaq m\u00f6vcuddur, 300 otaq, b\u00f6y\u00fck konfrans zal\u0131 v\u0259 t\u0259dbirl\u0259r \u00fc\u00e7\u00fcn yerl\u0259r olacaqd\u0131r. Be\u015fulduzlu hotelin yeri d\u0259 m\u0259nim t\u0259r\u0259fimd\u0259n se\u00e7ildi. M\u0259nfur d\u00fc\u015fm\u0259n h\u0259min yerd\u0259 d\u0131rnaqaras\u0131 \u201cDa\u011fl\u0131q Qaraba\u011f respublikas\u0131\u201dn\u0131n qondarma parlamenti \u00fc\u00e7\u00fcn bina in\u015fa edirdi. O da biz\u0259 sata\u015fmaq idi. \u201cDa\u011fl\u0131q Qaraba\u011f respublikas\u0131\u201d anlay\u0131\u015f\u0131 yoxdur. Art\u0131q o binan\u0131n b\u00fcn\u00f6vr\u0259si qoyulmu\u015fdu v\u0259 da\u015f i\u015fl\u0259ri art\u0131q tamamlanm\u0131\u015fd\u0131. M\u0259nim g\u00f6st\u0259ri\u015fiml\u0259 bu \u015feytan yuvas\u0131 darmada\u011f\u0131n edildi.<\/strong><\/p>\n<p>\u018fn \u00f6n\u0259mli t\u0259dbir d\u00fcn\u0259n yeni ya\u015fay\u0131\u015f kompleksinin t\u0259m\u0259l da\u015f\u0131n\u0131n qoyulmas\u0131 idi. Bu ya\u015fay\u0131\u015f kompleksi \u015eu\u015fan\u0131n ba\u015f plan\u0131 \u0259sas\u0131nda in\u015fa edil\u0259c\u0259k. \u015eu\u015fan\u0131n ba\u015f plan\u0131 t\u0259sdiq edildi v\u0259 \u00e7ox m\u00fcf\u0259ss\u0259l, g\u00f6z\u0259l i\u015fl\u0259nmi\u015f pland\u0131r. Birinci m\u0259rh\u0259l\u0259d\u0259 orada 25 ya\u015fay\u0131\u015f binas\u0131n\u0131n in\u015fas\u0131 n\u0259z\u0259rd\u0259 tutulur &#8211; \u00fc\u00e7, d\u00f6rd v\u0259 be\u015f m\u0259rt\u0259b\u0259li ya\u015fay\u0131\u015f binalar\u0131 ki, v\u0259t\u0259nda\u015flar art\u0131q \u015eu\u015faya qay\u0131tma\u011fa ba\u015flas\u0131nlar.<\/p>\n<p>Bu kompleks t\u0259dbirl\u0259r onu g\u00f6st\u0259rir ki, \u015eu\u015fan\u0131n dir\u00e7\u0259ldilm\u0259si s\u00fcr\u0259tl\u0259 gedir v\u0259 \u015fu\u015fal\u0131lar \u015eu\u015faya qay\u0131d\u0131rlar. H\u0259m qrup-qrup \u00f6z do\u011fma \u015f\u0259h\u0259rin\u0259 g\u0259lib ziyar\u0259t edirl\u0259r, eyni zamanda burada art\u0131q a\u00e7\u0131lm\u0131\u015f obyektl\u0259rd\u0259 \u015fu\u015fal\u0131lar i\u015fl\u0259 t\u0259min edilir. Bel\u0259likl\u0259, biz \u015eu\u015fan\u0131 yenid\u0259n dir\u00e7\u0259ld\u0259c\u0259yik&#8221;.<\/p>\n<p>\u00d6lk\u0259mizin ba\u015f\u00e7\u0131s\u0131 daha bir maraql\u0131 m\u0259qama da diqq\u0259ti y\u00f6n\u0259ldib: \u201cT\u0259xmin\u0259n 40 il bundan \u0259vv\u0259l, bax, bu yerd\u0259 atam durmu\u015fdu, m\u0259n is\u0259 o t\u0259r\u0259fd\u0259 durmu\u015fdum. \u015eaxtal\u0131-qarl\u0131 havada Vaqifin m\u0259qb\u0259r\u0259sinin a\u00e7\u0131l\u0131\u015f\u0131 idi. Ondan sonra 1982-ci il iyulun 29-da atamla b\u0259rab\u0259r ikinci d\u0259f\u0259 \u015eu\u015faya g\u0259lmi\u015fdim. O vaxt Vaqif Poeziya G\u00fcnl\u0259ri ke\u00e7irilirdi. Bu g\u00fcn is\u0259 ikinci d\u0259f\u0259 Vaqifin m\u0259qb\u0259r\u0259sinin a\u00e7\u0131l\u0131\u015f\u0131n\u0131 biz qeyd edirik. Vaqif Poeziya G\u00fcnl\u0259ri ke\u00e7iril\u0259rk\u0259n atam\u0131n 59 ya\u015f\u0131 var idi. Bu g\u00fcn m\u0259nim 59 ya\u015f\u0131m var. B\u0259zil\u0259ri hesab ed\u0259 bil\u0259r ki, bu, t\u0259sad\u00fcfd\u00fcr. Ancaq m\u0259n hesab edir\u0259m ki, burada b\u00f6y\u00fck r\u0259mzi m\u0259na var, tarix t\u0259krarlan\u0131r. Az\u0259rbaycan tarixinin qara s\u0259hif\u0259si art\u0131q arxada qald\u0131 v\u0259 biz yenid\u0259n n\u0259f\u0259s alma\u011fa ba\u015flam\u0131\u015f\u0131q.<\/p>\n<p><strong>\u0130\u015f\u011fal d\u00f6vr\u00fcnd\u0259 bir \u00e7oxlar\u0131m\u0131z &#8211; h\u0259m ke\u00e7mi\u015f m\u0259cburi k\u00f6\u00e7k\u00fcnl\u0259r, h\u0259m b\u00fct\u00fcn Az\u0259rbaycan xalq\u0131, o c\u00fcml\u0259d\u0259n d\u0259 m\u0259n d\u0259f\u0259l\u0259rl\u0259 fikirl\u0259\u015firdik ki, d\u00fcnyada \u0259dal\u0259t yoxdur. \u00c7\u00fcnki \u0259dal\u0259t olsayd\u0131, biz bu v\u0259ziyy\u0259t\u0259 d\u00fc\u015fm\u0259zdik. M\u0259n d\u0259 o c\u00fcml\u0259d\u0259n bel\u0259 fikird\u0259 idim. Ancaq h\u0259yat g\u00f6st\u0259rdi ki, \u0259dal\u0259t var, sad\u0259c\u0259, d\u00f6z\u00fcml\u00fc olmaq laz\u0131md\u0131r, s\u0259birli olmaq laz\u0131md\u0131r, \u0259dal\u0259t\u0259 inanmaq laz\u0131md\u0131r v\u0259 \u0259dal\u0259t\u0259 nail olmaq \u00fc\u00e7\u00fcn \u00e7al\u0131\u015fmaq laz\u0131md\u0131r, h\u0259d\u0259f\u0259 do\u011fru getm\u0259k laz\u0131md\u0131r. \u018fdal\u0259ti b\u0259rpa etm\u0259k \u00fc\u00e7\u00fcn f\u0259dakarl\u0131q g\u00f6st\u0259rm\u0259k laz\u0131md\u0131r. Bu g\u00fcn biz ham\u0131m\u0131z \u00fcr\u0259yimizd\u0259 deyirik v\u0259 a\u00e7\u0131q deyirik ki, b\u0259li, \u0259dal\u0259t var, \u0259dal\u0259t b\u0259rpa edildi, biz bu g\u00fcn \u015eu\u015faday\u0131q v\u0259 bundan sonra \u015eu\u015fada \u0259b\u0259di ya\u015fayaca\u011f\u0131q&#8221;.<\/strong><\/p>\n<p>Prezident \u0130lham \u018fliyev v\u0259 I Vitse-prezident Mehriban xan\u0131m \u018fliyevan\u0131n Qaraba\u011fa s\u0259f\u0259rl\u0259ri m\u00fch\u00fcm tarixi hadis\u0259dir v\u0259 tarixi m\u0259qamlarla yadda qald\u0131. \u00d6lk\u0259 r\u0259hb\u0259rl\u0259ri s\u0259f\u0259r \u00e7\u0259r\u00e7iv\u0259sind\u0259 m\u0259d\u0259niyy\u0259timizin paytaxt\u0131 elan olunan \u015eu\u015fa \u015f\u0259h\u0259rind\u0259 bir s\u0131ra abid\u0259l\u0259rin a\u00e7\u0131l\u0131\u015f\u0131nda i\u015ftirak etm\u0259l\u0259ri Az\u0259rbaycan hakimiyy\u0259tinin bu \u015f\u0259h\u0259r\u0259 verdiyi \u00f6n\u0259mi v\u0259 \u00f6z m\u0259qs\u0259dind\u0259 n\u0259 q\u0259d\u0259r \u0259zmli oldu\u011funu g\u00f6st\u0259rir.<\/p>\n<p><img src=\"https:\/\/apa.az\/storage\/news\/2020\/september\/02\/big\/1599033785410_IRP5YFCZ.jpg\" alt=\"Zahid Oruc yerli icra hakimiyy\u0259ti sistemind\u0259 daha b\u00f6y\u00fck islahatlar\u0131n  apar\u0131lmas\u0131n\u0131 z\u0259ruri say\u0131r\" \/><\/p>\n<p><strong>Zahid Oruc\u00a0<\/strong><\/p>\n<p class=\" aBigClassNameToAvoidCollisionInText\"><strong>Sosial T\u0259dqiqatlar M\u0259rk\u0259zinin s\u0259dri, deputat Zahid Oruc \u201cYeni M\u00fcsavat\u201da bildirdi ki, Prezidentin \u00f6lk\u0259 daxilind\u0259 h\u0259yata ke\u00e7irdiyi s\u0259f\u0259rl\u0259rin xronikas\u0131nda Qaraba\u011f birinci yerd\u0259 dayan\u0131r:<\/strong>\u00a0\u201c\u201cQaraba\u011f\u201d dey\u0259rk\u0259n regionda co\u011frafi \u0259razi b\u00f6lg\u00fcs\u00fcnd\u0259n s\u00f6z a\u00e7m\u0131r\u0131q. Daha art\u0131q d\u0259r\u0259c\u0259d\u0259 azad torpaqlara s\u0259f\u0259r ad\u0131 alt\u0131nda bunlar\u0131 birl\u0259\u015fdirs\u0259k, \u015f\u00fcbh\u0259siz onun s\u00fcbutudur ki, \u00f6lk\u0259 r\u0259hb\u0259ri d\u00f6vl\u0259t quruculu\u011funun a\u011f\u0131rl\u0131q m\u0259rk\u0259zini m\u0259hz Qaraba\u011fa k\u00f6\u00e7\u00fcr\u00fcb. C\u0259nab Prezidentin F\u00fczuliy\u0259, \u015eu\u015faya s\u0259f\u0259ri onun g\u00f6st\u0259ricisidir ki, \u018fliyev t\u0259m\u0259lli bir d\u00f6vl\u0259t quruculu\u011fu indi h\u0259min o qeyd etdiyimiz \u0259razil\u0259rd\u0259 \u00f6z\u00fcn\u00fc daha \u00e7ox g\u00f6st\u0259rir. \u018fsas\u0131 qoyulan h\u0259r bir in\u015faat i\u015fi hans\u0131sa bir infrastruktur layih\u0259si olma\u011f\u0131ndan daha \u00e7ox, m\u00fcq\u0259dd\u0259s funksiya da da\u015f\u0131y\u0131r v\u0259 bu, \u00f6n\u0259mlidir. \u015eu\u015fadan dan\u0131\u015f\u0131r\u0131qsa, P\u0259nah\u0259li xan\u0131n \u0259sas\u0131n\u0131 qoydu\u011fu bu qala indiki d\u00f6vrd\u0259, \u0130lham \u018fliyevin add\u0131mlar\u0131 il\u0259 x\u00fcsusi bir 21-ci \u0259srin in\u015faat modell\u0259ri il\u0259, m\u00fcasir sisteml\u0259ri il\u0259 bir istehkam kimi formala\u015fmaqdad\u0131r. Buradan onu g\u00f6st\u0259rm\u0259k olur ki, Prezident \u0130lham \u018fliyev indi Bak\u0131dan daha \u00e7ox, \u015eu\u015fa \u00fcz\u0259rind\u0259n Az\u0259rbaycan\u0131 idar\u0259 edir. Uzun \u0259srl\u0259r boyu bizim \u00fc\u00e7\u00fcn musiqi, m\u0259d\u0259niyy\u0259t, \u0259d\u0259biyyat, insc\u0259n\u0259t be\u015fiyi olan bu m\u0259kan h\u0259m d\u0259 bir siyas\u0259t be\u015fiyin\u0259 \u00e7evrilir v\u0259 s\u00f6z\u00fcn h\u0259qiqi m\u0259nas\u0131nda \u0130lham \u018fliyev R\u0259c\u0259b Tayyib \u018frdo\u011fan\u0131 orada qar\u015f\u0131lad\u0131\u011f\u0131 kimi indi h\u0259r bir xarici d\u00f6vl\u0259t ba\u015f\u00e7\u0131s\u0131na orada \u0259l uzatmaq, onlarla protokollar \u00fcz\u0259rind\u0259n g\u00f6r\u00fc\u015fl\u0259r ke\u00e7irm\u0259k, \u015eu\u015fan\u0131 diplomatik siyasi paytaxt\u0131m\u0131za \u00e7evirm\u0259y\u0259 iddial\u0131d\u0131r. Az\u0259rbaycan\u0131n tarixi karifey \u015f\u0259xsiyy\u0259tl\u0259rinin abid\u0259l\u0259rinin, ev muzeyl\u0259rinin a\u00e7\u0131l\u0131\u015f\u0131, Vaqif Poeziya G\u00fcnl\u0259rinin ke\u00e7irilm\u0259si m\u0259d\u0259niyy\u0259t istehkamlar\u0131 olmaqla b\u0259rab\u0259r, h\u0259m d\u0259 Az\u0259rbaycan\u0131n h\u0259rbi-siyasi g\u00fcc\u00fcn\u00fc art\u0131ran hadis\u0259l\u0259rdir. Bu hadis\u0259l\u0259ri yaln\u0131z iqtisadi, m\u0259d\u0259ni hadis\u0259 kimi q\u0259bul etm\u0259k yanl\u0131\u015f olar. \u00c7\u00fcnki bu, h\u0259m t\u0259hl\u00fck\u0259sizlik m\u0259s\u0259l\u0259sidir, h\u0259m h\u0259rbi hadis\u0259dir&#8221;.<\/p>\n<div id=\"sas_45111\"><\/div>\n<div id=\"video\"><\/div>\n<p><strong>Deputat vur\u011fulad\u0131 ki, hava limanlar\u0131n\u0131n in\u015fas\u0131 da \u00e7ox ciddi hadis\u0259dir:<\/strong>\u00a0\u201cBir ki\u00e7ik m\u0259kana bel\u0259 hava limanlar\u0131 siyas\u0259ti \u0130lham \u018fliyevin daha uza\u011fa ged\u0259n planlar\u0131n\u0131n ortaya \u00e7\u0131xard\u0131\u011f\u0131 n\u0259tic\u0259l\u0259rd\u0259ndir. Biz q\u0259tiyy\u0259n iddia el\u0259mirik ki, Az\u0259rbaycan imperiyas\u0131 qurmaq \u00fc\u00e7\u00fcn bunlar\u0131 edirik. Biz onu deyirik ki, regionda \u0259sas siyasi pardiqma d\u0259yi\u015f\u0259rs\u0259, regionda yeni iqtisadi, siyasi arxitetktura qurularsa, komunikasiyalar\u0131n a\u00e7\u0131lmas\u0131 ba\u015f ver\u0259rs\u0259, Az\u0259rbaycan buna daha haz\u0131r olacaq. V\u0259 bununla da iqtisadi m\u0259rk\u0259z funksiyas\u0131n\u0131 yerin\u0259 yetir\u0259c\u0259k. Prezident \u0130lham \u018fliyev dey\u0259nd\u0259 ki, biz \u0130r\u0259vana, G\u00f6y\u00e7\u0259y\u0259 qay\u0131daca\u011f\u0131q, bu, tanks\u0131z-topsuz qay\u0131d\u0131\u015f\u0131 n\u0259z\u0259rd\u0259 tutur v\u0259 Qaraba\u011fda g\u00f6r\u00fcl\u0259n h\u0259r bir i\u015f bunu do\u011furmaq \u00fc\u00e7\u00fcnd\u00fcr. \u201d10 noyabrdan ke\u00e7\u0259n d\u00f6vr bizim senarimiz \u0259sas\u0131nda ke\u00e7ibdir&#8221; dey\u0259rk\u0259n onun alt qat\u0131nda m\u0259xfi, c\u0259miyy\u0259t \u00fc\u00e7\u00fcn a\u00e7\u0131qlanmayan n\u0259l\u0259rin oldu\u011funu h\u0259r k\u0259s ba\u015fa d\u00fc\u015fm\u0259lidir. C\u0259nab Prezidentin b\u00fct\u00fcn dig\u0259r \u0259razil\u0259rimizd\u0259n daha \u00fcst\u00fcn bir s\u0259viyy\u0259d\u0259-el\u0259 \u00f6z\u00fcn\u00fcn h\u0259m d\u0259 co\u011frafi y\u00fcks\u0259kliyin\u0259 g\u00f6r\u0259, \u015eu\u015fan\u0131, K\u0259lb\u0259c\u0259ri, La\u00e7\u0131n\u0131 birinci yer\u0259 qoymas\u0131 onun s\u00fcbutudur ki, qar\u015f\u0131dak\u0131 ill\u0259rd\u0259 h\u0259r g\u00fcn x\u0259b\u0259r m\u0259kan\u0131na oralar\u0131n quruculu\u011funa dair x\u0259b\u0259rl\u0259r daha \u00e7ox daxil olacaq&#8221;.<\/p>\n<p><strong>Etibar SEY\u0130DA\u011eA,<\/strong><br \/>\n<strong>\u201cYeni M\u00fcsavat\u201d\u00a0\u00a0<\/strong><\/p>\n","protected":false},"excerpt":{"rendered":"<p>\u0130lham \u018fliyev: \u201c\u201dDa\u011fl\u0131q Qaraba\u011f respublikas\u0131&#8221; anlay\u0131\u015f\u0131 yoxdur, m\u0259nim g\u00f6st\u0259ri\u015fiml\u0259 bu \u015feytan yuvas\u0131 darmada\u011f\u0131n edildi\u201d Az\u0259rbaycan Prezidenti \u0130lham \u018fliyev v\u0259 birinci xan\u0131m Mehriban \u018fliyeva avqustun 29-da F\u00fczuli Beyn\u0259lxalq Hava Liman\u0131nda tikinti i\u015fl\u0259rinin gedi\u015fi il\u0259 tan\u0131\u015f olublar. H\u0259min g\u00fcn Prezident v\u0259 birinci xan\u0131m Mehriban \u018fliyeva \u018fhm\u0259db\u0259yli-F\u00fczuli-\u015eu\u015fa Z\u0259f\u0259r yolunda son tamamlama i\u015fl\u0259ri il\u0259 d\u0259 tan\u0131\u015f olublar. Az\u0259rTac x\u0259b\u0259r verir ki, d\u00f6vl\u0259timizin ba\u015f\u00e7\u0131s\u0131n\u0131n s\u0259r\u0259ncam\u0131 il\u0259 t\u0259sdiq edilmi\u015f i\u015f\u011faldan azad olunmu\u015f \u0259razil\u0259rin yenid\u0259n qurulmas\u0131 v\u0259 b\u0259rpas\u0131 layih\u0259si \u00e7\u0259r\u00e7iv\u0259sind\u0259 \u201cZ\u0259f\u0259r yolu\u201dnun tikintisi, h\u0259m\u00e7inin F\u00fczuli Beyn\u0259lxalq Hava Liman\u0131nda tikinti i\u015fl\u0259ri ba\u015fa \u00e7atmaq \u00fczr\u0259dir. Sonra Prezident \u0130lham \u018fliyev&hellip;<\/p>\n","protected":false},"author":2,"featured_media":372598,"comment_status":"closed","ping_status":"closed","sticky":false,"template":"","format":"standard","meta":{"om_disable_all_campaigns":false,"_monsterinsights_skip_tracking":false,"_monsterinsights_sitenote_active":false,"_monsterinsights_sitenote_note":"","_monsterinsights_sitenote_category":0},"categories":[19],"tags":[],"aioseo_notices":[],"gutentor_comment":0,"rttpg_featured_image_url":{"full":["https:\/\/arantv.az\/wp-content\/uploads\/2021\/08\/c8a891ba6c64078e7deb27c82fe2e882.jpg",450,300,false],"landscape":["https:\/\/arantv.az\/wp-content\/uploads\/2021\/08\/c8a891ba6c64078e7deb27c82fe2e882.jpg",450,300,false],"portraits":["https:\/\/arantv.az\/wp-content\/uploads\/2021\/08\/c8a891ba6c64078e7deb27c82fe2e882.jpg",450,300,false],"thumbnail":["https:\/\/arantv.az\/wp-content\/uploads\/2021\/08\/c8a891ba6c64078e7deb27c82fe2e882-450x280.jpg",450,280,true],"medium":["https:\/\/arantv.az\/wp-content\/uploads\/2021\/08\/c8a891ba6c64078e7deb27c82fe2e882.jpg",450,300,false],"large":["https:\/\/arantv.az\/wp-content\/uploads\/2021\/08\/c8a891ba6c64078e7deb27c82fe2e882.jpg",450,300,false],"1536x1536":["https:\/\/arantv.az\/wp-content\/uploads\/2021\/08\/c8a891ba6c64078e7deb27c82fe2e882.jpg",450,300,false],"2048x2048":["https:\/\/arantv.az\/wp-content\/uploads\/2021\/08\/c8a891ba6c64078e7deb27c82fe2e882.jpg",450,300,false],"post-thumbnail":["https:\/\/arantv.az\/wp-content\/uploads\/2021\/08\/c8a891ba6c64078e7deb27c82fe2e882-240x172.jpg",240,172,true],"advps-thumb-one":["https:\/\/arantv.az\/wp-content\/uploads\/2021\/08\/c8a891ba6c64078e7deb27c82fe2e882.jpg",450,300,false]},"rttpg_author":{"display_name":"V\u00fcsal Rafiqo\u011flu","author_link":"https:\/\/arantv.az\/?author=2"},"rttpg_comment":0,"rttpg_category":"<a href=\"https:\/\/arantv.az\/?cat=19\" rel=\"category\">G\u00fcnd\u0259m<\/a>","rttpg_excerpt":"\u0130lham \u018fliyev: \u201c\u201dDa\u011fl\u0131q Qaraba\u011f respublikas\u0131&#8221; anlay\u0131\u015f\u0131 yoxdur, m\u0259nim g\u00f6st\u0259ri\u015fiml\u0259 bu \u015feytan yuvas\u0131 darmada\u011f\u0131n edildi\u201d Az\u0259rbaycan Prezidenti \u0130lham \u018fliyev v\u0259 birinci xan\u0131m Mehriban \u018fliyeva avqustun 29-da F\u00fczuli Beyn\u0259lxalq Hava Liman\u0131nda tikinti i\u015fl\u0259rinin gedi\u015fi il\u0259 tan\u0131\u015f olublar. H\u0259min g\u00fcn Prezident v\u0259 birinci xan\u0131m Mehriban \u018fliyeva \u018fhm\u0259db\u0259yli-F\u00fczuli-\u015eu\u015fa Z\u0259f\u0259r yolunda son tamamlama i\u015fl\u0259ri il\u0259 d\u0259 tan\u0131\u015f olublar. Az\u0259rTac x\u0259b\u0259r&hellip;","_links":{"self":[{"href":"https:\/\/arantv.az\/index.php?rest_route=\/wp\/v2\/posts\/372597"}],"collection":[{"href":"https:\/\/arantv.az\/index.php?rest_route=\/wp\/v2\/posts"}],"about":[{"href":"https:\/\/arantv.az\/index.php?rest_route=\/wp\/v2\/types\/post"}],"author":[{"embeddable":true,"href":"https:\/\/arantv.az\/index.php?rest_route=\/wp\/v2\/users\/2"}],"replies":[{"embeddable":true,"href":"https:\/\/arantv.az\/index.php?rest_route=%2Fwp%2Fv2%2Fcomments&post=372597"}],"version-history":[{"count":0,"href":"https:\/\/arantv.az\/index.php?rest_route=\/wp\/v2\/posts\/372597\/revisions"}],"wp:featuredmedia":[{"embeddable":true,"href":"https:\/\/arantv.az\/index.php?rest_route=\/wp\/v2\/media\/372598"}],"wp:attachment":[{"href":"https:\/\/arantv.az\/index.php?rest_route=%2Fwp%2Fv2%2Fmedia&parent=372597"}],"wp:term":[{"taxonomy":"category","embeddable":true,"href":"https:\/\/arantv.az\/index.php?rest_route=%2Fwp%2Fv2%2Fcategories&post=372597"},{"taxonomy":"post_tag","embeddable":true,"href":"https:\/\/arantv.az\/index.php?rest_route=%2Fwp%2Fv2%2Ftags&post=372597"}],"curies":[{"name":"wp","href":"https:\/\/api.w.org\/{rel}","templated":true}]}}