{"id":37454,"date":"2019-02-08T13:55:57","date_gmt":"2019-02-08T10:55:57","guid":{"rendered":"http:\/\/arantv.az\/?p=37454"},"modified":"2019-02-08T13:55:57","modified_gmt":"2019-02-08T10:55:57","slug":"%c9%99hali-bu-m%c9%99hk%c9%99m%c9%99l%c9%99rd%c9%99n-narazidir-siyahi","status":"publish","type":"post","link":"https:\/\/arantv.az\/?p=37454","title":{"rendered":"\u018fhali bu m\u0259hk\u0259m\u0259l\u0259rd\u0259n naraz\u0131d\u0131r \u2014 S\u0130YAHI"},"content":{"rendered":"<div class=\"spot\">\u201cM\u0259hk\u0259m\u0259 orqanlar\u0131n\u0131n f\u0259aliyy\u0259tinin yax\u015f\u0131la\u015fd\u0131r\u0131lmas\u0131, bu sah\u0259d\u0259 \u015f\u0259ffafl\u0131\u011f\u0131n art\u0131r\u0131lmas\u0131 \u00fc\u00e7\u00fcn g\u00f6r\u00fcl\u0259n t\u0259dbirl\u0259r 2018-ci ild\u0259 d\u0259 davam etdirilib. Bununla bel\u0259, \u00f6t\u0259n il Prezident Administrasiyas\u0131na m\u0259hk\u0259m\u0259 orqanlar\u0131n\u0131n f\u0259aliyy\u0259tin\u0259 dair daxil olan m\u00fcraci\u0259tl\u0259rin say\u0131 art\u0131b\u201d.<\/div>\n<p><strong>ARANTV.AZ<\/strong> x\u0259b\u0259r verir ki, bu bar\u0259d\u0259 Prezident Administrasiyas\u0131n\u0131n S\u0259n\u0259dl\u0259rl\u0259 v\u0259 v\u0259t\u0259nda\u015flar\u0131n m\u00fcraci\u0259tl\u0259ri il\u0259 i\u015f \u015f\u00f6b\u0259sinin m\u00fcdiri S\u00fcleyman \u0130smay\u0131lov 2018-ci ild\u0259 \u00f6lk\u0259 v\u0259t\u0259nda\u015flar\u0131n\u0131 d\u00fc\u015f\u00fcnd\u00fcr\u0259n m\u0259s\u0259l\u0259l\u0259rin, onlar\u0131n probleml\u0259rinin d\u00f6vl\u0259t orqanlar\u0131 t\u0259r\u0259find\u0259n nec\u0259 h\u0259ll olunmas\u0131ndan, bu i\u015f\u0259 g\u00f6st\u0259ril\u0259n y\u00fcks\u0259k diqq\u0259t v\u0259 t\u0259l\u0259bkarl\u0131qdan b\u0259hs ed\u0259n geni\u015f t\u0259hlili m\u0259qal\u0259sind\u0259 bildirib.<\/p>\n<p>O qeyd edib ki, m\u00fcraci\u0259tl\u0259rin say\u0131n\u0131n artmas\u0131n\u0131 v\u0259t\u0259nda\u015flar\u0131m\u0131z\u0131n \u00f6z probleml\u0259rini h\u00fcquqi m\u00fcst\u0259vid\u0259 h\u0259ll etm\u0259y\u0259 \u00fcst\u00fcnl\u00fck verm\u0259si il\u0259 \u0259laq\u0259l\u0259ndirm\u0259k olar:<br \/>\n\u201cPrezident Administrasiyas\u0131na Bak\u0131 \u015f\u0259h\u0259rinin Bin\u0259q\u0259di, X\u0259z\u0259r, Qarada\u011f, N\u0259rimanov, Nizami, S\u0259bail, Suraxan\u0131, Yasamal rayonlar\u0131n\u0131n, h\u0259m\u00e7inin Sumqay\u0131t, \u015eirvan, Ab\u015feron, Balak\u0259n, Da\u015fk\u0259s\u0259n, F\u00fczuli, G\u0259d\u0259b\u0259y, Goranboy, Xa\u00e7maz, \u0130mi\u015fli, Quba, Masall\u0131, dig\u0259r \u015f\u0259h\u0259r v\u0259 rayon m\u0259hk\u0259m\u0259l\u0259rinin f\u0259aliyy\u0259tin\u0259 dair m\u00fcraci\u0259tl\u0259r nisb\u0259t\u0259n \u00e7ox daxil olub. H\u0259m\u00e7inin apellyasiya, inzibati-iqtisadi v\u0259 h\u0259rbi m\u0259hk\u0259m\u0259l\u0259rin f\u0259aliyy\u0259ti bar\u0259d\u0259 m\u00fcraci\u0259tl\u0259r d\u0259 az deyildir\u201d.<\/p>\n<div id=\"AdributorNativeVideo0\" class=\"AdributorNativeVideo\"><\/div>\n<p><em>\u00d6lk\u0259.Az<\/em><\/p>\n","protected":false},"excerpt":{"rendered":"<p>\u201cM\u0259hk\u0259m\u0259 orqanlar\u0131n\u0131n f\u0259aliyy\u0259tinin yax\u015f\u0131la\u015fd\u0131r\u0131lmas\u0131, bu sah\u0259d\u0259 \u015f\u0259ffafl\u0131\u011f\u0131n art\u0131r\u0131lmas\u0131 \u00fc\u00e7\u00fcn g\u00f6r\u00fcl\u0259n t\u0259dbirl\u0259r 2018-ci ild\u0259 d\u0259 davam etdirilib. Bununla bel\u0259, \u00f6t\u0259n il Prezident Administrasiyas\u0131na m\u0259hk\u0259m\u0259 orqanlar\u0131n\u0131n f\u0259aliyy\u0259tin\u0259 dair daxil olan m\u00fcraci\u0259tl\u0259rin say\u0131 art\u0131b\u201d. ARANTV.AZ x\u0259b\u0259r verir ki, bu bar\u0259d\u0259 Prezident Administrasiyas\u0131n\u0131n S\u0259n\u0259dl\u0259rl\u0259 v\u0259 v\u0259t\u0259nda\u015flar\u0131n m\u00fcraci\u0259tl\u0259ri il\u0259 i\u015f \u015f\u00f6b\u0259sinin m\u00fcdiri S\u00fcleyman \u0130smay\u0131lov 2018-ci ild\u0259 \u00f6lk\u0259 v\u0259t\u0259nda\u015flar\u0131n\u0131 d\u00fc\u015f\u00fcnd\u00fcr\u0259n m\u0259s\u0259l\u0259l\u0259rin, onlar\u0131n probleml\u0259rinin d\u00f6vl\u0259t orqanlar\u0131 t\u0259r\u0259find\u0259n nec\u0259 h\u0259ll olunmas\u0131ndan, bu i\u015f\u0259 g\u00f6st\u0259ril\u0259n y\u00fcks\u0259k diqq\u0259t v\u0259 t\u0259l\u0259bkarl\u0131qdan b\u0259hs ed\u0259n geni\u015f t\u0259hlili m\u0259qal\u0259sind\u0259 bildirib. O qeyd edib ki, m\u00fcraci\u0259tl\u0259rin say\u0131n\u0131n artmas\u0131n\u0131 v\u0259t\u0259nda\u015flar\u0131m\u0131z\u0131n \u00f6z probleml\u0259rini h\u00fcquqi m\u00fcst\u0259vid\u0259 h\u0259ll etm\u0259y\u0259&hellip;<\/p>\n","protected":false},"author":2,"featured_media":37455,"comment_status":"closed","ping_status":"closed","sticky":false,"template":"","format":"standard","meta":{"om_disable_all_campaigns":false,"_monsterinsights_skip_tracking":false,"_monsterinsights_sitenote_active":false,"_monsterinsights_sitenote_note":"","_monsterinsights_sitenote_category":0},"categories":[1],"tags":[],"aioseo_notices":[],"gutentor_comment":0,"rttpg_featured_image_url":{"full":["https:\/\/arantv.az\/wp-content\/uploads\/2019\/02\/mehkeme.jpg",620,375,false],"landscape":["https:\/\/arantv.az\/wp-content\/uploads\/2019\/02\/mehkeme.jpg",620,375,false],"portraits":["https:\/\/arantv.az\/wp-content\/uploads\/2019\/02\/mehkeme.jpg",620,375,false],"thumbnail":["https:\/\/arantv.az\/wp-content\/uploads\/2019\/02\/mehkeme-150x150.jpg",150,150,true],"medium":["https:\/\/arantv.az\/wp-content\/uploads\/2019\/02\/mehkeme-300x181.jpg",300,181,true],"large":["https:\/\/arantv.az\/wp-content\/uploads\/2019\/02\/mehkeme.jpg",620,375,false],"1536x1536":["https:\/\/arantv.az\/wp-content\/uploads\/2019\/02\/mehkeme.jpg",620,375,false],"2048x2048":["https:\/\/arantv.az\/wp-content\/uploads\/2019\/02\/mehkeme.jpg",620,375,false],"post-thumbnail":["https:\/\/arantv.az\/wp-content\/uploads\/2019\/02\/mehkeme-240x172.jpg",240,172,true],"advps-thumb-one":["https:\/\/arantv.az\/wp-content\/uploads\/2019\/02\/mehkeme.jpg",620,375,false]},"rttpg_author":{"display_name":"V\u00fcsal Rafiqo\u011flu","author_link":"https:\/\/arantv.az\/?author=2"},"rttpg_comment":0,"rttpg_category":"<a href=\"https:\/\/arantv.az\/?cat=1\" rel=\"category\">C\u0259miyy\u0259t<\/a>","rttpg_excerpt":"\u201cM\u0259hk\u0259m\u0259 orqanlar\u0131n\u0131n f\u0259aliyy\u0259tinin yax\u015f\u0131la\u015fd\u0131r\u0131lmas\u0131, bu sah\u0259d\u0259 \u015f\u0259ffafl\u0131\u011f\u0131n art\u0131r\u0131lmas\u0131 \u00fc\u00e7\u00fcn g\u00f6r\u00fcl\u0259n t\u0259dbirl\u0259r 2018-ci ild\u0259 d\u0259 davam etdirilib. Bununla bel\u0259, \u00f6t\u0259n il Prezident Administrasiyas\u0131na m\u0259hk\u0259m\u0259 orqanlar\u0131n\u0131n f\u0259aliyy\u0259tin\u0259 dair daxil olan m\u00fcraci\u0259tl\u0259rin say\u0131 art\u0131b\u201d. ARANTV.AZ x\u0259b\u0259r verir ki, bu bar\u0259d\u0259 Prezident Administrasiyas\u0131n\u0131n S\u0259n\u0259dl\u0259rl\u0259 v\u0259 v\u0259t\u0259nda\u015flar\u0131n m\u00fcraci\u0259tl\u0259ri il\u0259 i\u015f \u015f\u00f6b\u0259sinin m\u00fcdiri S\u00fcleyman \u0130smay\u0131lov 2018-ci ild\u0259 \u00f6lk\u0259 v\u0259t\u0259nda\u015flar\u0131n\u0131 d\u00fc\u015f\u00fcnd\u00fcr\u0259n m\u0259s\u0259l\u0259l\u0259rin,&hellip;","_links":{"self":[{"href":"https:\/\/arantv.az\/index.php?rest_route=\/wp\/v2\/posts\/37454"}],"collection":[{"href":"https:\/\/arantv.az\/index.php?rest_route=\/wp\/v2\/posts"}],"about":[{"href":"https:\/\/arantv.az\/index.php?rest_route=\/wp\/v2\/types\/post"}],"author":[{"embeddable":true,"href":"https:\/\/arantv.az\/index.php?rest_route=\/wp\/v2\/users\/2"}],"replies":[{"embeddable":true,"href":"https:\/\/arantv.az\/index.php?rest_route=%2Fwp%2Fv2%2Fcomments&post=37454"}],"version-history":[{"count":0,"href":"https:\/\/arantv.az\/index.php?rest_route=\/wp\/v2\/posts\/37454\/revisions"}],"wp:featuredmedia":[{"embeddable":true,"href":"https:\/\/arantv.az\/index.php?rest_route=\/wp\/v2\/media\/37455"}],"wp:attachment":[{"href":"https:\/\/arantv.az\/index.php?rest_route=%2Fwp%2Fv2%2Fmedia&parent=37454"}],"wp:term":[{"taxonomy":"category","embeddable":true,"href":"https:\/\/arantv.az\/index.php?rest_route=%2Fwp%2Fv2%2Fcategories&post=37454"},{"taxonomy":"post_tag","embeddable":true,"href":"https:\/\/arantv.az\/index.php?rest_route=%2Fwp%2Fv2%2Ftags&post=37454"}],"curies":[{"name":"wp","href":"https:\/\/api.w.org\/{rel}","templated":true}]}}