{"id":37462,"date":"2019-02-08T13:59:13","date_gmt":"2019-02-08T10:59:13","guid":{"rendered":"http:\/\/arantv.az\/?p=37462"},"modified":"2019-02-08T13:59:13","modified_gmt":"2019-02-08T10:59:13","slug":"az%c9%99rbaycan-v%c9%99-iran-xin-bascilari-n%c9%99-vaxt-gorus%c9%99c%c9%99k","status":"publish","type":"post","link":"https:\/\/arantv.az\/?p=37462","title":{"rendered":"Az\u0259rbaycan v\u0259 \u0130ran X\u0130N ba\u015f\u00e7\u0131lar\u0131 n\u0259 vaxt g\u00f6r\u00fc\u015f\u0259c\u0259k?"},"content":{"rendered":"<div class=\"spot\">Az\u0259rbaycan v\u0259 \u0130ran xarici i\u015fl\u0259r nazirl\u0259ri Elmar M\u0259mm\u0259dyarov il\u0259 M\u0259h\u0259mm\u0259d Cavad Z\u0259rif aras\u0131nda fevral\u0131n sonuna q\u0259d\u0259r Tehranda g\u00f6r\u00fc\u015f ke\u00e7iril\u0259c\u0259k.<\/div>\n<p><strong>ARANTV.AZ<\/strong> x\u0259b\u0259r verir ki, bu bar\u0259d\u0259 \u0130ran\u0131n Az\u0259rbaycandak\u0131 s\u0259firi Cavad Cahangirzad\u0259 brifinqd\u0259 bildirib.<\/p>\n<p>&#8220;G\u00f6r\u00fc\u015f\u00fcn g\u00fcnd\u0259liyin\u0259 ikit\u0259r\u0259fli \u0259laq\u0259l\u0259rin inki\u015faf\u0131 v\u0259 Az\u0259rbaycanla \u0130ran aras\u0131nda \u0259m\u0259kda\u015fl\u0131q m\u0259s\u0259l\u0259l\u0259ri daxil edil\u0259c\u0259k&#8221;, &#8211; s\u0259fir deyib.<\/p>\n<p>Onun s\u00f6zl\u0259rin\u0259 g\u00f6r\u0259, h\u0259m\u00e7inin Novruz bayram\u0131ndan sonra \u00fc\u00e7t\u0259r\u0259fli v\u0259 d\u00f6rdt\u0259r\u0259fli, o c\u00fcml\u0259d\u0259n \u0130ran, T\u00fcrkiy\u0259, Az\u0259rbaycan xarici i\u015fl\u0259r nazirl\u0259rinin, el\u0259c\u0259 d\u0259 \u0130ran, Az\u0259rbaycan, T\u00fcrkiy\u0259 v\u0259 G\u00fcrc\u00fcstan X\u0130N ba\u015f\u00e7\u0131lar\u0131n\u0131n g\u00f6r\u00fc\u015fl\u0259rinin ke\u00e7irilm\u0259si d\u0259 planla\u015fd\u0131r\u0131l\u0131r.<\/p>\n<div id=\"AdributorNativeVideo0\" class=\"AdributorNativeVideo\"><\/div>\n<p>Diplomat qeyd edib ki, bununla yana\u015f\u0131, bu il Moskvada Az\u0259rbaycan-\u0130ran-Rusiya sammitinin ke\u00e7irilm\u0259si n\u0259z\u0259rd\u0259 tutulub.<\/p>\n<p>&#8220;Rusiya t\u0259dbir\u0259 ev sahibliyi ed\u0259c\u0259yind\u0259n sammitin vaxt\u0131n\u0131 Rusiya t\u0259r\u0259fi elan ed\u0259c\u0259k&#8221;, &#8211; C.Cahangirzad\u0259 bildirib.<\/p>\n<p><em>\u00d6lk\u0259.Az<\/em><\/p>\n","protected":false},"excerpt":{"rendered":"<p>Az\u0259rbaycan v\u0259 \u0130ran xarici i\u015fl\u0259r nazirl\u0259ri Elmar M\u0259mm\u0259dyarov il\u0259 M\u0259h\u0259mm\u0259d Cavad Z\u0259rif aras\u0131nda fevral\u0131n sonuna q\u0259d\u0259r Tehranda g\u00f6r\u00fc\u015f ke\u00e7iril\u0259c\u0259k. ARANTV.AZ x\u0259b\u0259r verir ki, bu bar\u0259d\u0259 \u0130ran\u0131n Az\u0259rbaycandak\u0131 s\u0259firi Cavad Cahangirzad\u0259 brifinqd\u0259 bildirib. &#8220;G\u00f6r\u00fc\u015f\u00fcn g\u00fcnd\u0259liyin\u0259 ikit\u0259r\u0259fli \u0259laq\u0259l\u0259rin inki\u015faf\u0131 v\u0259 Az\u0259rbaycanla \u0130ran aras\u0131nda \u0259m\u0259kda\u015fl\u0131q m\u0259s\u0259l\u0259l\u0259ri daxil edil\u0259c\u0259k&#8221;, &#8211; s\u0259fir deyib. Onun s\u00f6zl\u0259rin\u0259 g\u00f6r\u0259, h\u0259m\u00e7inin Novruz bayram\u0131ndan sonra \u00fc\u00e7t\u0259r\u0259fli v\u0259 d\u00f6rdt\u0259r\u0259fli, o c\u00fcml\u0259d\u0259n \u0130ran, T\u00fcrkiy\u0259, Az\u0259rbaycan xarici i\u015fl\u0259r nazirl\u0259rinin, el\u0259c\u0259 d\u0259 \u0130ran, Az\u0259rbaycan, T\u00fcrkiy\u0259 v\u0259 G\u00fcrc\u00fcstan X\u0130N ba\u015f\u00e7\u0131lar\u0131n\u0131n g\u00f6r\u00fc\u015fl\u0259rinin ke\u00e7irilm\u0259si d\u0259 planla\u015fd\u0131r\u0131l\u0131r. Diplomat qeyd edib ki, bununla yana\u015f\u0131, bu il Moskvada Az\u0259rbaycan-\u0130ran-Rusiya sammitinin&hellip;<\/p>\n","protected":false},"author":2,"featured_media":37463,"comment_status":"closed","ping_status":"closed","sticky":false,"template":"","format":"standard","meta":{"om_disable_all_campaigns":false,"_monsterinsights_skip_tracking":false,"_monsterinsights_sitenote_active":false,"_monsterinsights_sitenote_note":"","_monsterinsights_sitenote_category":0},"categories":[4],"tags":[],"aioseo_notices":[],"gutentor_comment":0,"rttpg_featured_image_url":{"full":["https:\/\/arantv.az\/wp-content\/uploads\/2019\/02\/xin.jpg",620,375,false],"landscape":["https:\/\/arantv.az\/wp-content\/uploads\/2019\/02\/xin.jpg",620,375,false],"portraits":["https:\/\/arantv.az\/wp-content\/uploads\/2019\/02\/xin.jpg",620,375,false],"thumbnail":["https:\/\/arantv.az\/wp-content\/uploads\/2019\/02\/xin-150x150.jpg",150,150,true],"medium":["https:\/\/arantv.az\/wp-content\/uploads\/2019\/02\/xin-300x181.jpg",300,181,true],"large":["https:\/\/arantv.az\/wp-content\/uploads\/2019\/02\/xin.jpg",620,375,false],"1536x1536":["https:\/\/arantv.az\/wp-content\/uploads\/2019\/02\/xin.jpg",620,375,false],"2048x2048":["https:\/\/arantv.az\/wp-content\/uploads\/2019\/02\/xin.jpg",620,375,false],"post-thumbnail":["https:\/\/arantv.az\/wp-content\/uploads\/2019\/02\/xin-240x172.jpg",240,172,true],"advps-thumb-one":["https:\/\/arantv.az\/wp-content\/uploads\/2019\/02\/xin.jpg",620,375,false]},"rttpg_author":{"display_name":"V\u00fcsal Rafiqo\u011flu","author_link":"https:\/\/arantv.az\/?author=2"},"rttpg_comment":0,"rttpg_category":"<a href=\"https:\/\/arantv.az\/?cat=4\" rel=\"category\">Siyas\u0259t<\/a>","rttpg_excerpt":"Az\u0259rbaycan v\u0259 \u0130ran xarici i\u015fl\u0259r nazirl\u0259ri Elmar M\u0259mm\u0259dyarov il\u0259 M\u0259h\u0259mm\u0259d Cavad Z\u0259rif aras\u0131nda fevral\u0131n sonuna q\u0259d\u0259r Tehranda g\u00f6r\u00fc\u015f ke\u00e7iril\u0259c\u0259k. ARANTV.AZ x\u0259b\u0259r verir ki, bu bar\u0259d\u0259 \u0130ran\u0131n Az\u0259rbaycandak\u0131 s\u0259firi Cavad Cahangirzad\u0259 brifinqd\u0259 bildirib. &#8220;G\u00f6r\u00fc\u015f\u00fcn g\u00fcnd\u0259liyin\u0259 ikit\u0259r\u0259fli \u0259laq\u0259l\u0259rin inki\u015faf\u0131 v\u0259 Az\u0259rbaycanla \u0130ran aras\u0131nda \u0259m\u0259kda\u015fl\u0131q m\u0259s\u0259l\u0259l\u0259ri daxil edil\u0259c\u0259k&#8221;, &#8211; s\u0259fir deyib. Onun s\u00f6zl\u0259rin\u0259 g\u00f6r\u0259, h\u0259m\u00e7inin Novruz bayram\u0131ndan sonra&hellip;","_links":{"self":[{"href":"https:\/\/arantv.az\/index.php?rest_route=\/wp\/v2\/posts\/37462"}],"collection":[{"href":"https:\/\/arantv.az\/index.php?rest_route=\/wp\/v2\/posts"}],"about":[{"href":"https:\/\/arantv.az\/index.php?rest_route=\/wp\/v2\/types\/post"}],"author":[{"embeddable":true,"href":"https:\/\/arantv.az\/index.php?rest_route=\/wp\/v2\/users\/2"}],"replies":[{"embeddable":true,"href":"https:\/\/arantv.az\/index.php?rest_route=%2Fwp%2Fv2%2Fcomments&post=37462"}],"version-history":[{"count":0,"href":"https:\/\/arantv.az\/index.php?rest_route=\/wp\/v2\/posts\/37462\/revisions"}],"wp:featuredmedia":[{"embeddable":true,"href":"https:\/\/arantv.az\/index.php?rest_route=\/wp\/v2\/media\/37463"}],"wp:attachment":[{"href":"https:\/\/arantv.az\/index.php?rest_route=%2Fwp%2Fv2%2Fmedia&parent=37462"}],"wp:term":[{"taxonomy":"category","embeddable":true,"href":"https:\/\/arantv.az\/index.php?rest_route=%2Fwp%2Fv2%2Fcategories&post=37462"},{"taxonomy":"post_tag","embeddable":true,"href":"https:\/\/arantv.az\/index.php?rest_route=%2Fwp%2Fv2%2Ftags&post=37462"}],"curies":[{"name":"wp","href":"https:\/\/api.w.org\/{rel}","templated":true}]}}