{"id":37468,"date":"2019-02-08T14:06:40","date_gmt":"2019-02-08T11:06:40","guid":{"rendered":"http:\/\/arantv.az\/?p=37468"},"modified":"2019-02-08T14:06:40","modified_gmt":"2019-02-08T11:06:40","slug":"gurcustan-parlamentinin-qarsisinda-az%c9%99rbaycanlilarin-kutl%c9%99vi-etiraz-aksiyasi-baslayib","status":"publish","type":"post","link":"https:\/\/arantv.az\/?p=37468","title":{"rendered":"G\u00fcrc\u00fcstan parlamentinin qar\u015f\u0131s\u0131nda az\u0259rbaycanl\u0131lar\u0131n k\u00fctl\u0259vi etiraz aksiyas\u0131 ba\u015flay\u0131b"},"content":{"rendered":"<p><strong>Tbilisid\u0259 G\u00fcrc\u00fcstan parlamentinin binas\u0131 qar\u015f\u0131s\u0131nda Qaraba\u011f separat\u00e7\u0131s\u0131 Mixail Avaqyana b\u00fcst\u00fcn qoyulmas\u0131na etiraz olaraq az\u0259rbaycanl\u0131lar\u0131n k\u00fctl\u0259vi aksiyas\u0131 ke\u00e7irilir.<\/strong><\/p>\n<p><strong>ARANTV.AZ\u00a0<\/strong> report-a istinad\u0259n x\u0259b\u0259r verir ki, aksiya i\u015ftirak\u00e7\u0131lar\u0131 b\u00fcst\u00fcn ucald\u0131lmas\u0131n\u0131 qanunsuz adland\u0131raraq onun g\u00f6t\u00fcr\u00fclm\u0259sini t\u0259l\u0259b edirl\u0259r.<\/p>\n<p>Aksiyada az\u0259rbaycanl\u0131 g\u0259ncl\u0259r, t\u0259l\u0259b\u0259l\u0259r, i\u015f adamlar\u0131 il\u0259 yana\u015f\u0131, g\u00fcrc\u00fc g\u0259ncl\u0259r, politoloqlar, Abxaziya m\u00fcharib\u0259sinin veteranlar\u0131 da i\u015ftirak edirl\u0259r.<\/p>\n<p>Etiraz\u00e7\u0131lar \u0259ll\u0259rind\u0259 Az\u0259rbaycan v\u0259 G\u00fcrc\u00fcstan bayraqlar\u0131n\u0131 tutublar. Onlar bildirirl\u0259r ki, Mixail Avaqyana b\u00fcst\u00fcn qoyulmas\u0131 Az\u0259rbaycan-G\u00fcrc\u00fcstan m\u00fcnasib\u0259tl\u0259rin\u0259 x\u0259l\u0259l g\u0259tirm\u0259k m\u0259qs\u0259dil\u0259 erm\u0259nil\u0259rin h\u0259yata ke\u00e7irdiyi n\u00f6vb\u0259ti t\u0259xribatd\u0131r.<\/p>\n","protected":false},"excerpt":{"rendered":"<p>Tbilisid\u0259 G\u00fcrc\u00fcstan parlamentinin binas\u0131 qar\u015f\u0131s\u0131nda Qaraba\u011f separat\u00e7\u0131s\u0131 Mixail Avaqyana b\u00fcst\u00fcn qoyulmas\u0131na etiraz olaraq az\u0259rbaycanl\u0131lar\u0131n k\u00fctl\u0259vi aksiyas\u0131 ke\u00e7irilir. ARANTV.AZ\u00a0 report-a istinad\u0259n x\u0259b\u0259r verir ki, aksiya i\u015ftirak\u00e7\u0131lar\u0131 b\u00fcst\u00fcn ucald\u0131lmas\u0131n\u0131 qanunsuz adland\u0131raraq onun g\u00f6t\u00fcr\u00fclm\u0259sini t\u0259l\u0259b edirl\u0259r. Aksiyada az\u0259rbaycanl\u0131 g\u0259ncl\u0259r, t\u0259l\u0259b\u0259l\u0259r, i\u015f adamlar\u0131 il\u0259 yana\u015f\u0131, g\u00fcrc\u00fc g\u0259ncl\u0259r, politoloqlar, Abxaziya m\u00fcharib\u0259sinin veteranlar\u0131 da i\u015ftirak edirl\u0259r. Etiraz\u00e7\u0131lar \u0259ll\u0259rind\u0259 Az\u0259rbaycan v\u0259 G\u00fcrc\u00fcstan bayraqlar\u0131n\u0131 tutublar. Onlar bildirirl\u0259r ki, Mixail Avaqyana b\u00fcst\u00fcn qoyulmas\u0131 Az\u0259rbaycan-G\u00fcrc\u00fcstan m\u00fcnasib\u0259tl\u0259rin\u0259 x\u0259l\u0259l g\u0259tirm\u0259k m\u0259qs\u0259dil\u0259 erm\u0259nil\u0259rin h\u0259yata ke\u00e7irdiyi n\u00f6vb\u0259ti t\u0259xribatd\u0131r.<\/p>\n","protected":false},"author":2,"featured_media":37469,"comment_status":"closed","ping_status":"closed","sticky":false,"template":"","format":"standard","meta":{"om_disable_all_campaigns":false,"_monsterinsights_skip_tracking":false,"_monsterinsights_sitenote_active":false,"_monsterinsights_sitenote_note":"","_monsterinsights_sitenote_category":0},"categories":[1],"tags":[],"aioseo_notices":[],"gutentor_comment":0,"rttpg_featured_image_url":{"full":["https:\/\/arantv.az\/wp-content\/uploads\/2019\/02\/728779.jpg",800,600,false],"landscape":["https:\/\/arantv.az\/wp-content\/uploads\/2019\/02\/728779.jpg",800,600,false],"portraits":["https:\/\/arantv.az\/wp-content\/uploads\/2019\/02\/728779.jpg",800,600,false],"thumbnail":["https:\/\/arantv.az\/wp-content\/uploads\/2019\/02\/728779-150x150.jpg",150,150,true],"medium":["https:\/\/arantv.az\/wp-content\/uploads\/2019\/02\/728779-300x225.jpg",300,225,true],"large":["https:\/\/arantv.az\/wp-content\/uploads\/2019\/02\/728779.jpg",640,480,false],"1536x1536":["https:\/\/arantv.az\/wp-content\/uploads\/2019\/02\/728779.jpg",800,600,false],"2048x2048":["https:\/\/arantv.az\/wp-content\/uploads\/2019\/02\/728779.jpg",800,600,false],"post-thumbnail":["https:\/\/arantv.az\/wp-content\/uploads\/2019\/02\/728779-240x172.jpg",240,172,true],"advps-thumb-one":["https:\/\/arantv.az\/wp-content\/uploads\/2019\/02\/728779.jpg",800,600,false]},"rttpg_author":{"display_name":"V\u00fcsal Rafiqo\u011flu","author_link":"https:\/\/arantv.az\/?author=2"},"rttpg_comment":0,"rttpg_category":"<a href=\"https:\/\/arantv.az\/?cat=1\" rel=\"category\">C\u0259miyy\u0259t<\/a>","rttpg_excerpt":"Tbilisid\u0259 G\u00fcrc\u00fcstan parlamentinin binas\u0131 qar\u015f\u0131s\u0131nda Qaraba\u011f separat\u00e7\u0131s\u0131 Mixail Avaqyana b\u00fcst\u00fcn qoyulmas\u0131na etiraz olaraq az\u0259rbaycanl\u0131lar\u0131n k\u00fctl\u0259vi aksiyas\u0131 ke\u00e7irilir. ARANTV.AZ\u00a0 report-a istinad\u0259n x\u0259b\u0259r verir ki, aksiya i\u015ftirak\u00e7\u0131lar\u0131 b\u00fcst\u00fcn ucald\u0131lmas\u0131n\u0131 qanunsuz adland\u0131raraq onun g\u00f6t\u00fcr\u00fclm\u0259sini t\u0259l\u0259b edirl\u0259r. Aksiyada az\u0259rbaycanl\u0131 g\u0259ncl\u0259r, t\u0259l\u0259b\u0259l\u0259r, i\u015f adamlar\u0131 il\u0259 yana\u015f\u0131, g\u00fcrc\u00fc g\u0259ncl\u0259r, politoloqlar, Abxaziya m\u00fcharib\u0259sinin veteranlar\u0131 da i\u015ftirak edirl\u0259r. Etiraz\u00e7\u0131lar \u0259ll\u0259rind\u0259 Az\u0259rbaycan v\u0259 G\u00fcrc\u00fcstan&hellip;","_links":{"self":[{"href":"https:\/\/arantv.az\/index.php?rest_route=\/wp\/v2\/posts\/37468"}],"collection":[{"href":"https:\/\/arantv.az\/index.php?rest_route=\/wp\/v2\/posts"}],"about":[{"href":"https:\/\/arantv.az\/index.php?rest_route=\/wp\/v2\/types\/post"}],"author":[{"embeddable":true,"href":"https:\/\/arantv.az\/index.php?rest_route=\/wp\/v2\/users\/2"}],"replies":[{"embeddable":true,"href":"https:\/\/arantv.az\/index.php?rest_route=%2Fwp%2Fv2%2Fcomments&post=37468"}],"version-history":[{"count":0,"href":"https:\/\/arantv.az\/index.php?rest_route=\/wp\/v2\/posts\/37468\/revisions"}],"wp:featuredmedia":[{"embeddable":true,"href":"https:\/\/arantv.az\/index.php?rest_route=\/wp\/v2\/media\/37469"}],"wp:attachment":[{"href":"https:\/\/arantv.az\/index.php?rest_route=%2Fwp%2Fv2%2Fmedia&parent=37468"}],"wp:term":[{"taxonomy":"category","embeddable":true,"href":"https:\/\/arantv.az\/index.php?rest_route=%2Fwp%2Fv2%2Fcategories&post=37468"},{"taxonomy":"post_tag","embeddable":true,"href":"https:\/\/arantv.az\/index.php?rest_route=%2Fwp%2Fv2%2Ftags&post=37468"}],"curies":[{"name":"wp","href":"https:\/\/api.w.org\/{rel}","templated":true}]}}