{"id":37515,"date":"2019-02-09T12:02:00","date_gmt":"2019-02-09T09:02:00","guid":{"rendered":"http:\/\/arantv.az\/?p=37515"},"modified":"2019-02-09T12:02:00","modified_gmt":"2019-02-09T09:02:00","slug":"%c9%99rdogan-turkiy%c9%99-v%c9%99-az%c9%99rbaycan-arasindaki-protokolu-t%c9%99sdiq-etdi","status":"publish","type":"post","link":"https:\/\/arantv.az\/?p=37515","title":{"rendered":"\u018frdo\u011fan T\u00fcrkiy\u0259 v\u0259 Az\u0259rbaycan aras\u0131ndak\u0131 protokolu t\u0259sdiq etdi"},"content":{"rendered":"<p><strong>T\u00fcrkiy\u0259 Prezidenti R\u0259c\u0259b Tayyib \u018frdo\u011fan T\u00fcrkiy\u0259 Respublikas\u0131 H\u00f6kum\u0259ti il\u0259 Az\u0259rbaycan Respublikas\u0131 H\u00f6kum\u0259ti aras\u0131nda \u015f\u0259xsi hey\u0259tin m\u00fcbadil\u0259sin\u0259 dair protokolu t\u0259sdiq edib.<\/strong><\/p>\n<p><strong>ARANTV.AZ<\/strong>\u00a0<a href=\"https:\/\/az.trend.az\/\" target=\"_blank\" rel=\"noopener\">Trend<\/a>-\u0259 istinad\u0259n x\u0259b\u0259r verir ki, s\u0259n\u0259d iki \u00f6lk\u0259nin Silahl\u0131 Q\u00fcvv\u0259l\u0259ri aras\u0131nda h\u0259rbi t\u0259lim-t\u0259dris v\u0259 \u0259m\u0259kda\u015fl\u0131q f\u0259aliyy\u0259tl\u0259rini inki\u015faf etdirm\u0259k m\u0259qs\u0259di da\u015f\u0131y\u0131r.<\/p>\n<p>Protokol t\u0259r\u0259fl\u0259r aras\u0131nda icra edil\u0259c\u0259k f\u0259aliyy\u0259tl\u0259rd\u0259 i\u015ftirak ed\u0259c\u0259k T\u00fcrkiy\u0259 v\u0259 Az\u0259rbaycan Silahl\u0131 Q\u00fcvv\u0259l\u0259rin\u0259 m\u0259nsub olan \u015f\u0259xsi hey\u0259tl\u0259 bu f\u0259aliyy\u0259tl\u0259rin icra edil\u0259c\u0259yi h\u0259rbi hiss\u0259, t\u0259\u015fkilat v\u0259 m\u00fc\u0259ssis\u0259l\u0259ri \u0259hat\u0259 edir.<\/p>\n<p>H\u0259m\u00e7inin protokolun m\u0259qs\u0259di T\u00fcrkiy\u0259 Ba\u015f Q\u0259rargah\u0131 il\u0259 Az\u0259rbaycan\u0131n M\u00fcdafi\u0259 Nazirliyi v\u0259 D\u00f6vl\u0259t S\u0259rh\u0259d Xidm\u0259ti aras\u0131nda h\u0259yata ke\u00e7iril\u0259c\u0259k \u015f\u0259xsi hey\u0259t m\u00fcbadil\u0259l\u0259rinin icra \u0259saslar\u0131n\u0131, icra m\u00fcdd\u0259tind\u0259 v\u0259zif\u0259, s\u0259lahiyy\u0259t v\u0259 \u00f6hd\u0259likl\u0259ri m\u00fc\u0259yy\u0259nl\u0259\u015fdirm\u0259kdir.<\/p>\n","protected":false},"excerpt":{"rendered":"<p>T\u00fcrkiy\u0259 Prezidenti R\u0259c\u0259b Tayyib \u018frdo\u011fan T\u00fcrkiy\u0259 Respublikas\u0131 H\u00f6kum\u0259ti il\u0259 Az\u0259rbaycan Respublikas\u0131 H\u00f6kum\u0259ti aras\u0131nda \u015f\u0259xsi hey\u0259tin m\u00fcbadil\u0259sin\u0259 dair protokolu t\u0259sdiq edib. ARANTV.AZ\u00a0Trend-\u0259 istinad\u0259n x\u0259b\u0259r verir ki, s\u0259n\u0259d iki \u00f6lk\u0259nin Silahl\u0131 Q\u00fcvv\u0259l\u0259ri aras\u0131nda h\u0259rbi t\u0259lim-t\u0259dris v\u0259 \u0259m\u0259kda\u015fl\u0131q f\u0259aliyy\u0259tl\u0259rini inki\u015faf etdirm\u0259k m\u0259qs\u0259di da\u015f\u0131y\u0131r. Protokol t\u0259r\u0259fl\u0259r aras\u0131nda icra edil\u0259c\u0259k f\u0259aliyy\u0259tl\u0259rd\u0259 i\u015ftirak ed\u0259c\u0259k T\u00fcrkiy\u0259 v\u0259 Az\u0259rbaycan Silahl\u0131 Q\u00fcvv\u0259l\u0259rin\u0259 m\u0259nsub olan \u015f\u0259xsi hey\u0259tl\u0259 bu f\u0259aliyy\u0259tl\u0259rin icra edil\u0259c\u0259yi h\u0259rbi hiss\u0259, t\u0259\u015fkilat v\u0259 m\u00fc\u0259ssis\u0259l\u0259ri \u0259hat\u0259 edir. H\u0259m\u00e7inin protokolun m\u0259qs\u0259di T\u00fcrkiy\u0259 Ba\u015f Q\u0259rargah\u0131 il\u0259 Az\u0259rbaycan\u0131n M\u00fcdafi\u0259 Nazirliyi v\u0259 D\u00f6vl\u0259t S\u0259rh\u0259d Xidm\u0259ti aras\u0131nda h\u0259yata ke\u00e7iril\u0259c\u0259k \u015f\u0259xsi hey\u0259t m\u00fcbadil\u0259l\u0259rinin icra \u0259saslar\u0131n\u0131,&hellip;<\/p>\n","protected":false},"author":2,"featured_media":37516,"comment_status":"closed","ping_status":"closed","sticky":false,"template":"","format":"standard","meta":{"om_disable_all_campaigns":false,"_monsterinsights_skip_tracking":false,"_monsterinsights_sitenote_active":false,"_monsterinsights_sitenote_note":"","_monsterinsights_sitenote_category":0},"categories":[7],"tags":[],"aioseo_notices":[],"gutentor_comment":0,"rttpg_featured_image_url":{"full":["https:\/\/arantv.az\/wp-content\/uploads\/2019\/02\/729048.jpg",800,600,false],"landscape":["https:\/\/arantv.az\/wp-content\/uploads\/2019\/02\/729048.jpg",800,600,false],"portraits":["https:\/\/arantv.az\/wp-content\/uploads\/2019\/02\/729048.jpg",800,600,false],"thumbnail":["https:\/\/arantv.az\/wp-content\/uploads\/2019\/02\/729048-150x150.jpg",150,150,true],"medium":["https:\/\/arantv.az\/wp-content\/uploads\/2019\/02\/729048-300x225.jpg",300,225,true],"large":["https:\/\/arantv.az\/wp-content\/uploads\/2019\/02\/729048.jpg",640,480,false],"1536x1536":["https:\/\/arantv.az\/wp-content\/uploads\/2019\/02\/729048.jpg",800,600,false],"2048x2048":["https:\/\/arantv.az\/wp-content\/uploads\/2019\/02\/729048.jpg",800,600,false],"post-thumbnail":["https:\/\/arantv.az\/wp-content\/uploads\/2019\/02\/729048-240x172.jpg",240,172,true],"advps-thumb-one":["https:\/\/arantv.az\/wp-content\/uploads\/2019\/02\/729048.jpg",800,600,false]},"rttpg_author":{"display_name":"V\u00fcsal Rafiqo\u011flu","author_link":"https:\/\/arantv.az\/?author=2"},"rttpg_comment":0,"rttpg_category":"<a href=\"https:\/\/arantv.az\/?cat=7\" rel=\"category\">D\u00fcnya<\/a>","rttpg_excerpt":"T\u00fcrkiy\u0259 Prezidenti R\u0259c\u0259b Tayyib \u018frdo\u011fan T\u00fcrkiy\u0259 Respublikas\u0131 H\u00f6kum\u0259ti il\u0259 Az\u0259rbaycan Respublikas\u0131 H\u00f6kum\u0259ti aras\u0131nda \u015f\u0259xsi hey\u0259tin m\u00fcbadil\u0259sin\u0259 dair protokolu t\u0259sdiq edib. ARANTV.AZ\u00a0Trend-\u0259 istinad\u0259n x\u0259b\u0259r verir ki, s\u0259n\u0259d iki \u00f6lk\u0259nin Silahl\u0131 Q\u00fcvv\u0259l\u0259ri aras\u0131nda h\u0259rbi t\u0259lim-t\u0259dris v\u0259 \u0259m\u0259kda\u015fl\u0131q f\u0259aliyy\u0259tl\u0259rini inki\u015faf etdirm\u0259k m\u0259qs\u0259di da\u015f\u0131y\u0131r. Protokol t\u0259r\u0259fl\u0259r aras\u0131nda icra edil\u0259c\u0259k f\u0259aliyy\u0259tl\u0259rd\u0259 i\u015ftirak ed\u0259c\u0259k T\u00fcrkiy\u0259 v\u0259 Az\u0259rbaycan Silahl\u0131 Q\u00fcvv\u0259l\u0259rin\u0259 m\u0259nsub olan&hellip;","_links":{"self":[{"href":"https:\/\/arantv.az\/index.php?rest_route=\/wp\/v2\/posts\/37515"}],"collection":[{"href":"https:\/\/arantv.az\/index.php?rest_route=\/wp\/v2\/posts"}],"about":[{"href":"https:\/\/arantv.az\/index.php?rest_route=\/wp\/v2\/types\/post"}],"author":[{"embeddable":true,"href":"https:\/\/arantv.az\/index.php?rest_route=\/wp\/v2\/users\/2"}],"replies":[{"embeddable":true,"href":"https:\/\/arantv.az\/index.php?rest_route=%2Fwp%2Fv2%2Fcomments&post=37515"}],"version-history":[{"count":0,"href":"https:\/\/arantv.az\/index.php?rest_route=\/wp\/v2\/posts\/37515\/revisions"}],"wp:featuredmedia":[{"embeddable":true,"href":"https:\/\/arantv.az\/index.php?rest_route=\/wp\/v2\/media\/37516"}],"wp:attachment":[{"href":"https:\/\/arantv.az\/index.php?rest_route=%2Fwp%2Fv2%2Fmedia&parent=37515"}],"wp:term":[{"taxonomy":"category","embeddable":true,"href":"https:\/\/arantv.az\/index.php?rest_route=%2Fwp%2Fv2%2Fcategories&post=37515"},{"taxonomy":"post_tag","embeddable":true,"href":"https:\/\/arantv.az\/index.php?rest_route=%2Fwp%2Fv2%2Ftags&post=37515"}],"curies":[{"name":"wp","href":"https:\/\/api.w.org\/{rel}","templated":true}]}}