{"id":37521,"date":"2019-02-09T12:10:21","date_gmt":"2019-02-09T09:10:21","guid":{"rendered":"http:\/\/arantv.az\/?p=37521"},"modified":"2019-02-09T12:10:21","modified_gmt":"2019-02-09T09:10:21","slug":"ilham-%c9%99liyev-rusiyali-naziri-q%c9%99bul-edib-yenil%c9%99nib","status":"publish","type":"post","link":"https:\/\/arantv.az\/?p=37521","title":{"rendered":"\u0130lham \u018fliyev rusiyal\u0131 naziri q\u0259bul edib &#8211; YEN\u0130L\u018fN\u0130B"},"content":{"rendered":"<p>Prezident\u00a0<strong>\u0130lham \u018fliyev<\/strong>\u00a0fevral\u0131n 9-da Rusiyan\u0131n iqtisadi \u0130nki\u015faf naziri, Az\u0259rbaycan-Rusiya H\u00f6kum\u0259tl\u0259raras\u0131 Komissiyas\u0131n\u0131n h\u0259ms\u0259dri\u00a0<strong>Maksim Ore\u015fkin<\/strong>in ba\u015f\u00e7\u0131l\u0131q etdiyi n\u00fcmay\u0259nd\u0259 hey\u0259tini q\u0259bul edib.<\/p>\n<p><strong>ARANTV.AZ<\/strong> x\u0259b\u0259r verir ki ,bu bar\u0259d\u0259\u00a0<a href=\"https:\/\/azertag.az\/xeber\/Prezident_Ilham_Aliyev_Rusiyanin_iqtisadi_inkisaf_nazirinin_baschiliq_etdiyi_numayende_heyetini_qebul_edib_YENILANIB-1243867\" target=\"_blank\" rel=\"noopener\">AZ\u018fRTAC<\/a>\u00a0m\u0259lumat yay\u0131b.<\/p>\n<p>D\u00f6vl\u0259t ba\u015f\u00e7\u0131s\u0131 Maksim Ore\u015fkinl\u0259 bu yax\u0131nlarda Davosda ke\u00e7iril\u0259n g\u00f6r\u00fc\u015f\u00fc xat\u0131rlad\u0131b v\u0259 onun \u00f6lk\u0259miz\u0259 bu s\u0259f\u0259rinin \u0259laq\u0259l\u0259rimizin daha da geni\u015fl\u0259ndirilm\u0259si i\u015fin\u0259 t\u00f6hf\u0259 ver\u0259c\u0259yin\u0259 \u0259minliyini ifad\u0259 edib.<\/p>\n<div id=\"AdributorNativeVideo0\" class=\"AdributorNativeVideo\"><\/div>\n<p>Prezident \u0130lham \u018fliyev s\u0259f\u0259r zaman\u0131 \u00f6lk\u0259l\u0259rimiz aras\u0131nda ticar\u0259t d\u00f6vriyy\u0259si, n\u0259qliyyat, birg\u0259 m\u00fc\u0259ssis\u0259l\u0259rin yarad\u0131lmas\u0131 v\u0259 dig\u0259r sah\u0259l\u0259rd\u0259 iqtisadi \u0259m\u0259kda\u015fl\u0131\u011f\u0131n daha da geni\u015fl\u0259ndirilm\u0259si il\u0259 ba\u011fl\u0131 s\u0259m\u0259r\u0259li m\u00fczakir\u0259l\u0259rin apar\u0131laca\u011f\u0131na \u0259minliyini bildirib.<\/p>\n<p>Az\u0259rbaycan Respublikas\u0131 il\u0259 Rusiya Federasiyas\u0131 aras\u0131nda ikit\u0259r\u0259fli m\u00fcnasib\u0259tl\u0259rin b\u00fct\u00fcn sah\u0259l\u0259rd\u0259 u\u011furla inki\u015faf etdiyini vur\u011fulayan d\u00f6vl\u0259t ba\u015f\u00e7\u0131s\u0131 iki \u00f6lk\u0259nin prezidentl\u0259ri aras\u0131nda \u0259ld\u0259 edilmi\u015f raz\u0131la\u015fmalar\u0131n v\u0259 el\u0259c\u0259 d\u0259 \u00f6t\u0259n ilin sentyabr\u0131nda Rusiyaya r\u0259smi s\u0259f\u0259ri zaman\u0131 imzalanm\u0131\u015f s\u0259n\u0259dl\u0259rin icras\u0131 il\u0259 ba\u011fl\u0131 art\u0131q konkret i\u015fl\u0259rin h\u0259yata ke\u00e7irildiyini bildirib, bunun \u0259m\u0259kda\u015fl\u0131\u011f\u0131m\u0131z\u0131n y\u00fcks\u0259k s\u0259viyy\u0259sinin g\u00f6st\u0259ricisi oldu\u011funu deyib.<\/p>\n<p>Prezident \u0130lham \u018fliyev bu il Samur \u00e7ay\u0131 \u00fcz\u0259rind\u0259 k\u00f6rp\u00fcn\u00fcn istifad\u0259y\u0259 veril\u0259c\u0259yini qeyd ed\u0259r\u0259k bunun h\u0259r iki \u00f6lk\u0259 v\u0259t\u0259nda\u015flar\u0131n\u0131n gedi\u015f-g\u0259li\u015fi \u00fc\u00e7\u00fcn yax\u015f\u0131 imkanlar yaradaca\u011f\u0131na v\u0259 \u0259m\u0259kda\u015fl\u0131\u011f\u0131m\u0131z\u0131n daha da geni\u015fl\u0259ndirilm\u0259si i\u015fin\u0259 xidm\u0259t ed\u0259c\u0259yini bildirib. D\u00f6vl\u0259t ba\u015f\u00e7\u0131s\u0131 bu g\u00fcn Hac\u0131qabulda \u201cQAZ\u201d avtomobill\u0259rinin istehsal\u0131 zavodunun t\u0259m\u0259linin qoyulaca\u011f\u0131n\u0131n \u0259h\u0259miyy\u0259tini qeyd edib. Prezident \u0130lham \u018fliyev Maksim Ore\u015fkinin r\u0259hb\u0259rlik etdiyi n\u00fcmay\u0259nd\u0259 hey\u0259tinin \u00f6lk\u0259miz\u0259 s\u0259f\u0259ri zaman\u0131 iqtisadi sah\u0259d\u0259 \u0259m\u0259kda\u015fl\u0131qla ba\u011fl\u0131 yol x\u0259rit\u0259si \u00e7\u0259r\u00e7iv\u0259sind\u0259 \u0259laq\u0259l\u0259rin perspektivl\u0259ri il\u0259 ba\u011fl\u0131 s\u0259m\u0259r\u0259li m\u00fczakir\u0259l\u0259rin apar\u0131laca\u011f\u0131na \u0259min oldu\u011funu vur\u011fulay\u0131b.<\/p>\n<p>Az\u0259rbaycana s\u0259f\u0259rind\u0259n m\u0259mnunlu\u011funu bildir\u0259n Rusiya Federasiyas\u0131n\u0131n iqtisadi \u0130nki\u015faf naziri, Az\u0259rbaycan-Rusiya H\u00f6kum\u0259tl\u0259raras\u0131 Komissiyas\u0131n\u0131n h\u0259ms\u0259dri Maksim Ore\u015fkin \u00f6lk\u0259miz\u0259 h\u0259r g\u0259li\u015fi zaman\u0131 Az\u0259rbaycan\u0131n ayr\u0131-ayr\u0131 b\u00f6lg\u0259 v\u0259 \u015f\u0259h\u0259rl\u0259ri, \u00e7oxlu sayda g\u00f6z\u0259l r\u0259ngar\u0259ng yerl\u0259ri il\u0259 tan\u0131\u015f olduqlar\u0131n\u0131 bildirib.<\/p>\n<p>Maksim Ore\u015fkin Az\u0259rbaycan Prezidentinin \u00f6t\u0259n il Rusiyaya r\u0259smi s\u0259f\u0259ri zaman\u0131 t\u0259sdiq olunmu\u015f yol x\u0259rit\u0259si \u00fczr\u0259 Az\u0259rbaycanla f\u0259al \u0259m\u0259kda\u015fl\u0131\u011f\u0131n h\u0259yata ke\u00e7irildiyini qeyd ed\u0259r\u0259k ticar\u0259t d\u00f6vriyy\u0259si, investisiya v\u0259 birg\u0259 layih\u0259l\u0259rin realla\u015fd\u0131r\u0131lmas\u0131 il\u0259 ba\u011fl\u0131 m\u00fcsb\u0259t dinamikan\u0131n m\u00f6vcud oldu\u011funu vur\u011fulay\u0131b. Rusiyal\u0131 nazir Az\u0259rbaycan-Rusiya s\u0259rh\u0259din\u0259 s\u0259f\u0259r etdikl\u0259rini v\u0259 Samur \u00e7ay\u0131 \u00fcz\u0259rind\u0259 k\u00f6rp\u00fcn\u00fcn in\u015fas\u0131 il\u0259 ba\u011fl\u0131 i\u015fl\u0259rin gedi\u015fi il\u0259 tan\u0131\u015f olduqlar\u0131n\u0131 qeyd edib.<\/p>\n<p>O, Az\u0259rbaycanla Rusiya aras\u0131nda n\u0259qliyyat sah\u0259sind\u0259 \u0259m\u0259kda\u015fl\u0131\u011f\u0131n u\u011furla inki\u015faf etdiyini vur\u011fulay\u0131b. Qonaq bildirib ki, haz\u0131rda s\u0259rh\u0259d boyu 3 burax\u0131l\u0131\u015f m\u0259nt\u0259q\u0259sinin t\u0259kmill\u0259\u015fdirilm\u0259si il\u0259 ba\u011fl\u0131 ged\u0259n i\u015fl\u0259r Az\u0259rbaycanla Rusiyan\u0131n qar\u015f\u0131l\u0131ql\u0131 n\u0259qliyyat ba\u011flant\u0131s\u0131n\u0131n inki\u015faf\u0131na kompleks yana\u015fman\u0131n t\u0259tbiq olundu\u011funu g\u00f6st\u0259rir.<\/p>\n<p>S\u00f6hb\u0259t zaman\u0131 infrastruktur, investisiya, n\u0259qliyyat v\u0259 dig\u0259r sah\u0259l\u0259rd\u0259 \u0259m\u0259kda\u015fl\u0131\u011f\u0131n perspektivl\u0259ri \u0259traf\u0131nda fikir m\u00fcbadil\u0259si apar\u0131l\u0131b, birg\u0259 h\u00f6kum\u0259tl\u0259raras\u0131 komissiyan\u0131n s\u0259m\u0259r\u0259li f\u0259aliyy\u0259t g\u00f6st\u0259rdiyi qeyd olunub.<\/p>\n","protected":false},"excerpt":{"rendered":"<p>Prezident\u00a0\u0130lham \u018fliyev\u00a0fevral\u0131n 9-da Rusiyan\u0131n iqtisadi \u0130nki\u015faf naziri, Az\u0259rbaycan-Rusiya H\u00f6kum\u0259tl\u0259raras\u0131 Komissiyas\u0131n\u0131n h\u0259ms\u0259dri\u00a0Maksim Ore\u015fkinin ba\u015f\u00e7\u0131l\u0131q etdiyi n\u00fcmay\u0259nd\u0259 hey\u0259tini q\u0259bul edib. ARANTV.AZ x\u0259b\u0259r verir ki ,bu bar\u0259d\u0259\u00a0AZ\u018fRTAC\u00a0m\u0259lumat yay\u0131b. D\u00f6vl\u0259t ba\u015f\u00e7\u0131s\u0131 Maksim Ore\u015fkinl\u0259 bu yax\u0131nlarda Davosda ke\u00e7iril\u0259n g\u00f6r\u00fc\u015f\u00fc xat\u0131rlad\u0131b v\u0259 onun \u00f6lk\u0259miz\u0259 bu s\u0259f\u0259rinin \u0259laq\u0259l\u0259rimizin daha da geni\u015fl\u0259ndirilm\u0259si i\u015fin\u0259 t\u00f6hf\u0259 ver\u0259c\u0259yin\u0259 \u0259minliyini ifad\u0259 edib. Prezident \u0130lham \u018fliyev s\u0259f\u0259r zaman\u0131 \u00f6lk\u0259l\u0259rimiz aras\u0131nda ticar\u0259t d\u00f6vriyy\u0259si, n\u0259qliyyat, birg\u0259 m\u00fc\u0259ssis\u0259l\u0259rin yarad\u0131lmas\u0131 v\u0259 dig\u0259r sah\u0259l\u0259rd\u0259 iqtisadi \u0259m\u0259kda\u015fl\u0131\u011f\u0131n daha da geni\u015fl\u0259ndirilm\u0259si il\u0259 ba\u011fl\u0131 s\u0259m\u0259r\u0259li m\u00fczakir\u0259l\u0259rin apar\u0131laca\u011f\u0131na \u0259minliyini bildirib. Az\u0259rbaycan Respublikas\u0131 il\u0259 Rusiya Federasiyas\u0131 aras\u0131nda ikit\u0259r\u0259fli m\u00fcnasib\u0259tl\u0259rin b\u00fct\u00fcn sah\u0259l\u0259rd\u0259 u\u011furla inki\u015faf&hellip;<\/p>\n","protected":false},"author":2,"featured_media":37522,"comment_status":"closed","ping_status":"closed","sticky":false,"template":"","format":"standard","meta":{"om_disable_all_campaigns":false,"_monsterinsights_skip_tracking":false,"_monsterinsights_sitenote_active":false,"_monsterinsights_sitenote_note":"","_monsterinsights_sitenote_category":0},"categories":[19],"tags":[],"aioseo_notices":[],"gutentor_comment":0,"rttpg_featured_image_url":{"full":["https:\/\/arantv.az\/wp-content\/uploads\/2019\/02\/15496939653147610602_1000x669.jpg",620,383,false],"landscape":["https:\/\/arantv.az\/wp-content\/uploads\/2019\/02\/15496939653147610602_1000x669.jpg",620,383,false],"portraits":["https:\/\/arantv.az\/wp-content\/uploads\/2019\/02\/15496939653147610602_1000x669.jpg",620,383,false],"thumbnail":["https:\/\/arantv.az\/wp-content\/uploads\/2019\/02\/15496939653147610602_1000x669-150x150.jpg",150,150,true],"medium":["https:\/\/arantv.az\/wp-content\/uploads\/2019\/02\/15496939653147610602_1000x669-300x185.jpg",300,185,true],"large":["https:\/\/arantv.az\/wp-content\/uploads\/2019\/02\/15496939653147610602_1000x669.jpg",620,383,false],"1536x1536":["https:\/\/arantv.az\/wp-content\/uploads\/2019\/02\/15496939653147610602_1000x669.jpg",620,383,false],"2048x2048":["https:\/\/arantv.az\/wp-content\/uploads\/2019\/02\/15496939653147610602_1000x669.jpg",620,383,false],"post-thumbnail":["https:\/\/arantv.az\/wp-content\/uploads\/2019\/02\/15496939653147610602_1000x669-240x172.jpg",240,172,true],"advps-thumb-one":["https:\/\/arantv.az\/wp-content\/uploads\/2019\/02\/15496939653147610602_1000x669.jpg",620,383,false]},"rttpg_author":{"display_name":"V\u00fcsal Rafiqo\u011flu","author_link":"https:\/\/arantv.az\/?author=2"},"rttpg_comment":0,"rttpg_category":"<a href=\"https:\/\/arantv.az\/?cat=19\" rel=\"category\">G\u00fcnd\u0259m<\/a>","rttpg_excerpt":"Prezident\u00a0\u0130lham \u018fliyev\u00a0fevral\u0131n 9-da Rusiyan\u0131n iqtisadi \u0130nki\u015faf naziri, Az\u0259rbaycan-Rusiya H\u00f6kum\u0259tl\u0259raras\u0131 Komissiyas\u0131n\u0131n h\u0259ms\u0259dri\u00a0Maksim Ore\u015fkinin ba\u015f\u00e7\u0131l\u0131q etdiyi n\u00fcmay\u0259nd\u0259 hey\u0259tini q\u0259bul edib. ARANTV.AZ x\u0259b\u0259r verir ki ,bu bar\u0259d\u0259\u00a0AZ\u018fRTAC\u00a0m\u0259lumat yay\u0131b. D\u00f6vl\u0259t ba\u015f\u00e7\u0131s\u0131 Maksim Ore\u015fkinl\u0259 bu yax\u0131nlarda Davosda ke\u00e7iril\u0259n g\u00f6r\u00fc\u015f\u00fc xat\u0131rlad\u0131b v\u0259 onun \u00f6lk\u0259miz\u0259 bu s\u0259f\u0259rinin \u0259laq\u0259l\u0259rimizin daha da geni\u015fl\u0259ndirilm\u0259si i\u015fin\u0259 t\u00f6hf\u0259 ver\u0259c\u0259yin\u0259 \u0259minliyini ifad\u0259 edib. Prezident \u0130lham \u018fliyev s\u0259f\u0259r zaman\u0131&hellip;","_links":{"self":[{"href":"https:\/\/arantv.az\/index.php?rest_route=\/wp\/v2\/posts\/37521"}],"collection":[{"href":"https:\/\/arantv.az\/index.php?rest_route=\/wp\/v2\/posts"}],"about":[{"href":"https:\/\/arantv.az\/index.php?rest_route=\/wp\/v2\/types\/post"}],"author":[{"embeddable":true,"href":"https:\/\/arantv.az\/index.php?rest_route=\/wp\/v2\/users\/2"}],"replies":[{"embeddable":true,"href":"https:\/\/arantv.az\/index.php?rest_route=%2Fwp%2Fv2%2Fcomments&post=37521"}],"version-history":[{"count":0,"href":"https:\/\/arantv.az\/index.php?rest_route=\/wp\/v2\/posts\/37521\/revisions"}],"wp:featuredmedia":[{"embeddable":true,"href":"https:\/\/arantv.az\/index.php?rest_route=\/wp\/v2\/media\/37522"}],"wp:attachment":[{"href":"https:\/\/arantv.az\/index.php?rest_route=%2Fwp%2Fv2%2Fmedia&parent=37521"}],"wp:term":[{"taxonomy":"category","embeddable":true,"href":"https:\/\/arantv.az\/index.php?rest_route=%2Fwp%2Fv2%2Fcategories&post=37521"},{"taxonomy":"post_tag","embeddable":true,"href":"https:\/\/arantv.az\/index.php?rest_route=%2Fwp%2Fv2%2Ftags&post=37521"}],"curies":[{"name":"wp","href":"https:\/\/api.w.org\/{rel}","templated":true}]}}