{"id":37527,"date":"2019-02-09T12:23:06","date_gmt":"2019-02-09T09:23:06","guid":{"rendered":"http:\/\/arantv.az\/?p=37527"},"modified":"2019-02-09T12:23:06","modified_gmt":"2019-02-09T09:23:06","slug":"onlarin-maasi-30-faizd%c9%99n-70-faiz%c9%99-q%c9%99d%c9%99r-artacaq-nazir-video","status":"publish","type":"post","link":"https:\/\/arantv.az\/?p=37527","title":{"rendered":"\u201cOnlar\u0131n maa\u015f\u0131 30 faizd\u0259n 70 faiz\u0259 q\u0259d\u0259r artacaq\u201d &#8211; Nazir &#8211; V\u0130DEO"},"content":{"rendered":"<div>&#8220;\u00d6t\u0259n g\u00fcn d\u00f6vl\u0259t ba\u015f\u00e7\u0131s\u0131n\u0131n imzalad\u0131\u011f\u0131 s\u0259r\u0259ncamla Az\u0259rbaycanda minimum \u0259m\u0259khaqq\u0131 180 manat oldu&#8221;<\/div>\n<div><\/div>\n<div><strong>ARANTV.AZ<\/strong> x\u0259b\u0259r verir ki, bunu \u0259m\u0259k v\u0259 \u0259halinin sosial m\u00fcdafi\u0259si naziri Sahil Babayev deyib. Nazir diqq\u0259t\u0259 \u00e7atd\u0131r\u0131b ki, bu il \u00f6lk\u0259 \u00fczr\u0259 orta ya\u015fay\u0131\u015f minimumu 180 manatd\u0131r. Onun s\u00f6zl\u0259rin\u0259 g\u00f6r\u0259, Az\u0259rbaycanda minimum \u0259m\u0259khaqq\u0131 ya\u015fay\u0131\u015f minimumuna \u00e7at\u0131b. Bu da qar\u015f\u0131ya qoyulan h\u0259d\u0259fl\u0259rd\u0259n biri idi.<\/p>\n<p>&#8220;50 manat \u00fcmumilikd\u0259 38,5% art\u0131m dem\u0259kdir. Bu art\u0131m \u00e7ox b\u00f6y\u00fck \u0259m\u0259k qabiliyy\u0259tli \u0259hali k\u00fctl\u0259sini \u0259hat\u0259 ed\u0259c\u0259k. S\u0131rf d\u00f6vl\u0259t b\u00fcdc\u0259sind\u0259n maliyy\u0259l\u0259\u015f\u0259n sah\u0259l\u0259ri g\u00f6t\u00fcrs\u0259k, 450 min n\u0259f\u0259ri \u0259hat\u0259 ed\u0259c\u0259k. Onlar\u0131n \u0259m\u0259khaqq\u0131s\u0131 m\u00fcxt\u0259lif kateqoriyalar \u00fczr\u0259 30 faizd\u0259n 70 faiz\u0259 q\u0259d\u0259r artacaq. \u00dcmumi r\u0259q\u0259m g\u00f6t\u00fcrd\u00fckd\u0259 is\u0259 30 faiz art\u0131m olacaq. \u0130lkin qiym\u0259tl\u0259ndirm\u0259y\u0259 \u0259sas\u0259n, art\u0131m \u00f6z\u0259l sektorda \u00e7al\u0131\u015fan 150 min \u015f\u0259xsin \u0259m\u0259k haqq\u0131s\u0131na da t\u0259sir ed\u0259c\u0259k. Bu, \u00f6z\u0259l sektorda \u0259m\u0259khaqq\u0131lar\u0131n leqalla\u015fmas\u0131na ciddi t\u0259sir ed\u0259r\u0259k. H\u0259min \u015f\u0259xsl\u0259rin \u0259m\u0259khaqq\u0131s\u0131 180 manatdan a\u015fa\u011f\u0131 idi. \u00dcmumilikd\u0259 s\u0259r\u0259ncam 600 min insan\u0131 \u0259hat\u0259 ed\u0259c\u0259k\u201d.<\/p>\n<p><iframe loading=\"lazy\" src=\"https:\/\/www.facebook.com\/plugins\/video.php?href=https%3A%2F%2Fwww.facebook.com%2Frufat.hamzayev%2Fvideos%2F10213290957370979%2F&amp;show_text=0&amp;width=560\" width=\"560\" height=\"315\" frameborder=\"0\" scrolling=\"no\" allowfullscreen=\"allowfullscreen\" data-mce-fragment=\"1\"><\/iframe><\/p>\n<p>Nazir qeyd edib ki, \u0259m\u0259khaqq\u0131 30 faiz artd\u0131qda, insanlar\u0131n sosial v\u0259 i\u015fsizlikd\u0259n s\u0131\u011forta haqlar\u0131 da artacaq: \u201cBu da onlar\u0131n g\u0259l\u0259c\u0259kd\u0259 daha y\u00fcks\u0259k pensiya almas\u0131na, i\u015fsiz qald\u0131qda is\u0259 daha y\u00fcks\u0259k i\u015fsizlikd\u0259n s\u0131\u011forta \u00f6d\u0259ni\u015fi almas\u0131na s\u0259b\u0259b olacaq. Bununla h\u0259min \u015f\u0259xsl\u0259rin h\u0259m pensiya t\u0259minat\u0131, h\u0259m d\u0259 sosial m\u00fcdafi\u0259si g\u00fccl\u0259nir\u201d.<\/p><\/div>\n","protected":false},"excerpt":{"rendered":"<p>&#8220;\u00d6t\u0259n g\u00fcn d\u00f6vl\u0259t ba\u015f\u00e7\u0131s\u0131n\u0131n imzalad\u0131\u011f\u0131 s\u0259r\u0259ncamla Az\u0259rbaycanda minimum \u0259m\u0259khaqq\u0131 180 manat oldu&#8221; ARANTV.AZ x\u0259b\u0259r verir ki, bunu \u0259m\u0259k v\u0259 \u0259halinin sosial m\u00fcdafi\u0259si naziri Sahil Babayev deyib. Nazir diqq\u0259t\u0259 \u00e7atd\u0131r\u0131b ki, bu il \u00f6lk\u0259 \u00fczr\u0259 orta ya\u015fay\u0131\u015f minimumu 180 manatd\u0131r. Onun s\u00f6zl\u0259rin\u0259 g\u00f6r\u0259, Az\u0259rbaycanda minimum \u0259m\u0259khaqq\u0131 ya\u015fay\u0131\u015f minimumuna \u00e7at\u0131b. Bu da qar\u015f\u0131ya qoyulan h\u0259d\u0259fl\u0259rd\u0259n biri idi. &#8220;50 manat \u00fcmumilikd\u0259 38,5% art\u0131m dem\u0259kdir. Bu art\u0131m \u00e7ox b\u00f6y\u00fck \u0259m\u0259k qabiliyy\u0259tli \u0259hali k\u00fctl\u0259sini \u0259hat\u0259 ed\u0259c\u0259k. S\u0131rf d\u00f6vl\u0259t b\u00fcdc\u0259sind\u0259n maliyy\u0259l\u0259\u015f\u0259n sah\u0259l\u0259ri g\u00f6t\u00fcrs\u0259k, 450 min n\u0259f\u0259ri \u0259hat\u0259 ed\u0259c\u0259k. Onlar\u0131n \u0259m\u0259khaqq\u0131s\u0131 m\u00fcxt\u0259lif kateqoriyalar \u00fczr\u0259 30 faizd\u0259n 70&hellip;<\/p>\n","protected":false},"author":2,"featured_media":37528,"comment_status":"closed","ping_status":"closed","sticky":false,"template":"","format":"standard","meta":{"om_disable_all_campaigns":false,"_monsterinsights_skip_tracking":false,"_monsterinsights_sitenote_active":false,"_monsterinsights_sitenote_note":"","_monsterinsights_sitenote_category":0},"categories":[19],"tags":[],"aioseo_notices":[],"gutentor_comment":0,"rttpg_featured_image_url":{"full":["https:\/\/arantv.az\/wp-content\/uploads\/2019\/02\/photo_354150.jpg",700,413,false],"landscape":["https:\/\/arantv.az\/wp-content\/uploads\/2019\/02\/photo_354150.jpg",700,413,false],"portraits":["https:\/\/arantv.az\/wp-content\/uploads\/2019\/02\/photo_354150.jpg",700,413,false],"thumbnail":["https:\/\/arantv.az\/wp-content\/uploads\/2019\/02\/photo_354150-150x150.jpg",150,150,true],"medium":["https:\/\/arantv.az\/wp-content\/uploads\/2019\/02\/photo_354150-300x177.jpg",300,177,true],"large":["https:\/\/arantv.az\/wp-content\/uploads\/2019\/02\/photo_354150.jpg",640,378,false],"1536x1536":["https:\/\/arantv.az\/wp-content\/uploads\/2019\/02\/photo_354150.jpg",700,413,false],"2048x2048":["https:\/\/arantv.az\/wp-content\/uploads\/2019\/02\/photo_354150.jpg",700,413,false],"post-thumbnail":["https:\/\/arantv.az\/wp-content\/uploads\/2019\/02\/photo_354150-240x172.jpg",240,172,true],"advps-thumb-one":["https:\/\/arantv.az\/wp-content\/uploads\/2019\/02\/photo_354150.jpg",700,413,false]},"rttpg_author":{"display_name":"V\u00fcsal Rafiqo\u011flu","author_link":"https:\/\/arantv.az\/?author=2"},"rttpg_comment":0,"rttpg_category":"<a href=\"https:\/\/arantv.az\/?cat=19\" rel=\"category\">G\u00fcnd\u0259m<\/a>","rttpg_excerpt":"&#8220;\u00d6t\u0259n g\u00fcn d\u00f6vl\u0259t ba\u015f\u00e7\u0131s\u0131n\u0131n imzalad\u0131\u011f\u0131 s\u0259r\u0259ncamla Az\u0259rbaycanda minimum \u0259m\u0259khaqq\u0131 180 manat oldu&#8221; ARANTV.AZ x\u0259b\u0259r verir ki, bunu \u0259m\u0259k v\u0259 \u0259halinin sosial m\u00fcdafi\u0259si naziri Sahil Babayev deyib. Nazir diqq\u0259t\u0259 \u00e7atd\u0131r\u0131b ki, bu il \u00f6lk\u0259 \u00fczr\u0259 orta ya\u015fay\u0131\u015f minimumu 180 manatd\u0131r. Onun s\u00f6zl\u0259rin\u0259 g\u00f6r\u0259, Az\u0259rbaycanda minimum \u0259m\u0259khaqq\u0131 ya\u015fay\u0131\u015f minimumuna \u00e7at\u0131b. Bu da qar\u015f\u0131ya qoyulan h\u0259d\u0259fl\u0259rd\u0259n biri idi.&hellip;","_links":{"self":[{"href":"https:\/\/arantv.az\/index.php?rest_route=\/wp\/v2\/posts\/37527"}],"collection":[{"href":"https:\/\/arantv.az\/index.php?rest_route=\/wp\/v2\/posts"}],"about":[{"href":"https:\/\/arantv.az\/index.php?rest_route=\/wp\/v2\/types\/post"}],"author":[{"embeddable":true,"href":"https:\/\/arantv.az\/index.php?rest_route=\/wp\/v2\/users\/2"}],"replies":[{"embeddable":true,"href":"https:\/\/arantv.az\/index.php?rest_route=%2Fwp%2Fv2%2Fcomments&post=37527"}],"version-history":[{"count":0,"href":"https:\/\/arantv.az\/index.php?rest_route=\/wp\/v2\/posts\/37527\/revisions"}],"wp:featuredmedia":[{"embeddable":true,"href":"https:\/\/arantv.az\/index.php?rest_route=\/wp\/v2\/media\/37528"}],"wp:attachment":[{"href":"https:\/\/arantv.az\/index.php?rest_route=%2Fwp%2Fv2%2Fmedia&parent=37527"}],"wp:term":[{"taxonomy":"category","embeddable":true,"href":"https:\/\/arantv.az\/index.php?rest_route=%2Fwp%2Fv2%2Fcategories&post=37527"},{"taxonomy":"post_tag","embeddable":true,"href":"https:\/\/arantv.az\/index.php?rest_route=%2Fwp%2Fv2%2Ftags&post=37527"}],"curies":[{"name":"wp","href":"https:\/\/api.w.org\/{rel}","templated":true}]}}