{"id":37536,"date":"2019-02-09T12:37:12","date_gmt":"2019-02-09T09:37:12","guid":{"rendered":"http:\/\/arantv.az\/?p=37536"},"modified":"2019-02-09T12:37:12","modified_gmt":"2019-02-09T09:37:12","slug":"s%c9%99udiyy%c9%99-qara-siyahiya-salindi","status":"publish","type":"post","link":"https:\/\/arantv.az\/?p=37536","title":{"rendered":"S\u0259udiyy\u0259 \u201cqara siyah\u0131\u201dya sal\u0131nd\u0131"},"content":{"rendered":"<div>Avropa \u0130ttifaq\u0131 (A\u0130) S\u0259udiyy\u0259 \u018fr\u0259bistan\u0131n\u0131 terrorizmin sponsoru v\u0259 \u00e7irkli pullar\u0131n yuyulmas\u0131 il\u0259 m\u00fcbariz\u0259d\u0259 u\u011fursuz olan \u00f6lk\u0259l\u0259r siyah\u0131s\u0131na salacaq.<\/p>\n<p><strong>ARANTV.AZ<\/strong> x\u0259b\u0259r verir ki, bu bar\u0259d\u0259 \u201cFinancial Times\u201d q\u0259zeti yaz\u0131b.<\/div>\n<div><\/div>\n<div>Qeyd olunur ki,\u00a0Avropa\u00a0Komissiyas\u0131 \u00e7irkli pullar\u0131n yuyulmas\u0131 il\u0259 m\u00fcbariz\u0259d\u0259 olduqca pis n\u0259tic\u0259 g\u00f6st\u0259r\u0259n 20-d\u0259n \u00e7ox \u00f6lk\u0259nin yer ald\u0131\u011f\u0131 yenil\u0259nmi\u015f siyah\u0131n\u0131 art\u0131q tamamlamaq \u00fczr\u0259dir.<\/p>\n<p>\u018fr-Riyad\u0131n qanunsuz pul d\u00f6vriyy\u0259si il\u0259 m\u00fcbariz\u0259sind\u0259 \u201cstrateji \u00e7at\u0131\u015fmazl\u0131qlar\u201d oldu\u011funu bildir\u0259n A\u0130-n\u0131n h\u0259min siyah\u0131ya\u00a0S\u0259udiyy\u0259 \u018fr\u0259bistan\u0131n\u0131n da ad\u0131n\u0131 salaca\u011f\u0131 deyilir. Eyni zamanda, S\u0259udiyy\u0259 terrorizmi maliyy\u0259l\u0259\u015fdir\u0259n \u00f6lk\u0259l\u0259r s\u0131ras\u0131na daxil edil\u0259c\u0259k.<\/p>\n<p>Bununla da, A\u0130 qanunlar\u0131na uy\u011fun olaraq,\u00a0Avropa\u00a0banklar\u0131 S\u0259udiyy\u0259d\u0259n g\u0259l\u0259n maliyy\u0259 v\u0259saitl\u0259rinin daha geni\u015f v\u0259 ciddi n\u0259zar\u0259t-yoxlan\u0131\u015f\u0131n\u0131 aparma\u011fa m\u0259cbur olacaqlar.<\/p>\n<p>H\u0259m\u00e7inin, qeyd olunub ki,\u00a0Avropa\u00a0Komissiyas\u0131n\u0131n bu q\u0259rar\u0131na Almaniya, Fransa v\u0259 B\u00f6y\u00fck\u00a0Britaniya\u00a0qar\u015f\u0131 \u00e7\u0131x\u0131blar.<\/p><\/div>\n","protected":false},"excerpt":{"rendered":"<p>Avropa \u0130ttifaq\u0131 (A\u0130) S\u0259udiyy\u0259 \u018fr\u0259bistan\u0131n\u0131 terrorizmin sponsoru v\u0259 \u00e7irkli pullar\u0131n yuyulmas\u0131 il\u0259 m\u00fcbariz\u0259d\u0259 u\u011fursuz olan \u00f6lk\u0259l\u0259r siyah\u0131s\u0131na salacaq. ARANTV.AZ x\u0259b\u0259r verir ki, bu bar\u0259d\u0259 \u201cFinancial Times\u201d q\u0259zeti yaz\u0131b. Qeyd olunur ki,\u00a0Avropa\u00a0Komissiyas\u0131 \u00e7irkli pullar\u0131n yuyulmas\u0131 il\u0259 m\u00fcbariz\u0259d\u0259 olduqca pis n\u0259tic\u0259 g\u00f6st\u0259r\u0259n 20-d\u0259n \u00e7ox \u00f6lk\u0259nin yer ald\u0131\u011f\u0131 yenil\u0259nmi\u015f siyah\u0131n\u0131 art\u0131q tamamlamaq \u00fczr\u0259dir. \u018fr-Riyad\u0131n qanunsuz pul d\u00f6vriyy\u0259si il\u0259 m\u00fcbariz\u0259sind\u0259 \u201cstrateji \u00e7at\u0131\u015fmazl\u0131qlar\u201d oldu\u011funu bildir\u0259n A\u0130-n\u0131n h\u0259min siyah\u0131ya\u00a0S\u0259udiyy\u0259 \u018fr\u0259bistan\u0131n\u0131n da ad\u0131n\u0131 salaca\u011f\u0131 deyilir. Eyni zamanda, S\u0259udiyy\u0259 terrorizmi maliyy\u0259l\u0259\u015fdir\u0259n \u00f6lk\u0259l\u0259r s\u0131ras\u0131na daxil edil\u0259c\u0259k. Bununla da, A\u0130 qanunlar\u0131na uy\u011fun olaraq,\u00a0Avropa\u00a0banklar\u0131 S\u0259udiyy\u0259d\u0259n g\u0259l\u0259n maliyy\u0259 v\u0259saitl\u0259rinin daha geni\u015f v\u0259&hellip;<\/p>\n","protected":false},"author":2,"featured_media":37537,"comment_status":"closed","ping_status":"closed","sticky":false,"template":"","format":"standard","meta":{"om_disable_all_campaigns":false,"_monsterinsights_skip_tracking":false,"_monsterinsights_sitenote_active":false,"_monsterinsights_sitenote_note":"","_monsterinsights_sitenote_category":0},"categories":[7],"tags":[],"aioseo_notices":[],"gutentor_comment":0,"rttpg_featured_image_url":{"full":["https:\/\/arantv.az\/wp-content\/uploads\/2019\/02\/photo_354141.jpg",700,395,false],"landscape":["https:\/\/arantv.az\/wp-content\/uploads\/2019\/02\/photo_354141.jpg",700,395,false],"portraits":["https:\/\/arantv.az\/wp-content\/uploads\/2019\/02\/photo_354141.jpg",700,395,false],"thumbnail":["https:\/\/arantv.az\/wp-content\/uploads\/2019\/02\/photo_354141-150x150.jpg",150,150,true],"medium":["https:\/\/arantv.az\/wp-content\/uploads\/2019\/02\/photo_354141-300x169.jpg",300,169,true],"large":["https:\/\/arantv.az\/wp-content\/uploads\/2019\/02\/photo_354141.jpg",640,361,false],"1536x1536":["https:\/\/arantv.az\/wp-content\/uploads\/2019\/02\/photo_354141.jpg",700,395,false],"2048x2048":["https:\/\/arantv.az\/wp-content\/uploads\/2019\/02\/photo_354141.jpg",700,395,false],"post-thumbnail":["https:\/\/arantv.az\/wp-content\/uploads\/2019\/02\/photo_354141-240x172.jpg",240,172,true],"advps-thumb-one":["https:\/\/arantv.az\/wp-content\/uploads\/2019\/02\/photo_354141.jpg",700,395,false]},"rttpg_author":{"display_name":"V\u00fcsal Rafiqo\u011flu","author_link":"https:\/\/arantv.az\/?author=2"},"rttpg_comment":0,"rttpg_category":"<a href=\"https:\/\/arantv.az\/?cat=7\" rel=\"category\">D\u00fcnya<\/a>","rttpg_excerpt":"Avropa \u0130ttifaq\u0131 (A\u0130) S\u0259udiyy\u0259 \u018fr\u0259bistan\u0131n\u0131 terrorizmin sponsoru v\u0259 \u00e7irkli pullar\u0131n yuyulmas\u0131 il\u0259 m\u00fcbariz\u0259d\u0259 u\u011fursuz olan \u00f6lk\u0259l\u0259r siyah\u0131s\u0131na salacaq. ARANTV.AZ x\u0259b\u0259r verir ki, bu bar\u0259d\u0259 \u201cFinancial Times\u201d q\u0259zeti yaz\u0131b. Qeyd olunur ki,\u00a0Avropa\u00a0Komissiyas\u0131 \u00e7irkli pullar\u0131n yuyulmas\u0131 il\u0259 m\u00fcbariz\u0259d\u0259 olduqca pis n\u0259tic\u0259 g\u00f6st\u0259r\u0259n 20-d\u0259n \u00e7ox \u00f6lk\u0259nin yer ald\u0131\u011f\u0131 yenil\u0259nmi\u015f siyah\u0131n\u0131 art\u0131q tamamlamaq \u00fczr\u0259dir. \u018fr-Riyad\u0131n qanunsuz pul d\u00f6vriyy\u0259si il\u0259&hellip;","_links":{"self":[{"href":"https:\/\/arantv.az\/index.php?rest_route=\/wp\/v2\/posts\/37536"}],"collection":[{"href":"https:\/\/arantv.az\/index.php?rest_route=\/wp\/v2\/posts"}],"about":[{"href":"https:\/\/arantv.az\/index.php?rest_route=\/wp\/v2\/types\/post"}],"author":[{"embeddable":true,"href":"https:\/\/arantv.az\/index.php?rest_route=\/wp\/v2\/users\/2"}],"replies":[{"embeddable":true,"href":"https:\/\/arantv.az\/index.php?rest_route=%2Fwp%2Fv2%2Fcomments&post=37536"}],"version-history":[{"count":0,"href":"https:\/\/arantv.az\/index.php?rest_route=\/wp\/v2\/posts\/37536\/revisions"}],"wp:featuredmedia":[{"embeddable":true,"href":"https:\/\/arantv.az\/index.php?rest_route=\/wp\/v2\/media\/37537"}],"wp:attachment":[{"href":"https:\/\/arantv.az\/index.php?rest_route=%2Fwp%2Fv2%2Fmedia&parent=37536"}],"wp:term":[{"taxonomy":"category","embeddable":true,"href":"https:\/\/arantv.az\/index.php?rest_route=%2Fwp%2Fv2%2Fcategories&post=37536"},{"taxonomy":"post_tag","embeddable":true,"href":"https:\/\/arantv.az\/index.php?rest_route=%2Fwp%2Fv2%2Ftags&post=37536"}],"curies":[{"name":"wp","href":"https:\/\/api.w.org\/{rel}","templated":true}]}}