{"id":37539,"date":"2019-02-09T12:38:45","date_gmt":"2019-02-09T09:38:45","guid":{"rendered":"http:\/\/arantv.az\/?p=37539"},"modified":"2019-02-09T12:38:45","modified_gmt":"2019-02-09T09:38:45","slug":"erm%c9%99nil%c9%99r-sag-qalmaq-ucun-bunu-edirl%c9%99r-yeqanyan-d%c9%99hs%c9%99tli-durumu-acdi","status":"publish","type":"post","link":"https:\/\/arantv.az\/?p=37539","title":{"rendered":"Erm\u0259nil\u0259r sa\u011f qalmaq \u00fc\u00e7\u00fcn bunu edirl\u0259r &#8211; Yeqanyan d\u0259h\u015f\u0259tli durumu a\u00e7d\u0131"},"content":{"rendered":"<p>Erm\u0259nistan\u0131n \u0259halisi 2018-cu ild\u0259 t\u0259xmin\u0259n 7 min n\u0259f\u0259r azal\u0131b.<\/p>\n<p><strong>ARANTV.AZ<\/strong>\u00a0 Erm\u0259nistan K\u0130V-in\u0259 istinad\u0259n x\u0259b\u0259r verir ki, bu haqda \u201cPortativlik v\u0259 miqrasiya ax\u0131nlar\u0131: \u00e7a\u011f\u0131r\u0131\u015flar v\u0259 Erm\u0259nistan\u0131n imkanlar\u0131\u201d m\u00f6vzusunda ke\u00e7iril\u0259n konfransda demoqraf Ruben Yeqanyan bildirib.<\/p>\n<p>Onun s\u00f6zl\u0259rin\u0259 g\u00f6r\u0259, \u00f6lk\u0259ni t\u0259rk ed\u0259n erm\u0259nil\u0259rin v\u0259t\u0259n\u0259 qay\u0131d\u0131\u015f\u0131n\u0131n xeyrin\u0259 t\u0259k amil \u00f6t\u0259n il ba\u015f ver\u0259n hakimiyy\u0259t d\u0259yi\u015fikliyi ola bil\u0259r. Demoqraf bunun \u00fc\u00e7\u00fcn ba\u015fqa he\u00e7 bir amilin olmad\u0131\u011f\u0131n\u0131 deyib.<\/p>\n<p>Yeqanyan vur\u011fulad\u0131 ki, Erm\u0259nistandan \u0259m\u0259k emiqrasiyas\u0131 haz\u0131rda sa\u011f qalmaq xarakteri da\u015f\u0131y\u0131r.<\/p>\n<p>\u201cSSR\u0130 d\u00f6vr\u00fcnd\u0259 r\u0259q\u0259ml\u0259r indikind\u0259n daha a\u015fa\u011f\u0131 idi, h\u0259d\u0259fl\u0259r d\u0259 m\u00fcxt\u0259lif idi. \u018fg\u0259r SSR\u0130 zaman\u0131 insanlar daha yax\u015f\u0131 qazanc v\u0259 h\u0259yat s\u0259viyy\u0259sini y\u00fcks\u0259ltm\u0259k \u00fc\u00e7\u00fcn \u00f6lk\u0259d\u0259n \u00e7\u0131x\u0131rd\u0131sa, bu g\u00fcn onlar sa\u011f qalmaq \u00fc\u00e7\u00fcn xaric\u0259 gedirl\u0259r\u201d, &#8211; o qeyd edib.<\/p>\n<p><span class=\"author\">publika.az<\/span><\/p>\n","protected":false},"excerpt":{"rendered":"<p>Erm\u0259nistan\u0131n \u0259halisi 2018-cu ild\u0259 t\u0259xmin\u0259n 7 min n\u0259f\u0259r azal\u0131b. ARANTV.AZ\u00a0 Erm\u0259nistan K\u0130V-in\u0259 istinad\u0259n x\u0259b\u0259r verir ki, bu haqda \u201cPortativlik v\u0259 miqrasiya ax\u0131nlar\u0131: \u00e7a\u011f\u0131r\u0131\u015flar v\u0259 Erm\u0259nistan\u0131n imkanlar\u0131\u201d m\u00f6vzusunda ke\u00e7iril\u0259n konfransda demoqraf Ruben Yeqanyan bildirib. Onun s\u00f6zl\u0259rin\u0259 g\u00f6r\u0259, \u00f6lk\u0259ni t\u0259rk ed\u0259n erm\u0259nil\u0259rin v\u0259t\u0259n\u0259 qay\u0131d\u0131\u015f\u0131n\u0131n xeyrin\u0259 t\u0259k amil \u00f6t\u0259n il ba\u015f ver\u0259n hakimiyy\u0259t d\u0259yi\u015fikliyi ola bil\u0259r. Demoqraf bunun \u00fc\u00e7\u00fcn ba\u015fqa he\u00e7 bir amilin olmad\u0131\u011f\u0131n\u0131 deyib. Yeqanyan vur\u011fulad\u0131 ki, Erm\u0259nistandan \u0259m\u0259k emiqrasiyas\u0131 haz\u0131rda sa\u011f qalmaq xarakteri da\u015f\u0131y\u0131r. \u201cSSR\u0130 d\u00f6vr\u00fcnd\u0259 r\u0259q\u0259ml\u0259r indikind\u0259n daha a\u015fa\u011f\u0131 idi, h\u0259d\u0259fl\u0259r d\u0259 m\u00fcxt\u0259lif idi. \u018fg\u0259r SSR\u0130 zaman\u0131 insanlar daha yax\u015f\u0131&hellip;<\/p>\n","protected":false},"author":2,"featured_media":37540,"comment_status":"closed","ping_status":"closed","sticky":false,"template":"","format":"standard","meta":{"om_disable_all_campaigns":false,"_monsterinsights_skip_tracking":false,"_monsterinsights_sitenote_active":false,"_monsterinsights_sitenote_note":"","_monsterinsights_sitenote_category":0},"categories":[7],"tags":[],"aioseo_notices":[],"gutentor_comment":0,"rttpg_featured_image_url":{"full":["https:\/\/arantv.az\/wp-content\/uploads\/2019\/02\/photo_354146.jpg",750,421,false],"landscape":["https:\/\/arantv.az\/wp-content\/uploads\/2019\/02\/photo_354146.jpg",750,421,false],"portraits":["https:\/\/arantv.az\/wp-content\/uploads\/2019\/02\/photo_354146.jpg",750,421,false],"thumbnail":["https:\/\/arantv.az\/wp-content\/uploads\/2019\/02\/photo_354146-150x150.jpg",150,150,true],"medium":["https:\/\/arantv.az\/wp-content\/uploads\/2019\/02\/photo_354146-300x168.jpg",300,168,true],"large":["https:\/\/arantv.az\/wp-content\/uploads\/2019\/02\/photo_354146.jpg",640,359,false],"1536x1536":["https:\/\/arantv.az\/wp-content\/uploads\/2019\/02\/photo_354146.jpg",750,421,false],"2048x2048":["https:\/\/arantv.az\/wp-content\/uploads\/2019\/02\/photo_354146.jpg",750,421,false],"post-thumbnail":["https:\/\/arantv.az\/wp-content\/uploads\/2019\/02\/photo_354146-240x172.jpg",240,172,true],"advps-thumb-one":["https:\/\/arantv.az\/wp-content\/uploads\/2019\/02\/photo_354146.jpg",750,421,false]},"rttpg_author":{"display_name":"V\u00fcsal Rafiqo\u011flu","author_link":"https:\/\/arantv.az\/?author=2"},"rttpg_comment":0,"rttpg_category":"<a href=\"https:\/\/arantv.az\/?cat=7\" rel=\"category\">D\u00fcnya<\/a>","rttpg_excerpt":"Erm\u0259nistan\u0131n \u0259halisi 2018-cu ild\u0259 t\u0259xmin\u0259n 7 min n\u0259f\u0259r azal\u0131b. ARANTV.AZ\u00a0 Erm\u0259nistan K\u0130V-in\u0259 istinad\u0259n x\u0259b\u0259r verir ki, bu haqda \u201cPortativlik v\u0259 miqrasiya ax\u0131nlar\u0131: \u00e7a\u011f\u0131r\u0131\u015flar v\u0259 Erm\u0259nistan\u0131n imkanlar\u0131\u201d m\u00f6vzusunda ke\u00e7iril\u0259n konfransda demoqraf Ruben Yeqanyan bildirib. Onun s\u00f6zl\u0259rin\u0259 g\u00f6r\u0259, \u00f6lk\u0259ni t\u0259rk ed\u0259n erm\u0259nil\u0259rin v\u0259t\u0259n\u0259 qay\u0131d\u0131\u015f\u0131n\u0131n xeyrin\u0259 t\u0259k amil \u00f6t\u0259n il ba\u015f ver\u0259n hakimiyy\u0259t d\u0259yi\u015fikliyi ola bil\u0259r. Demoqraf bunun&hellip;","_links":{"self":[{"href":"https:\/\/arantv.az\/index.php?rest_route=\/wp\/v2\/posts\/37539"}],"collection":[{"href":"https:\/\/arantv.az\/index.php?rest_route=\/wp\/v2\/posts"}],"about":[{"href":"https:\/\/arantv.az\/index.php?rest_route=\/wp\/v2\/types\/post"}],"author":[{"embeddable":true,"href":"https:\/\/arantv.az\/index.php?rest_route=\/wp\/v2\/users\/2"}],"replies":[{"embeddable":true,"href":"https:\/\/arantv.az\/index.php?rest_route=%2Fwp%2Fv2%2Fcomments&post=37539"}],"version-history":[{"count":0,"href":"https:\/\/arantv.az\/index.php?rest_route=\/wp\/v2\/posts\/37539\/revisions"}],"wp:featuredmedia":[{"embeddable":true,"href":"https:\/\/arantv.az\/index.php?rest_route=\/wp\/v2\/media\/37540"}],"wp:attachment":[{"href":"https:\/\/arantv.az\/index.php?rest_route=%2Fwp%2Fv2%2Fmedia&parent=37539"}],"wp:term":[{"taxonomy":"category","embeddable":true,"href":"https:\/\/arantv.az\/index.php?rest_route=%2Fwp%2Fv2%2Fcategories&post=37539"},{"taxonomy":"post_tag","embeddable":true,"href":"https:\/\/arantv.az\/index.php?rest_route=%2Fwp%2Fv2%2Ftags&post=37539"}],"curies":[{"name":"wp","href":"https:\/\/api.w.org\/{rel}","templated":true}]}}