{"id":37542,"date":"2019-02-09T12:42:05","date_gmt":"2019-02-09T09:42:05","guid":{"rendered":"http:\/\/arantv.az\/?p=37542"},"modified":"2019-02-09T12:42:05","modified_gmt":"2019-02-09T09:42:05","slug":"h%c9%99rbi-cinay%c9%99tkara-abid%c9%99-qoymagin-ozu-cinay%c9%99tdir-gurcu-muharib%c9%99-veterani","status":"publish","type":"post","link":"https:\/\/arantv.az\/?p=37542","title":{"rendered":"\u201cH\u0259rbi cinay\u0259tkara abid\u0259 qoyma\u011f\u0131n \u00f6z\u00fc cinay\u0259tdir\u201d &#8211; G\u00fcrc\u00fc m\u00fcharib\u0259 veteran\u0131"},"content":{"rendered":"<p>\u201cAxalkalakid\u0259 abid\u0259si qoyulmu\u015f erm\u0259ni terror\u00e7u Mixail Avaqyan h\u0259rbi cinay\u0259tkar olub. O, Abxaziyada g\u00fcrc\u00fcl\u0259r\u0259 qar\u015f\u0131 d\u00f6y\u00fc\u015f\u00fcb. Onun b\u00fcst\u00fc s\u00f6k\u00fcl\u0259r\u0259k g\u00f6t\u00fcr\u00fclm\u0259lidir\u201d.<\/p>\n<p><strong>ARANTV.AZ<\/strong> AZ\u018fRTAC-a istinadla x\u0259b\u0259r verir ki, bu s\u00f6zl\u0259ri jurnalistl\u0259r\u0259 a\u00e7\u0131qlamas\u0131nda G\u00fcrc\u00fcstanda ya\u015fayan az\u0259rbaycanl\u0131lar\u0131n M.Avaqyan\u0131n b\u00fcst\u00fcn\u00fcn qoyulmas\u0131na qar\u015f\u0131 ke\u00e7irdikl\u0259ri etiraz aksiyas\u0131nda i\u015ftirak ed\u0259n Abxaziya m\u00fcharib\u0259si veteran\u0131 Vaxtanq Corcikia s\u00f6yl\u0259yib.<\/p>\n<p>Onun s\u00f6zl\u0259rin\u0259 g\u00f6r\u0259, Abxaziyada erm\u0259nil\u0259rd\u0259n ibar\u0259t Baqramyan ad\u0131na tabor etnik t\u0259mizl\u0259m\u0259 h\u0259yata ke\u00e7irib v\u0259 dinc sakinl\u0259r\u0259 qar\u015f\u0131 insanl\u0131\u011fa s\u0131\u011fmayan v\u0259h\u015filikl\u0259r t\u00f6r\u0259dib. Bu cinay\u0259tkar qrupun \u00fczvl\u0259ri Abxaziyada bir ail\u0259nin \u00fczvl\u0259ri olan qad\u0131n v\u0259 u\u015faqlar\u0131 diri-diri yand\u0131r\u0131blar. Erm\u0259nil\u0259rin Da\u011fl\u0131q Qaraba\u011fda da nec\u0259 qanl\u0131 cinay\u0259tl\u0259r t\u00f6r\u0259tdikl\u0259rini e\u015fitmi\u015fik. Bel\u0259 cinay\u0259tkarlara nec\u0259 abid\u0259 qoymaq olar?\u201d.<\/p>\n<p>V.Corcikia bildirib ki, M.Avaqyana b\u00fcst\u00fcn qoyulmas\u0131 q\u0259sd\u0259n t\u00f6r\u0259dilmi\u015f t\u0259xribatd\u0131r v\u0259 bunun qar\u015f\u0131s\u0131 al\u0131nmal\u0131d\u0131r. Abid\u0259nin qoyulmas\u0131 bar\u0259d\u0259 m\u0259rk\u0259zi hakimiyy\u0259t m\u0259lumatland\u0131r\u0131lmay\u0131b. B\u00fcst\u00fcn qoyulmas\u0131n\u0131 \u015f\u0259xsi t\u0259\u015f\u0259bb\u00fcs adland\u0131r\u0131rlar. Lakin ist\u0259nil\u0259n halda abid\u0259 qeyri-qanuni qoyulub v\u0259 m\u00fctl\u0259q g\u00f6t\u00fcr\u00fclm\u0259lidir\u201d.<\/p>\n<p>O deyib: \u201cBu g\u00fcn parlamentin binas\u0131 qar\u015f\u0131s\u0131na topla\u015fan G\u00fcrc\u00fcstan ictimaiyy\u0259ti d\u0259 b\u00fcst\u00fcn ucald\u0131lmas\u0131n\u0131 t\u0259xribat say\u0131r. Bu add\u0131m\u0131n m\u0259qs\u0259di G\u00fcrc\u00fcstanla Az\u0259rbaycan\u0131n aras\u0131n\u0131 vurmaq, G\u00fcrc\u00fcstanda ya\u015fayan mill\u0259tl\u0259ri qar\u015f\u0131-qar\u015f\u0131ya qoymaq v\u0259 qeyri-sabitlik yaratmaqd\u0131r. Ona g\u00f6r\u0259 d\u0259 hakimiyy\u0259t buna loyal qalmamal\u0131 v\u0259 konkret add\u0131mlar atmal\u0131d\u0131r\u201d.<\/p>\n","protected":false},"excerpt":{"rendered":"<p>\u201cAxalkalakid\u0259 abid\u0259si qoyulmu\u015f erm\u0259ni terror\u00e7u Mixail Avaqyan h\u0259rbi cinay\u0259tkar olub. O, Abxaziyada g\u00fcrc\u00fcl\u0259r\u0259 qar\u015f\u0131 d\u00f6y\u00fc\u015f\u00fcb. Onun b\u00fcst\u00fc s\u00f6k\u00fcl\u0259r\u0259k g\u00f6t\u00fcr\u00fclm\u0259lidir\u201d. ARANTV.AZ AZ\u018fRTAC-a istinadla x\u0259b\u0259r verir ki, bu s\u00f6zl\u0259ri jurnalistl\u0259r\u0259 a\u00e7\u0131qlamas\u0131nda G\u00fcrc\u00fcstanda ya\u015fayan az\u0259rbaycanl\u0131lar\u0131n M.Avaqyan\u0131n b\u00fcst\u00fcn\u00fcn qoyulmas\u0131na qar\u015f\u0131 ke\u00e7irdikl\u0259ri etiraz aksiyas\u0131nda i\u015ftirak ed\u0259n Abxaziya m\u00fcharib\u0259si veteran\u0131 Vaxtanq Corcikia s\u00f6yl\u0259yib. Onun s\u00f6zl\u0259rin\u0259 g\u00f6r\u0259, Abxaziyada erm\u0259nil\u0259rd\u0259n ibar\u0259t Baqramyan ad\u0131na tabor etnik t\u0259mizl\u0259m\u0259 h\u0259yata ke\u00e7irib v\u0259 dinc sakinl\u0259r\u0259 qar\u015f\u0131 insanl\u0131\u011fa s\u0131\u011fmayan v\u0259h\u015filikl\u0259r t\u00f6r\u0259dib. Bu cinay\u0259tkar qrupun \u00fczvl\u0259ri Abxaziyada bir ail\u0259nin \u00fczvl\u0259ri olan qad\u0131n v\u0259 u\u015faqlar\u0131 diri-diri yand\u0131r\u0131blar. Erm\u0259nil\u0259rin Da\u011fl\u0131q Qaraba\u011fda da nec\u0259 qanl\u0131 cinay\u0259tl\u0259r t\u00f6r\u0259tdikl\u0259rini&hellip;<\/p>\n","protected":false},"author":2,"featured_media":37543,"comment_status":"closed","ping_status":"closed","sticky":false,"template":"","format":"standard","meta":{"om_disable_all_campaigns":false,"_monsterinsights_skip_tracking":false,"_monsterinsights_sitenote_active":false,"_monsterinsights_sitenote_note":"","_monsterinsights_sitenote_category":0},"categories":[2],"tags":[],"aioseo_notices":[],"gutentor_comment":0,"rttpg_featured_image_url":{"full":["https:\/\/arantv.az\/wp-content\/uploads\/2019\/02\/photo_354115.jpg",750,551,false],"landscape":["https:\/\/arantv.az\/wp-content\/uploads\/2019\/02\/photo_354115.jpg",750,551,false],"portraits":["https:\/\/arantv.az\/wp-content\/uploads\/2019\/02\/photo_354115.jpg",750,551,false],"thumbnail":["https:\/\/arantv.az\/wp-content\/uploads\/2019\/02\/photo_354115-150x150.jpg",150,150,true],"medium":["https:\/\/arantv.az\/wp-content\/uploads\/2019\/02\/photo_354115-300x220.jpg",300,220,true],"large":["https:\/\/arantv.az\/wp-content\/uploads\/2019\/02\/photo_354115.jpg",640,470,false],"1536x1536":["https:\/\/arantv.az\/wp-content\/uploads\/2019\/02\/photo_354115.jpg",750,551,false],"2048x2048":["https:\/\/arantv.az\/wp-content\/uploads\/2019\/02\/photo_354115.jpg",750,551,false],"post-thumbnail":["https:\/\/arantv.az\/wp-content\/uploads\/2019\/02\/photo_354115-240x172.jpg",240,172,true],"advps-thumb-one":["https:\/\/arantv.az\/wp-content\/uploads\/2019\/02\/photo_354115.jpg",750,551,false]},"rttpg_author":{"display_name":"V\u00fcsal Rafiqo\u011flu","author_link":"https:\/\/arantv.az\/?author=2"},"rttpg_comment":0,"rttpg_category":"<a href=\"https:\/\/arantv.az\/?cat=2\" rel=\"category\">Region X\u0259b\u0259rl\u0259ri<\/a>","rttpg_excerpt":"\u201cAxalkalakid\u0259 abid\u0259si qoyulmu\u015f erm\u0259ni terror\u00e7u Mixail Avaqyan h\u0259rbi cinay\u0259tkar olub. O, Abxaziyada g\u00fcrc\u00fcl\u0259r\u0259 qar\u015f\u0131 d\u00f6y\u00fc\u015f\u00fcb. Onun b\u00fcst\u00fc s\u00f6k\u00fcl\u0259r\u0259k g\u00f6t\u00fcr\u00fclm\u0259lidir\u201d. ARANTV.AZ AZ\u018fRTAC-a istinadla x\u0259b\u0259r verir ki, bu s\u00f6zl\u0259ri jurnalistl\u0259r\u0259 a\u00e7\u0131qlamas\u0131nda G\u00fcrc\u00fcstanda ya\u015fayan az\u0259rbaycanl\u0131lar\u0131n M.Avaqyan\u0131n b\u00fcst\u00fcn\u00fcn qoyulmas\u0131na qar\u015f\u0131 ke\u00e7irdikl\u0259ri etiraz aksiyas\u0131nda i\u015ftirak ed\u0259n Abxaziya m\u00fcharib\u0259si veteran\u0131 Vaxtanq Corcikia s\u00f6yl\u0259yib. Onun s\u00f6zl\u0259rin\u0259 g\u00f6r\u0259, Abxaziyada erm\u0259nil\u0259rd\u0259n ibar\u0259t Baqramyan ad\u0131na&hellip;","_links":{"self":[{"href":"https:\/\/arantv.az\/index.php?rest_route=\/wp\/v2\/posts\/37542"}],"collection":[{"href":"https:\/\/arantv.az\/index.php?rest_route=\/wp\/v2\/posts"}],"about":[{"href":"https:\/\/arantv.az\/index.php?rest_route=\/wp\/v2\/types\/post"}],"author":[{"embeddable":true,"href":"https:\/\/arantv.az\/index.php?rest_route=\/wp\/v2\/users\/2"}],"replies":[{"embeddable":true,"href":"https:\/\/arantv.az\/index.php?rest_route=%2Fwp%2Fv2%2Fcomments&post=37542"}],"version-history":[{"count":0,"href":"https:\/\/arantv.az\/index.php?rest_route=\/wp\/v2\/posts\/37542\/revisions"}],"wp:featuredmedia":[{"embeddable":true,"href":"https:\/\/arantv.az\/index.php?rest_route=\/wp\/v2\/media\/37543"}],"wp:attachment":[{"href":"https:\/\/arantv.az\/index.php?rest_route=%2Fwp%2Fv2%2Fmedia&parent=37542"}],"wp:term":[{"taxonomy":"category","embeddable":true,"href":"https:\/\/arantv.az\/index.php?rest_route=%2Fwp%2Fv2%2Fcategories&post=37542"},{"taxonomy":"post_tag","embeddable":true,"href":"https:\/\/arantv.az\/index.php?rest_route=%2Fwp%2Fv2%2Ftags&post=37542"}],"curies":[{"name":"wp","href":"https:\/\/api.w.org\/{rel}","templated":true}]}}