{"id":37581,"date":"2019-02-11T09:13:33","date_gmt":"2019-02-11T06:13:33","guid":{"rendered":"http:\/\/arantv.az\/?p=37581"},"modified":"2019-02-11T09:13:33","modified_gmt":"2019-02-11T06:13:33","slug":"az%c9%99rbaycanda-daha-bir-qanun-yasi-35-d%c9%99n-cox-olmayanlar","status":"publish","type":"post","link":"https:\/\/arantv.az\/?p=37581","title":{"rendered":"Az\u0259rbaycanda daha bir QANUN &#8211; Ya\u015f\u0131 35-d\u0259n \u00e7ox olmayanlar&#8230;"},"content":{"rendered":"<p><strong>Az\u0259rbaycanda &#8220;g\u0259nc alim v\u0259 t\u0259dqiqat\u00e7\u0131&#8221; anlay\u0131\u015f\u0131 d\u0259qiql\u0259\u015fdirilib.<\/strong><\/p>\n<p><strong>ARANTV.AZ<\/strong>-\u0131n m\u0259lumat\u0131na g\u00f6r\u0259, bununla ba\u011fl\u0131 &#8220;G\u0259ncl\u0259r siyas\u0259ti haqq\u0131nda&#8221; qanuna d\u0259yi\u015fiklikl\u0259r edilir.<\/p>\n<p>D\u0259yi\u015fiklikl\u0259r\u0259 \u0259sas\u0259n, qanuna &#8220;g\u0259nc alim v\u0259 t\u0259dqiqat\u00e7\u0131&#8221; anlay\u0131\u015f\u0131 \u0259lav\u0259 edilir.<\/p>\n<p>G\u0259nc alim v\u0259 t\u0259dqiqat\u00e7\u0131lar ya\u015f\u0131 35-d\u0259n \u00e7ox olmayan alim v\u0259 t\u0259dqiqat\u00e7\u0131lar hesab olunacaqlar. Onlar\u0131n elmi f\u0259aliyy\u0259tinin d\u0259st\u0259kl\u0259nm\u0259si d\u00f6vl\u0259tin g\u0259ncl\u0259rin siyas\u0259tinin h\u0259yata ke\u00e7irilm\u0259si sah\u0259sind\u0259 \u0259sas v\u0259zif\u0259l\u0259rind\u0259n biri olacaq.<\/p>\n<p>&#8220;G\u0259ncl\u0259r siyas\u0259ti haqq\u0131nda&#8221; qanunun haz\u0131rk\u0131 varinat\u0131na g\u00f6r\u0259, g\u0259ncl\u0259r ya\u015f\u0131 14-d\u0259n 29-d\u0259k olan \u015f\u0259xsl\u0259r, g\u0259nc ail\u0259l\u0259r ya\u015f\u0131 35-d\u0259n \u00e7ox olmayan \u015f\u0259xsl\u0259rin nikaha daxil olmas\u0131ndan yaranan ail\u0259, habel\u0259 himay\u0259sind\u0259 az\u0131 bir u\u015fa\u011f\u0131 olan v\u0259 ya\u015f\u0131 35-d\u0259n \u00e7ox olmayan t\u0259k valideynl\u0259r hesab edilirl\u0259r.<\/p>\n<p>Qanunda hans\u0131 ya\u015fdan olan \u015f\u0259xsl\u0259rin g\u0259nc alim hesab edilm\u0259si is\u0259 d\u0259qiql\u0259\u015fdirilm\u0259yib.<\/p>\n<p>Yeni layih\u0259d\u0259 g\u0259nclik ya\u015f\u0131, eyni zamanda g\u0259nc ail\u0259 anlay\u0131\u015f\u0131 oldu\u011fu kimi saxlan\u0131l\u0131b, buraya yaln\u0131z kiml\u0259rin g\u0259nc alim hesab edildiyi \u0259lav\u0259 edilib.trend<\/p>\n","protected":false},"excerpt":{"rendered":"<p>Az\u0259rbaycanda &#8220;g\u0259nc alim v\u0259 t\u0259dqiqat\u00e7\u0131&#8221; anlay\u0131\u015f\u0131 d\u0259qiql\u0259\u015fdirilib. ARANTV.AZ-\u0131n m\u0259lumat\u0131na g\u00f6r\u0259, bununla ba\u011fl\u0131 &#8220;G\u0259ncl\u0259r siyas\u0259ti haqq\u0131nda&#8221; qanuna d\u0259yi\u015fiklikl\u0259r edilir. D\u0259yi\u015fiklikl\u0259r\u0259 \u0259sas\u0259n, qanuna &#8220;g\u0259nc alim v\u0259 t\u0259dqiqat\u00e7\u0131&#8221; anlay\u0131\u015f\u0131 \u0259lav\u0259 edilir. G\u0259nc alim v\u0259 t\u0259dqiqat\u00e7\u0131lar ya\u015f\u0131 35-d\u0259n \u00e7ox olmayan alim v\u0259 t\u0259dqiqat\u00e7\u0131lar hesab olunacaqlar. Onlar\u0131n elmi f\u0259aliyy\u0259tinin d\u0259st\u0259kl\u0259nm\u0259si d\u00f6vl\u0259tin g\u0259ncl\u0259rin siyas\u0259tinin h\u0259yata ke\u00e7irilm\u0259si sah\u0259sind\u0259 \u0259sas v\u0259zif\u0259l\u0259rind\u0259n biri olacaq. &#8220;G\u0259ncl\u0259r siyas\u0259ti haqq\u0131nda&#8221; qanunun haz\u0131rk\u0131 varinat\u0131na g\u00f6r\u0259, g\u0259ncl\u0259r ya\u015f\u0131 14-d\u0259n 29-d\u0259k olan \u015f\u0259xsl\u0259r, g\u0259nc ail\u0259l\u0259r ya\u015f\u0131 35-d\u0259n \u00e7ox olmayan \u015f\u0259xsl\u0259rin nikaha daxil olmas\u0131ndan yaranan ail\u0259, habel\u0259 himay\u0259sind\u0259 az\u0131 bir u\u015fa\u011f\u0131 olan v\u0259 ya\u015f\u0131 35-d\u0259n \u00e7ox&hellip;<\/p>\n","protected":false},"author":2,"featured_media":37582,"comment_status":"closed","ping_status":"closed","sticky":false,"template":"","format":"standard","meta":{"om_disable_all_campaigns":false,"_monsterinsights_skip_tracking":false,"_monsterinsights_sitenote_active":false,"_monsterinsights_sitenote_note":"","_monsterinsights_sitenote_category":0},"categories":[19],"tags":[],"aioseo_notices":[],"gutentor_comment":0,"rttpg_featured_image_url":{"full":["https:\/\/arantv.az\/wp-content\/uploads\/2019\/02\/qanun.jpg",800,450,false],"landscape":["https:\/\/arantv.az\/wp-content\/uploads\/2019\/02\/qanun.jpg",800,450,false],"portraits":["https:\/\/arantv.az\/wp-content\/uploads\/2019\/02\/qanun.jpg",800,450,false],"thumbnail":["https:\/\/arantv.az\/wp-content\/uploads\/2019\/02\/qanun-150x150.jpg",150,150,true],"medium":["https:\/\/arantv.az\/wp-content\/uploads\/2019\/02\/qanun-300x169.jpg",300,169,true],"large":["https:\/\/arantv.az\/wp-content\/uploads\/2019\/02\/qanun.jpg",640,360,false],"1536x1536":["https:\/\/arantv.az\/wp-content\/uploads\/2019\/02\/qanun.jpg",800,450,false],"2048x2048":["https:\/\/arantv.az\/wp-content\/uploads\/2019\/02\/qanun.jpg",800,450,false],"post-thumbnail":["https:\/\/arantv.az\/wp-content\/uploads\/2019\/02\/qanun-240x172.jpg",240,172,true],"advps-thumb-one":["https:\/\/arantv.az\/wp-content\/uploads\/2019\/02\/qanun.jpg",800,450,false]},"rttpg_author":{"display_name":"V\u00fcsal Rafiqo\u011flu","author_link":"https:\/\/arantv.az\/?author=2"},"rttpg_comment":0,"rttpg_category":"<a href=\"https:\/\/arantv.az\/?cat=19\" rel=\"category\">G\u00fcnd\u0259m<\/a>","rttpg_excerpt":"Az\u0259rbaycanda &#8220;g\u0259nc alim v\u0259 t\u0259dqiqat\u00e7\u0131&#8221; anlay\u0131\u015f\u0131 d\u0259qiql\u0259\u015fdirilib. ARANTV.AZ-\u0131n m\u0259lumat\u0131na g\u00f6r\u0259, bununla ba\u011fl\u0131 &#8220;G\u0259ncl\u0259r siyas\u0259ti haqq\u0131nda&#8221; qanuna d\u0259yi\u015fiklikl\u0259r edilir. D\u0259yi\u015fiklikl\u0259r\u0259 \u0259sas\u0259n, qanuna &#8220;g\u0259nc alim v\u0259 t\u0259dqiqat\u00e7\u0131&#8221; anlay\u0131\u015f\u0131 \u0259lav\u0259 edilir. G\u0259nc alim v\u0259 t\u0259dqiqat\u00e7\u0131lar ya\u015f\u0131 35-d\u0259n \u00e7ox olmayan alim v\u0259 t\u0259dqiqat\u00e7\u0131lar hesab olunacaqlar. Onlar\u0131n elmi f\u0259aliyy\u0259tinin d\u0259st\u0259kl\u0259nm\u0259si d\u00f6vl\u0259tin g\u0259ncl\u0259rin siyas\u0259tinin h\u0259yata ke\u00e7irilm\u0259si sah\u0259sind\u0259 \u0259sas v\u0259zif\u0259l\u0259rind\u0259n biri olacaq.&hellip;","_links":{"self":[{"href":"https:\/\/arantv.az\/index.php?rest_route=\/wp\/v2\/posts\/37581"}],"collection":[{"href":"https:\/\/arantv.az\/index.php?rest_route=\/wp\/v2\/posts"}],"about":[{"href":"https:\/\/arantv.az\/index.php?rest_route=\/wp\/v2\/types\/post"}],"author":[{"embeddable":true,"href":"https:\/\/arantv.az\/index.php?rest_route=\/wp\/v2\/users\/2"}],"replies":[{"embeddable":true,"href":"https:\/\/arantv.az\/index.php?rest_route=%2Fwp%2Fv2%2Fcomments&post=37581"}],"version-history":[{"count":0,"href":"https:\/\/arantv.az\/index.php?rest_route=\/wp\/v2\/posts\/37581\/revisions"}],"wp:featuredmedia":[{"embeddable":true,"href":"https:\/\/arantv.az\/index.php?rest_route=\/wp\/v2\/media\/37582"}],"wp:attachment":[{"href":"https:\/\/arantv.az\/index.php?rest_route=%2Fwp%2Fv2%2Fmedia&parent=37581"}],"wp:term":[{"taxonomy":"category","embeddable":true,"href":"https:\/\/arantv.az\/index.php?rest_route=%2Fwp%2Fv2%2Fcategories&post=37581"},{"taxonomy":"post_tag","embeddable":true,"href":"https:\/\/arantv.az\/index.php?rest_route=%2Fwp%2Fv2%2Ftags&post=37581"}],"curies":[{"name":"wp","href":"https:\/\/api.w.org\/{rel}","templated":true}]}}