{"id":37619,"date":"2019-02-11T10:32:15","date_gmt":"2019-02-11T07:32:15","guid":{"rendered":"http:\/\/arantv.az\/?p=37619"},"modified":"2019-02-11T10:32:15","modified_gmt":"2019-02-11T07:32:15","slug":"mikroavtobus-kamazla-toqqusdu-4-yasli-usaq-oldu","status":"publish","type":"post","link":"https:\/\/arantv.az\/?p=37619","title":{"rendered":"Mikroavtobus &#8220;KamAZ&#8221;la toqqu\u015fdu: 4 ya\u015fl\u0131 u\u015faq \u00d6LD\u00dc"},"content":{"rendered":"<p>Beyl\u0259qan rayonunda \u00f6l\u00fcml\u0259 n\u0259tic\u0259l\u0259n\u0259n yol q\u0259zas\u0131 ba\u015f verib.<\/p>\n<p><b>ARANTV.AZ<\/b>-\u0131n report-a istinad\u0259n verdiyi m\u0259lumata g\u00f6r\u0259, hadis\u0259 A\u015f\u0131qal\u0131lar k\u0259ndind\u0259 qeyd\u0259 al\u0131n\u0131b.<\/p>\n<div id=\"AdributorNativeVideo0\" class=\"AdributorNativeVideo\"><\/div>\n<p><ins><\/ins><\/p>\n<div id=\"beacon_371a6f5fe1\"><img loading=\"lazy\" src=\"https:\/\/ads2.newmedia.az\/www\/delivery\/lg.php?bannerid=0&amp;campaignid=0&amp;zoneid=975&amp;loc=https%3A%2F%2Fbig.az%2F344086-mikroavtobus_kamazla_toqqusdu_4_yasli_usaq_oldu.html&amp;referer=https%3A%2F%2Fbig.az%2F&amp;cb=371a6f5fe1\" alt=\"\" width=\"0\" height=\"0\" \/><\/div>\n<p>&#8220;Ford&#8221; markal\u0131 mikroavtobus yol k\u0259nar\u0131nda dayanan &#8220;KamAZ&#8221; markal\u0131 y\u00fck avtomobili il\u0259 toqqu\u015fub. N\u0259tic\u0259d\u0259 mikroavtobusda olan 4 ya\u015fl\u0131 o\u011flan \u00f6l\u00fcb. Onun \u015f\u0259xsiyy\u0259ti h\u0259l\u0259lik m\u00fc\u0259yy\u0259nl\u0259\u015fm\u0259yib.<\/p>\n<p>Faktla ba\u011fl\u0131 Beyl\u0259qan rayon Polis \u015e\u00f6b\u0259sind\u0259 ara\u015fd\u0131rma apar\u0131l\u0131r.<\/p>\n<p>Daha \u0259vv\u0259l Beyl\u0259qan rayonunda iki avtomobil toqqu\u015fub.<\/p>\n<p>&nbsp;<\/p>\n","protected":false},"excerpt":{"rendered":"<p>Beyl\u0259qan rayonunda \u00f6l\u00fcml\u0259 n\u0259tic\u0259l\u0259n\u0259n yol q\u0259zas\u0131 ba\u015f verib. ARANTV.AZ-\u0131n report-a istinad\u0259n verdiyi m\u0259lumata g\u00f6r\u0259, hadis\u0259 A\u015f\u0131qal\u0131lar k\u0259ndind\u0259 qeyd\u0259 al\u0131n\u0131b. &#8220;Ford&#8221; markal\u0131 mikroavtobus yol k\u0259nar\u0131nda dayanan &#8220;KamAZ&#8221; markal\u0131 y\u00fck avtomobili il\u0259 toqqu\u015fub. N\u0259tic\u0259d\u0259 mikroavtobusda olan 4 ya\u015fl\u0131 o\u011flan \u00f6l\u00fcb. Onun \u015f\u0259xsiyy\u0259ti h\u0259l\u0259lik m\u00fc\u0259yy\u0259nl\u0259\u015fm\u0259yib. Faktla ba\u011fl\u0131 Beyl\u0259qan rayon Polis \u015e\u00f6b\u0259sind\u0259 ara\u015fd\u0131rma apar\u0131l\u0131r. Daha \u0259vv\u0259l Beyl\u0259qan rayonunda iki avtomobil toqqu\u015fub. &nbsp;<\/p>\n","protected":false},"author":2,"featured_media":37620,"comment_status":"closed","ping_status":"closed","sticky":false,"template":"","format":"standard","meta":{"om_disable_all_campaigns":false,"_monsterinsights_skip_tracking":false,"_monsterinsights_sitenote_active":false,"_monsterinsights_sitenote_note":"","_monsterinsights_sitenote_category":0},"categories":[5],"tags":[],"aioseo_notices":[],"gutentor_comment":0,"rttpg_featured_image_url":{"full":["https:\/\/arantv.az\/wp-content\/uploads\/2019\/02\/5_21549870065.jpg",600,400,false],"landscape":["https:\/\/arantv.az\/wp-content\/uploads\/2019\/02\/5_21549870065.jpg",600,400,false],"portraits":["https:\/\/arantv.az\/wp-content\/uploads\/2019\/02\/5_21549870065.jpg",600,400,false],"thumbnail":["https:\/\/arantv.az\/wp-content\/uploads\/2019\/02\/5_21549870065-150x150.jpg",150,150,true],"medium":["https:\/\/arantv.az\/wp-content\/uploads\/2019\/02\/5_21549870065-300x200.jpg",300,200,true],"large":["https:\/\/arantv.az\/wp-content\/uploads\/2019\/02\/5_21549870065.jpg",600,400,false],"1536x1536":["https:\/\/arantv.az\/wp-content\/uploads\/2019\/02\/5_21549870065.jpg",600,400,false],"2048x2048":["https:\/\/arantv.az\/wp-content\/uploads\/2019\/02\/5_21549870065.jpg",600,400,false],"post-thumbnail":["https:\/\/arantv.az\/wp-content\/uploads\/2019\/02\/5_21549870065-240x172.jpg",240,172,true],"advps-thumb-one":["https:\/\/arantv.az\/wp-content\/uploads\/2019\/02\/5_21549870065.jpg",600,400,false]},"rttpg_author":{"display_name":"V\u00fcsal Rafiqo\u011flu","author_link":"https:\/\/arantv.az\/?author=2"},"rttpg_comment":0,"rttpg_category":"<a href=\"https:\/\/arantv.az\/?cat=5\" rel=\"category\">Hadis\u0259<\/a>","rttpg_excerpt":"Beyl\u0259qan rayonunda \u00f6l\u00fcml\u0259 n\u0259tic\u0259l\u0259n\u0259n yol q\u0259zas\u0131 ba\u015f verib. ARANTV.AZ-\u0131n report-a istinad\u0259n verdiyi m\u0259lumata g\u00f6r\u0259, hadis\u0259 A\u015f\u0131qal\u0131lar k\u0259ndind\u0259 qeyd\u0259 al\u0131n\u0131b. &#8220;Ford&#8221; markal\u0131 mikroavtobus yol k\u0259nar\u0131nda dayanan &#8220;KamAZ&#8221; markal\u0131 y\u00fck avtomobili il\u0259 toqqu\u015fub. N\u0259tic\u0259d\u0259 mikroavtobusda olan 4 ya\u015fl\u0131 o\u011flan \u00f6l\u00fcb. Onun \u015f\u0259xsiyy\u0259ti h\u0259l\u0259lik m\u00fc\u0259yy\u0259nl\u0259\u015fm\u0259yib. Faktla ba\u011fl\u0131 Beyl\u0259qan rayon Polis \u015e\u00f6b\u0259sind\u0259 ara\u015fd\u0131rma apar\u0131l\u0131r. Daha \u0259vv\u0259l Beyl\u0259qan rayonunda iki&hellip;","_links":{"self":[{"href":"https:\/\/arantv.az\/index.php?rest_route=\/wp\/v2\/posts\/37619"}],"collection":[{"href":"https:\/\/arantv.az\/index.php?rest_route=\/wp\/v2\/posts"}],"about":[{"href":"https:\/\/arantv.az\/index.php?rest_route=\/wp\/v2\/types\/post"}],"author":[{"embeddable":true,"href":"https:\/\/arantv.az\/index.php?rest_route=\/wp\/v2\/users\/2"}],"replies":[{"embeddable":true,"href":"https:\/\/arantv.az\/index.php?rest_route=%2Fwp%2Fv2%2Fcomments&post=37619"}],"version-history":[{"count":0,"href":"https:\/\/arantv.az\/index.php?rest_route=\/wp\/v2\/posts\/37619\/revisions"}],"wp:featuredmedia":[{"embeddable":true,"href":"https:\/\/arantv.az\/index.php?rest_route=\/wp\/v2\/media\/37620"}],"wp:attachment":[{"href":"https:\/\/arantv.az\/index.php?rest_route=%2Fwp%2Fv2%2Fmedia&parent=37619"}],"wp:term":[{"taxonomy":"category","embeddable":true,"href":"https:\/\/arantv.az\/index.php?rest_route=%2Fwp%2Fv2%2Fcategories&post=37619"},{"taxonomy":"post_tag","embeddable":true,"href":"https:\/\/arantv.az\/index.php?rest_route=%2Fwp%2Fv2%2Ftags&post=37619"}],"curies":[{"name":"wp","href":"https:\/\/api.w.org\/{rel}","templated":true}]}}