{"id":37622,"date":"2019-02-11T10:32:58","date_gmt":"2019-02-11T07:32:58","guid":{"rendered":"http:\/\/arantv.az\/?p=37622"},"modified":"2019-02-11T10:32:58","modified_gmt":"2019-02-11T07:32:58","slug":"uc-qiz-atasi-ozunu-asdi-az%c9%99rbaycanda","status":"publish","type":"post","link":"https:\/\/arantv.az\/?p=37622","title":{"rendered":"\u00dc\u00e7 q\u0131z atas\u0131 \u00f6z\u00fcn\u00fc asd\u0131 &#8211; Az\u0259rbaycanda"},"content":{"rendered":"<p>Yevlax rayonunun B\u0259ydilli k\u0259ndind\u0259 3 u\u015faq atas\u0131 \u00f6z\u00fcn\u00fc as\u0131b.<\/p>\n<p><b>ARANTV.AZ\u00a0<\/b>report-a istinad\u0259n x\u0259b\u0259r verir ki, 1973-ci il t\u0259v\u0259ll\u00fcdl\u00fc Heyd\u0259rov R\u00fcf\u0259t M\u0259hi o\u011flu yax\u0131nlar\u0131n\u0131n k\u00f6m\u0259kliyi x\u0259st\u0259xanaya \u00e7atd\u0131r\u0131lsa da, onun h\u0259yat\u0131n\u0131 xilas etm\u0259k m\u00fcmk\u00fcn olmay\u0131b.<\/p>\n<div id=\"AdributorNativeVideo0\" class=\"AdributorNativeVideo\"><\/div>\n<p><ins><\/ins><\/p>\n<div id=\"beacon_d7f5cf85e7\"><img loading=\"lazy\" src=\"https:\/\/ads2.newmedia.az\/www\/delivery\/lg.php?bannerid=0&amp;campaignid=0&amp;zoneid=975&amp;loc=https%3A%2F%2Fbig.az%2F344085-uc_qiz_atasi_ozunu_asdi_-_azerbaycanda.html&amp;referer=https%3A%2F%2Fbig.az%2F&amp;cb=d7f5cf85e7\" alt=\"\" width=\"0\" height=\"0\" \/><\/div>\n<p>\u0130ntihar\u0131n s\u0259b\u0259bi bilinmir.<\/p>\n<p>Faktla ba\u011fl\u0131 ara\u015fd\u0131rma apar\u0131l\u0131r.<\/p>\n<p>M\u0259rhumun \u00fc\u00e7 q\u0131z \u00f6vlad\u0131 var. Onlardan biri ail\u0259lidir.<\/p>\n<p>&nbsp;<\/p>\n","protected":false},"excerpt":{"rendered":"<p>Yevlax rayonunun B\u0259ydilli k\u0259ndind\u0259 3 u\u015faq atas\u0131 \u00f6z\u00fcn\u00fc as\u0131b. ARANTV.AZ\u00a0report-a istinad\u0259n x\u0259b\u0259r verir ki, 1973-ci il t\u0259v\u0259ll\u00fcdl\u00fc Heyd\u0259rov R\u00fcf\u0259t M\u0259hi o\u011flu yax\u0131nlar\u0131n\u0131n k\u00f6m\u0259kliyi x\u0259st\u0259xanaya \u00e7atd\u0131r\u0131lsa da, onun h\u0259yat\u0131n\u0131 xilas etm\u0259k m\u00fcmk\u00fcn olmay\u0131b. \u0130ntihar\u0131n s\u0259b\u0259bi bilinmir. Faktla ba\u011fl\u0131 ara\u015fd\u0131rma apar\u0131l\u0131r. M\u0259rhumun \u00fc\u00e7 q\u0131z \u00f6vlad\u0131 var. Onlardan biri ail\u0259lidir. &nbsp;<\/p>\n","protected":false},"author":2,"featured_media":37623,"comment_status":"closed","ping_status":"closed","sticky":false,"template":"","format":"standard","meta":{"om_disable_all_campaigns":false,"_monsterinsights_skip_tracking":false,"_monsterinsights_sitenote_active":false,"_monsterinsights_sitenote_note":"","_monsterinsights_sitenote_category":0},"categories":[5],"tags":[],"aioseo_notices":[],"gutentor_comment":0,"rttpg_featured_image_url":{"full":["https:\/\/arantv.az\/wp-content\/uploads\/2019\/02\/5_91549869897.jpg",600,472,false],"landscape":["https:\/\/arantv.az\/wp-content\/uploads\/2019\/02\/5_91549869897.jpg",600,472,false],"portraits":["https:\/\/arantv.az\/wp-content\/uploads\/2019\/02\/5_91549869897.jpg",600,472,false],"thumbnail":["https:\/\/arantv.az\/wp-content\/uploads\/2019\/02\/5_91549869897-150x150.jpg",150,150,true],"medium":["https:\/\/arantv.az\/wp-content\/uploads\/2019\/02\/5_91549869897-300x236.jpg",300,236,true],"large":["https:\/\/arantv.az\/wp-content\/uploads\/2019\/02\/5_91549869897.jpg",600,472,false],"1536x1536":["https:\/\/arantv.az\/wp-content\/uploads\/2019\/02\/5_91549869897.jpg",600,472,false],"2048x2048":["https:\/\/arantv.az\/wp-content\/uploads\/2019\/02\/5_91549869897.jpg",600,472,false],"post-thumbnail":["https:\/\/arantv.az\/wp-content\/uploads\/2019\/02\/5_91549869897-240x172.jpg",240,172,true],"advps-thumb-one":["https:\/\/arantv.az\/wp-content\/uploads\/2019\/02\/5_91549869897.jpg",600,472,false]},"rttpg_author":{"display_name":"V\u00fcsal Rafiqo\u011flu","author_link":"https:\/\/arantv.az\/?author=2"},"rttpg_comment":0,"rttpg_category":"<a href=\"https:\/\/arantv.az\/?cat=5\" rel=\"category\">Hadis\u0259<\/a>","rttpg_excerpt":"Yevlax rayonunun B\u0259ydilli k\u0259ndind\u0259 3 u\u015faq atas\u0131 \u00f6z\u00fcn\u00fc as\u0131b. ARANTV.AZ\u00a0report-a istinad\u0259n x\u0259b\u0259r verir ki, 1973-ci il t\u0259v\u0259ll\u00fcdl\u00fc Heyd\u0259rov R\u00fcf\u0259t M\u0259hi o\u011flu yax\u0131nlar\u0131n\u0131n k\u00f6m\u0259kliyi x\u0259st\u0259xanaya \u00e7atd\u0131r\u0131lsa da, onun h\u0259yat\u0131n\u0131 xilas etm\u0259k m\u00fcmk\u00fcn olmay\u0131b. \u0130ntihar\u0131n s\u0259b\u0259bi bilinmir. Faktla ba\u011fl\u0131 ara\u015fd\u0131rma apar\u0131l\u0131r. M\u0259rhumun \u00fc\u00e7 q\u0131z \u00f6vlad\u0131 var. Onlardan biri ail\u0259lidir. &nbsp;","_links":{"self":[{"href":"https:\/\/arantv.az\/index.php?rest_route=\/wp\/v2\/posts\/37622"}],"collection":[{"href":"https:\/\/arantv.az\/index.php?rest_route=\/wp\/v2\/posts"}],"about":[{"href":"https:\/\/arantv.az\/index.php?rest_route=\/wp\/v2\/types\/post"}],"author":[{"embeddable":true,"href":"https:\/\/arantv.az\/index.php?rest_route=\/wp\/v2\/users\/2"}],"replies":[{"embeddable":true,"href":"https:\/\/arantv.az\/index.php?rest_route=%2Fwp%2Fv2%2Fcomments&post=37622"}],"version-history":[{"count":0,"href":"https:\/\/arantv.az\/index.php?rest_route=\/wp\/v2\/posts\/37622\/revisions"}],"wp:featuredmedia":[{"embeddable":true,"href":"https:\/\/arantv.az\/index.php?rest_route=\/wp\/v2\/media\/37623"}],"wp:attachment":[{"href":"https:\/\/arantv.az\/index.php?rest_route=%2Fwp%2Fv2%2Fmedia&parent=37622"}],"wp:term":[{"taxonomy":"category","embeddable":true,"href":"https:\/\/arantv.az\/index.php?rest_route=%2Fwp%2Fv2%2Fcategories&post=37622"},{"taxonomy":"post_tag","embeddable":true,"href":"https:\/\/arantv.az\/index.php?rest_route=%2Fwp%2Fv2%2Ftags&post=37622"}],"curies":[{"name":"wp","href":"https:\/\/api.w.org\/{rel}","templated":true}]}}