{"id":37628,"date":"2019-02-11T10:36:15","date_gmt":"2019-02-11T07:36:15","guid":{"rendered":"http:\/\/arantv.az\/?p=37628"},"modified":"2019-02-11T10:36:15","modified_gmt":"2019-02-11T07:36:15","slug":"isa-h%c9%99bibb%c9%99yli-akademiyada-b%c9%99zil%c9%99ri-is%c9%99-g%c9%99lmir-sorusanda-da-deyir-ki-kitabxanada-idim","status":"publish","type":"post","link":"https:\/\/arantv.az\/?p=37628","title":{"rendered":"\u0130sa H\u0259bibb\u0259yli: &#8220;Akademiyada b\u0259zil\u0259ri i\u015f\u0259 g\u0259lmir, soru\u015fanda da deyir ki, kitabxanada idim&#8221;"},"content":{"rendered":"<p><strong>&#8220;\u0130st\u0259yirik ki, akademiyada \u0259m\u0259k intizam\u0131na \u0259m\u0259l edilsin, \u00e7\u00fcnki bundan sui-istifad\u0259 edilm\u0259si hallar\u0131 var&#8221;.<\/strong><\/p>\n<p><strong>ARANTV.AZ<\/strong> x\u0259b\u0259r verir ki, bunu\u00a0<a href=\"https:\/\/az.trend.az\/\" target=\"_blank\" rel=\"noopener\">Trend<\/a>-\u0259 Az\u0259rbaycan Milli Elml\u0259r Akademiyas\u0131n\u0131n (AMEA) vitse-prezidenti, Milli M\u0259clisin Elm v\u0259 t\u0259hsil komit\u0259sinin s\u0259dri, akademik \u0130sa H\u0259bibb\u0259yli elmi i\u015f\u00e7il\u0259rin kitabxanalarda i\u015fl\u0259m\u0259k \u00fc\u00e7\u00fcn m\u00fc\u0259yy\u0259n edilmi\u015f &#8220;yarad\u0131c\u0131l\u0131q g\u00fcnl\u0259ri&#8221;nd\u0259 d\u0259 i\u015f\u0259 g\u0259lm\u0259si il\u0259 ba\u011fl\u0131 qoyulan t\u0259l\u0259b\u0259 m\u00fcnasib\u0259t bildir\u0259rk\u0259n deyib.<\/p>\n<p>\u0130.H\u0259bibb\u0259yli hesab edir ki, elmi i\u015f\u00e7il\u0259rin h\u0259ft\u0259nin b\u00fct\u00fcn g\u00fcnl\u0259rind\u0259 i\u015f\u0259 g\u0259lm\u0259sini t\u0259l\u0259b etm\u0259k onlar\u0131n yarad\u0131c\u0131l\u0131q imkanlar\u0131n\u0131n m\u0259hdudla\u015fd\u0131r\u0131lmas\u0131 dem\u0259k deyil. \u00c7\u00fcnki AMEA-n\u0131n b\u00fct\u00fcn institutlar\u0131nda elmi i\u015f\u00e7il\u0259rin kitabxanalara getm\u0259d\u0259n, i\u015fl\u0259diyi m\u00fc\u0259ssis\u0259d\u0259 elmi f\u0259aliyy\u0259tl\u0259 m\u0259\u015f\u011ful ola bilm\u0259si \u00fc\u00e7\u00fcn \u015f\u0259rait yarad\u0131l\u0131b.<\/p>\n<p>Vitse-prezident qeyd edib ki, bunun \u00fc\u00e7\u00fcn b\u00fct\u00fcn institutlarda kitabxanalar v\u0259 oxu zallar\u0131 yarad\u0131l\u0131b. \u0130nstitutlar\u0131n \u00e7oxunda is\u0259 h\u0259tta m\u00fcasir, elektron kitabxanalar t\u0259\u015fkil edilib.<\/p>\n<div id=\"AdributorNativeVideo0\" class=\"AdributorNativeVideo\"><\/div>\n<p>\u0130.H\u0259bibb\u0259yli hesab edir ki, bu t\u0259l\u0259b i\u015f\u0259 vaxt\u0131nda g\u0259lm\u0259k ist\u0259m\u0259y\u0259n elmi i\u015f\u00e7il\u0259rin b\u0259han\u0259l\u0259rini aradan qald\u0131r\u0131r:<\/p>\n<p>&#8220;Kitabxana r\u0259hb\u0259rl\u0259ri institutlar\u0131n i\u015f\u00e7il\u0259ri \u00fc\u00e7\u00fcn laz\u0131m olan kitablar\u0131n sifari\u015fini q\u0259bul edir. Kitabxanalar h\u0259min kitablar\u0131 M\u0259rk\u0259zi Elmi Kitabxanadan g\u0259tirirl\u0259r, daha sonra is\u0259 onu i\u015f\u00e7iy\u0259 verirl\u0259r. Bel\u0259 imkan hesab\u0131na i\u015f\u00e7il\u0259rin kitabxanalara getm\u0259 z\u0259rur\u0259ti aradan qald\u0131r\u0131l\u0131r. \u018fg\u0259r kitab\u0131 \u0259ld\u0259 etm\u0259k m\u00fcmk\u00fcn olmursa, i\u015f\u00e7ini r\u0259smi m\u0259ktubla elmi i\u015f\u0259 g\u00f6r\u0259 arxivl\u0259r\u0259, dig\u0259r m\u0259rk\u0259zi kitabxanalara g\u00f6nd\u0259ririk. Akademiyada b\u0259zil\u0259ri i\u015f\u0259 g\u0259lmir v\u0259 soru\u015fanda da deyir ki, kitabxanada idim. Yoxlayanda is\u0259 m\u0259lum olur ki, kitabxanada olmay\u0131b. T\u0259bii ki, bu, ham\u0131ya aid deyil. \u018fg\u0259r kims\u0259, h\u0259r g\u00fcn kitabxanalara getm\u0259k \u00fc\u00e7\u00fcn &#8220;yarad\u0131c\u0131l\u0131q g\u00fcnl\u0259ri&#8221;nin olmas\u0131n\u0131 ist\u0259yirs\u0259, onda dem\u0259k kitabxana onlar \u00fc\u00e7\u00fcn b\u0259han\u0259dir. \u00c7\u00fcnki kitabxana il\u0259 ba\u011fl\u0131 h\u0259r c\u00fcr \u015f\u0259rait var. D\u00fc\u015f\u00fcn\u00fcr\u0259m ki, bunu etm\u0259k ist\u0259y\u0259nl\u0259r \u0259m\u0259k intizam\u0131ndan yay\u0131nmaq ist\u0259y\u0259nl\u0259rdir. D\u00fczd\u00fcr, bunu inzibati qaydada etmirik, amma ist\u0259yirik ki, akademiyada \u0259m\u0259k intizam\u0131na \u0259m\u0259l edilsin, \u00e7\u00fcnki bundan sui-istifad\u0259 edilm\u0259si hallar\u0131 var. Bunu ham\u0131ya \u015famil etm\u0259k olmaz, amma bel\u0259 hallar var v\u0259 onun qar\u015f\u0131s\u0131 al\u0131nmal\u0131d\u0131r&#8221;.<\/p>\n","protected":false},"excerpt":{"rendered":"<p>&#8220;\u0130st\u0259yirik ki, akademiyada \u0259m\u0259k intizam\u0131na \u0259m\u0259l edilsin, \u00e7\u00fcnki bundan sui-istifad\u0259 edilm\u0259si hallar\u0131 var&#8221;. ARANTV.AZ x\u0259b\u0259r verir ki, bunu\u00a0Trend-\u0259 Az\u0259rbaycan Milli Elml\u0259r Akademiyas\u0131n\u0131n (AMEA) vitse-prezidenti, Milli M\u0259clisin Elm v\u0259 t\u0259hsil komit\u0259sinin s\u0259dri, akademik \u0130sa H\u0259bibb\u0259yli elmi i\u015f\u00e7il\u0259rin kitabxanalarda i\u015fl\u0259m\u0259k \u00fc\u00e7\u00fcn m\u00fc\u0259yy\u0259n edilmi\u015f &#8220;yarad\u0131c\u0131l\u0131q g\u00fcnl\u0259ri&#8221;nd\u0259 d\u0259 i\u015f\u0259 g\u0259lm\u0259si il\u0259 ba\u011fl\u0131 qoyulan t\u0259l\u0259b\u0259 m\u00fcnasib\u0259t bildir\u0259rk\u0259n deyib. \u0130.H\u0259bibb\u0259yli hesab edir ki, elmi i\u015f\u00e7il\u0259rin h\u0259ft\u0259nin b\u00fct\u00fcn g\u00fcnl\u0259rind\u0259 i\u015f\u0259 g\u0259lm\u0259sini t\u0259l\u0259b etm\u0259k onlar\u0131n yarad\u0131c\u0131l\u0131q imkanlar\u0131n\u0131n m\u0259hdudla\u015fd\u0131r\u0131lmas\u0131 dem\u0259k deyil. \u00c7\u00fcnki AMEA-n\u0131n b\u00fct\u00fcn institutlar\u0131nda elmi i\u015f\u00e7il\u0259rin kitabxanalara getm\u0259d\u0259n, i\u015fl\u0259diyi m\u00fc\u0259ssis\u0259d\u0259 elmi f\u0259aliyy\u0259tl\u0259 m\u0259\u015f\u011ful ola bilm\u0259si \u00fc\u00e7\u00fcn \u015f\u0259rait yarad\u0131l\u0131b.&hellip;<\/p>\n","protected":false},"author":2,"featured_media":37629,"comment_status":"closed","ping_status":"closed","sticky":false,"template":"","format":"standard","meta":{"om_disable_all_campaigns":false,"_monsterinsights_skip_tracking":false,"_monsterinsights_sitenote_active":false,"_monsterinsights_sitenote_note":"","_monsterinsights_sitenote_category":0},"categories":[1],"tags":[],"aioseo_notices":[],"gutentor_comment":0,"rttpg_featured_image_url":{"full":["https:\/\/arantv.az\/wp-content\/uploads\/2019\/02\/729488.jpg",800,600,false],"landscape":["https:\/\/arantv.az\/wp-content\/uploads\/2019\/02\/729488.jpg",800,600,false],"portraits":["https:\/\/arantv.az\/wp-content\/uploads\/2019\/02\/729488.jpg",800,600,false],"thumbnail":["https:\/\/arantv.az\/wp-content\/uploads\/2019\/02\/729488-150x150.jpg",150,150,true],"medium":["https:\/\/arantv.az\/wp-content\/uploads\/2019\/02\/729488-300x225.jpg",300,225,true],"large":["https:\/\/arantv.az\/wp-content\/uploads\/2019\/02\/729488.jpg",640,480,false],"1536x1536":["https:\/\/arantv.az\/wp-content\/uploads\/2019\/02\/729488.jpg",800,600,false],"2048x2048":["https:\/\/arantv.az\/wp-content\/uploads\/2019\/02\/729488.jpg",800,600,false],"post-thumbnail":["https:\/\/arantv.az\/wp-content\/uploads\/2019\/02\/729488-240x172.jpg",240,172,true],"advps-thumb-one":["https:\/\/arantv.az\/wp-content\/uploads\/2019\/02\/729488.jpg",800,600,false]},"rttpg_author":{"display_name":"V\u00fcsal Rafiqo\u011flu","author_link":"https:\/\/arantv.az\/?author=2"},"rttpg_comment":0,"rttpg_category":"<a href=\"https:\/\/arantv.az\/?cat=1\" rel=\"category\">C\u0259miyy\u0259t<\/a>","rttpg_excerpt":"&#8220;\u0130st\u0259yirik ki, akademiyada \u0259m\u0259k intizam\u0131na \u0259m\u0259l edilsin, \u00e7\u00fcnki bundan sui-istifad\u0259 edilm\u0259si hallar\u0131 var&#8221;. ARANTV.AZ x\u0259b\u0259r verir ki, bunu\u00a0Trend-\u0259 Az\u0259rbaycan Milli Elml\u0259r Akademiyas\u0131n\u0131n (AMEA) vitse-prezidenti, Milli M\u0259clisin Elm v\u0259 t\u0259hsil komit\u0259sinin s\u0259dri, akademik \u0130sa H\u0259bibb\u0259yli elmi i\u015f\u00e7il\u0259rin kitabxanalarda i\u015fl\u0259m\u0259k \u00fc\u00e7\u00fcn m\u00fc\u0259yy\u0259n edilmi\u015f &#8220;yarad\u0131c\u0131l\u0131q g\u00fcnl\u0259ri&#8221;nd\u0259 d\u0259 i\u015f\u0259 g\u0259lm\u0259si il\u0259 ba\u011fl\u0131 qoyulan t\u0259l\u0259b\u0259 m\u00fcnasib\u0259t bildir\u0259rk\u0259n deyib. \u0130.H\u0259bibb\u0259yli hesab&hellip;","_links":{"self":[{"href":"https:\/\/arantv.az\/index.php?rest_route=\/wp\/v2\/posts\/37628"}],"collection":[{"href":"https:\/\/arantv.az\/index.php?rest_route=\/wp\/v2\/posts"}],"about":[{"href":"https:\/\/arantv.az\/index.php?rest_route=\/wp\/v2\/types\/post"}],"author":[{"embeddable":true,"href":"https:\/\/arantv.az\/index.php?rest_route=\/wp\/v2\/users\/2"}],"replies":[{"embeddable":true,"href":"https:\/\/arantv.az\/index.php?rest_route=%2Fwp%2Fv2%2Fcomments&post=37628"}],"version-history":[{"count":0,"href":"https:\/\/arantv.az\/index.php?rest_route=\/wp\/v2\/posts\/37628\/revisions"}],"wp:featuredmedia":[{"embeddable":true,"href":"https:\/\/arantv.az\/index.php?rest_route=\/wp\/v2\/media\/37629"}],"wp:attachment":[{"href":"https:\/\/arantv.az\/index.php?rest_route=%2Fwp%2Fv2%2Fmedia&parent=37628"}],"wp:term":[{"taxonomy":"category","embeddable":true,"href":"https:\/\/arantv.az\/index.php?rest_route=%2Fwp%2Fv2%2Fcategories&post=37628"},{"taxonomy":"post_tag","embeddable":true,"href":"https:\/\/arantv.az\/index.php?rest_route=%2Fwp%2Fv2%2Ftags&post=37628"}],"curies":[{"name":"wp","href":"https:\/\/api.w.org\/{rel}","templated":true}]}}