{"id":37632,"date":"2019-02-11T10:37:51","date_gmt":"2019-02-11T07:37:51","guid":{"rendered":"http:\/\/arantv.az\/?p=37632"},"modified":"2019-02-11T10:37:51","modified_gmt":"2019-02-11T07:37:51","slug":"turkiy%c9%99d%c9%99-avtobus-yuk-masini-il%c9%99-toqqusdu-12-yarali","status":"publish","type":"post","link":"https:\/\/arantv.az\/?p=37632","title":{"rendered":"T\u00fcrkiy\u0259d\u0259 avtobus y\u00fck ma\u015f\u0131n\u0131 il\u0259 toqqu\u015fdu &#8211; 12 yaral\u0131"},"content":{"rendered":"<p>T\u00fcrkiy\u0259nin D\u00fczc\u0259 vilay\u0259tind\u0259 f\u0259hl\u0259l\u0259ri aparan avtobus y\u00fck ma\u015f\u0131n\u0131 il\u0259 toqqu\u015fub.<\/p>\n<p><strong>ARANTV.AZ<\/strong> trend-\u0259 istinad\u0259n x\u0259b\u0259r verir ki, 12 n\u0259f\u0259r yaralan\u0131b.<\/p>\n<p>Toqqu\u015fma zaman\u0131 avtobusun idar\u0259etm\u0259ni itir\u0259r\u0259k kafenin binas\u0131na girdiyi bildirilir.<\/p>\n<div id=\"AdributorNativeVideo0\" class=\"AdributorNativeVideo\"><\/div>\n<p>B\u00fct\u00fcn yaral\u0131lar\u0131n T\u00fcrkiy\u0259 v\u0259t\u0259nda\u015flar\u0131 oldu\u011fu qeyd edilir.<\/p>\n<p>Q\u0259zan\u0131n hans\u0131 s\u0259b\u0259bd\u0259n ba\u015f verm\u0259si v\u0259 ba\u015fqa detallar m\u0259lum deyil.<\/p>\n","protected":false},"excerpt":{"rendered":"<p>T\u00fcrkiy\u0259nin D\u00fczc\u0259 vilay\u0259tind\u0259 f\u0259hl\u0259l\u0259ri aparan avtobus y\u00fck ma\u015f\u0131n\u0131 il\u0259 toqqu\u015fub. ARANTV.AZ trend-\u0259 istinad\u0259n x\u0259b\u0259r verir ki, 12 n\u0259f\u0259r yaralan\u0131b. Toqqu\u015fma zaman\u0131 avtobusun idar\u0259etm\u0259ni itir\u0259r\u0259k kafenin binas\u0131na girdiyi bildirilir. B\u00fct\u00fcn yaral\u0131lar\u0131n T\u00fcrkiy\u0259 v\u0259t\u0259nda\u015flar\u0131 oldu\u011fu qeyd edilir. Q\u0259zan\u0131n hans\u0131 s\u0259b\u0259bd\u0259n ba\u015f verm\u0259si v\u0259 ba\u015fqa detallar m\u0259lum deyil.<\/p>\n","protected":false},"author":2,"featured_media":37633,"comment_status":"closed","ping_status":"closed","sticky":false,"template":"","format":"standard","meta":{"om_disable_all_campaigns":false,"_monsterinsights_skip_tracking":false,"_monsterinsights_sitenote_active":false,"_monsterinsights_sitenote_note":"","_monsterinsights_sitenote_category":0},"categories":[7],"tags":[],"aioseo_notices":[],"gutentor_comment":0,"rttpg_featured_image_url":{"full":["https:\/\/arantv.az\/wp-content\/uploads\/2019\/02\/729479.jpg",800,600,false],"landscape":["https:\/\/arantv.az\/wp-content\/uploads\/2019\/02\/729479.jpg",800,600,false],"portraits":["https:\/\/arantv.az\/wp-content\/uploads\/2019\/02\/729479.jpg",800,600,false],"thumbnail":["https:\/\/arantv.az\/wp-content\/uploads\/2019\/02\/729479-150x150.jpg",150,150,true],"medium":["https:\/\/arantv.az\/wp-content\/uploads\/2019\/02\/729479-300x225.jpg",300,225,true],"large":["https:\/\/arantv.az\/wp-content\/uploads\/2019\/02\/729479.jpg",640,480,false],"1536x1536":["https:\/\/arantv.az\/wp-content\/uploads\/2019\/02\/729479.jpg",800,600,false],"2048x2048":["https:\/\/arantv.az\/wp-content\/uploads\/2019\/02\/729479.jpg",800,600,false],"post-thumbnail":["https:\/\/arantv.az\/wp-content\/uploads\/2019\/02\/729479-240x172.jpg",240,172,true],"advps-thumb-one":["https:\/\/arantv.az\/wp-content\/uploads\/2019\/02\/729479.jpg",800,600,false]},"rttpg_author":{"display_name":"V\u00fcsal Rafiqo\u011flu","author_link":"https:\/\/arantv.az\/?author=2"},"rttpg_comment":0,"rttpg_category":"<a href=\"https:\/\/arantv.az\/?cat=7\" rel=\"category\">D\u00fcnya<\/a>","rttpg_excerpt":"T\u00fcrkiy\u0259nin D\u00fczc\u0259 vilay\u0259tind\u0259 f\u0259hl\u0259l\u0259ri aparan avtobus y\u00fck ma\u015f\u0131n\u0131 il\u0259 toqqu\u015fub. ARANTV.AZ trend-\u0259 istinad\u0259n x\u0259b\u0259r verir ki, 12 n\u0259f\u0259r yaralan\u0131b. Toqqu\u015fma zaman\u0131 avtobusun idar\u0259etm\u0259ni itir\u0259r\u0259k kafenin binas\u0131na girdiyi bildirilir. B\u00fct\u00fcn yaral\u0131lar\u0131n T\u00fcrkiy\u0259 v\u0259t\u0259nda\u015flar\u0131 oldu\u011fu qeyd edilir. Q\u0259zan\u0131n hans\u0131 s\u0259b\u0259bd\u0259n ba\u015f verm\u0259si v\u0259 ba\u015fqa detallar m\u0259lum deyil.","_links":{"self":[{"href":"https:\/\/arantv.az\/index.php?rest_route=\/wp\/v2\/posts\/37632"}],"collection":[{"href":"https:\/\/arantv.az\/index.php?rest_route=\/wp\/v2\/posts"}],"about":[{"href":"https:\/\/arantv.az\/index.php?rest_route=\/wp\/v2\/types\/post"}],"author":[{"embeddable":true,"href":"https:\/\/arantv.az\/index.php?rest_route=\/wp\/v2\/users\/2"}],"replies":[{"embeddable":true,"href":"https:\/\/arantv.az\/index.php?rest_route=%2Fwp%2Fv2%2Fcomments&post=37632"}],"version-history":[{"count":0,"href":"https:\/\/arantv.az\/index.php?rest_route=\/wp\/v2\/posts\/37632\/revisions"}],"wp:featuredmedia":[{"embeddable":true,"href":"https:\/\/arantv.az\/index.php?rest_route=\/wp\/v2\/media\/37633"}],"wp:attachment":[{"href":"https:\/\/arantv.az\/index.php?rest_route=%2Fwp%2Fv2%2Fmedia&parent=37632"}],"wp:term":[{"taxonomy":"category","embeddable":true,"href":"https:\/\/arantv.az\/index.php?rest_route=%2Fwp%2Fv2%2Fcategories&post=37632"},{"taxonomy":"post_tag","embeddable":true,"href":"https:\/\/arantv.az\/index.php?rest_route=%2Fwp%2Fv2%2Ftags&post=37632"}],"curies":[{"name":"wp","href":"https:\/\/api.w.org\/{rel}","templated":true}]}}