{"id":37643,"date":"2019-02-11T11:24:08","date_gmt":"2019-02-11T08:24:08","guid":{"rendered":"http:\/\/arantv.az\/?p=37643"},"modified":"2019-02-11T11:24:08","modified_gmt":"2019-02-11T08:24:08","slug":"el%c9%99-oglan-deyil%c9%99m-ki-adim-hardasa-hallansin-bascinin-muavini-h%c9%99yat-yoldasinin-davasindan-danisdi-video","status":"publish","type":"post","link":"https:\/\/arantv.az\/?p=37643","title":{"rendered":"&#8220;El\u0259 o\u011flan deyil\u0259m ki, ad\u0131m hardasa hallans\u0131n&#8221; \u2014 Ba\u015f\u00e7\u0131n\u0131n m\u00fcavini h\u0259yat yolda\u015f\u0131n\u0131n davas\u0131ndan DANI\u015eDI (V\u0130DEO)"},"content":{"rendered":"<div class=\"spot\">Samux rayonunun icra ba\u015f\u00e7\u0131s\u0131n\u0131n m\u00fcavini Q\u0259z\u0259nf\u0259r \u018fliyev h\u0259yat yolda\u015f\u0131, G\u0259nc\u0259d\u0259ki 10 n\u00f6mr\u0259li m\u0259kt\u0259bin direktoru Arzu \u018fliyevan\u0131n valdieynl\u0259 \u0259lb\u0259yaxa \u00e7\u0131xmas\u0131 bar\u0259d\u0259 yay\u0131lan x\u0259b\u0259rl\u0259rd\u0259n dan\u0131\u015f\u0131b.<\/div>\n<p><strong>ARANTV.AZ<\/strong> x\u0259b\u0259r verir ki, \u018fliyev &#8220;\u00d6lk\u0259.Az&#8221;\u0131n \u0259m\u0259kda\u015f\u0131 il\u0259 s\u00f6hb\u0259tind\u0259 bildirib ki, g\u00f6r\u00fcnt\u00fcl\u0259rd\u0259ki \u015f\u0259xs onun h\u0259yat yolda\u015f\u0131 deyil:<\/p>\n<p>&#8220;B\u0259li, h\u0259yat yolda\u015f\u0131m G\u0259nc\u0259d\u0259ki 10 n\u00f6mr\u0259li m\u0259kt\u0259bin direktorudur. M\u0259n Samuxda ya\u015fay\u0131ram, o, G\u0259nc\u0259d\u0259dir. N\u0259 fikir bildir\u0259c\u0259y\u0259m ki? Fikri o videonu siz\u0259 g\u00f6nd\u0259r\u0259n adamdan soru\u015fun. Kims\u0259 bir \u015fey dey\u0259nd\u0259 ayd\u0131nla\u015fd\u0131rmal\u0131d\u0131r. M\u0259kt\u0259bd\u0259n \u00f6yr\u0259nin d\u0259, m\u0259nd\u0259n niy\u0259 soru\u015fursunuz? Niy\u0259 m\u0259nim ad\u0131m hallanmal\u0131d\u0131r ki? He\u00e7 o m\u0259kt\u0259bd\u0259 d\u0259 oxumam\u0131\u015fam ki, kims\u0259 ad\u0131m\u0131 halland\u0131rs\u0131n. M\u0259nim ad\u0131m tarixind\u0259 he\u00e7 harda hallanmay\u0131b. El\u0259 o\u011flan deyil\u0259m ki, ad\u0131m hardasa hallans\u0131n. O videodak\u0131 m\u0259nim h\u0259yat yolda\u015f\u0131m deyil. Biz d\u00f6vl\u0259t n\u00fcmay\u0259nd\u0259siyik, \u00fcr\u0259yi d\u00f6vl\u0259tl\u0259 d\u00f6y\u00fcn\u0259n adamlar\u0131q. \u018fg\u0259r m\u0259nim s\u0259hvim varsa v\u0259 o s\u0259hvi kims\u0259 hardasa deyirs\u0259, ona n\u0259 dey\u0259 bil\u0259r\u0259m? M\u0259n bel\u0259 \u015feyl\u0259rl\u0259 maraqlanm\u0131ram. O vaxt maraqlanaram ki, kims\u0259 internet\u0259 d\u00f6vl\u0259tin \u0259leyhin\u0259 n\u0259s\u0259 qoymu\u015f olsun. Siz o videonu \u00e7\u0259k\u0259n adamdan soru\u015fun ki, hans\u0131 \u0259sasla orada filank\u0259sin oldu\u011funu iddia edirsiz?&#8221;<\/p>\n<p>Qeyd ed\u0259k ki, iki g\u00fcn \u00f6nc\u0259 sosial \u015f\u0259b\u0259k\u0259l\u0259rd\u0259 yay\u0131lan videoda \u0259sl\u0259n Samux rayonundan olan direktor Arzu \u018fliyevan\u0131n valideynl\u0259 \u0259lb\u0259yaxaya \u00e7\u0131xd\u0131\u011f\u0131 bildirilirdi. H\u0259m\u00e7inin qeyd edilirdi ki, s\u00f6zged\u0259n direktor m\u00fct\u0259madi olaraq valideynl\u0259rl\u0259 v\u0259 pedaqoji hey\u0259tl\u0259 bu kimi probleml\u0259r ya\u015fay\u0131r.<\/p>\n<div id=\"AdributorNativeVideo0\" class=\"AdributorNativeVideo\"><\/div>\n<p>Qeyd ed\u0259k ki, A.\u018fliyeva\u00a0 Samux rayonunun icra ba\u015f\u00e7\u0131s\u0131n\u0131n m\u00fcavini Q\u0259z\u0259nf\u0259r \u018fliyevin h\u0259yat yolda\u015f\u0131d\u0131r.<\/p>\n<p><iframe loading=\"lazy\" src=\"http:\/\/bax.tv\/player\/54107.html\" width=\"640\" height=\"360\" frameborder=\"0\" scrolling=\"no\" data-mce-fragment=\"1\"><\/iframe><\/p>\n<p>&nbsp;<\/p>\n","protected":false},"excerpt":{"rendered":"<p>Samux rayonunun icra ba\u015f\u00e7\u0131s\u0131n\u0131n m\u00fcavini Q\u0259z\u0259nf\u0259r \u018fliyev h\u0259yat yolda\u015f\u0131, G\u0259nc\u0259d\u0259ki 10 n\u00f6mr\u0259li m\u0259kt\u0259bin direktoru Arzu \u018fliyevan\u0131n valdieynl\u0259 \u0259lb\u0259yaxa \u00e7\u0131xmas\u0131 bar\u0259d\u0259 yay\u0131lan x\u0259b\u0259rl\u0259rd\u0259n dan\u0131\u015f\u0131b. ARANTV.AZ x\u0259b\u0259r verir ki, \u018fliyev &#8220;\u00d6lk\u0259.Az&#8221;\u0131n \u0259m\u0259kda\u015f\u0131 il\u0259 s\u00f6hb\u0259tind\u0259 bildirib ki, g\u00f6r\u00fcnt\u00fcl\u0259rd\u0259ki \u015f\u0259xs onun h\u0259yat yolda\u015f\u0131 deyil: &#8220;B\u0259li, h\u0259yat yolda\u015f\u0131m G\u0259nc\u0259d\u0259ki 10 n\u00f6mr\u0259li m\u0259kt\u0259bin direktorudur. M\u0259n Samuxda ya\u015fay\u0131ram, o, G\u0259nc\u0259d\u0259dir. N\u0259 fikir bildir\u0259c\u0259y\u0259m ki? Fikri o videonu siz\u0259 g\u00f6nd\u0259r\u0259n adamdan soru\u015fun. Kims\u0259 bir \u015fey dey\u0259nd\u0259 ayd\u0131nla\u015fd\u0131rmal\u0131d\u0131r. M\u0259kt\u0259bd\u0259n \u00f6yr\u0259nin d\u0259, m\u0259nd\u0259n niy\u0259 soru\u015fursunuz? Niy\u0259 m\u0259nim ad\u0131m hallanmal\u0131d\u0131r ki? He\u00e7 o m\u0259kt\u0259bd\u0259 d\u0259 oxumam\u0131\u015fam ki, kims\u0259 ad\u0131m\u0131 halland\u0131rs\u0131n. M\u0259nim&hellip;<\/p>\n","protected":false},"author":2,"featured_media":37644,"comment_status":"closed","ping_status":"closed","sticky":false,"template":"","format":"standard","meta":{"om_disable_all_campaigns":false,"_monsterinsights_skip_tracking":false,"_monsterinsights_sitenote_active":false,"_monsterinsights_sitenote_note":"","_monsterinsights_sitenote_category":0},"categories":[1],"tags":[],"aioseo_notices":[],"gutentor_comment":0,"rttpg_featured_image_url":{"full":["https:\/\/arantv.az\/wp-content\/uploads\/2019\/02\/qirgin.png",620,375,false],"landscape":["https:\/\/arantv.az\/wp-content\/uploads\/2019\/02\/qirgin.png",620,375,false],"portraits":["https:\/\/arantv.az\/wp-content\/uploads\/2019\/02\/qirgin.png",620,375,false],"thumbnail":["https:\/\/arantv.az\/wp-content\/uploads\/2019\/02\/qirgin-150x150.png",150,150,true],"medium":["https:\/\/arantv.az\/wp-content\/uploads\/2019\/02\/qirgin-300x181.png",300,181,true],"large":["https:\/\/arantv.az\/wp-content\/uploads\/2019\/02\/qirgin.png",620,375,false],"1536x1536":["https:\/\/arantv.az\/wp-content\/uploads\/2019\/02\/qirgin.png",620,375,false],"2048x2048":["https:\/\/arantv.az\/wp-content\/uploads\/2019\/02\/qirgin.png",620,375,false],"post-thumbnail":["https:\/\/arantv.az\/wp-content\/uploads\/2019\/02\/qirgin-240x172.png",240,172,true],"advps-thumb-one":["https:\/\/arantv.az\/wp-content\/uploads\/2019\/02\/qirgin.png",620,375,false]},"rttpg_author":{"display_name":"V\u00fcsal Rafiqo\u011flu","author_link":"https:\/\/arantv.az\/?author=2"},"rttpg_comment":0,"rttpg_category":"<a href=\"https:\/\/arantv.az\/?cat=1\" rel=\"category\">C\u0259miyy\u0259t<\/a>","rttpg_excerpt":"Samux rayonunun icra ba\u015f\u00e7\u0131s\u0131n\u0131n m\u00fcavini Q\u0259z\u0259nf\u0259r \u018fliyev h\u0259yat yolda\u015f\u0131, G\u0259nc\u0259d\u0259ki 10 n\u00f6mr\u0259li m\u0259kt\u0259bin direktoru Arzu \u018fliyevan\u0131n valdieynl\u0259 \u0259lb\u0259yaxa \u00e7\u0131xmas\u0131 bar\u0259d\u0259 yay\u0131lan x\u0259b\u0259rl\u0259rd\u0259n dan\u0131\u015f\u0131b. ARANTV.AZ x\u0259b\u0259r verir ki, \u018fliyev &#8220;\u00d6lk\u0259.Az&#8221;\u0131n \u0259m\u0259kda\u015f\u0131 il\u0259 s\u00f6hb\u0259tind\u0259 bildirib ki, g\u00f6r\u00fcnt\u00fcl\u0259rd\u0259ki \u015f\u0259xs onun h\u0259yat yolda\u015f\u0131 deyil: &#8220;B\u0259li, h\u0259yat yolda\u015f\u0131m G\u0259nc\u0259d\u0259ki 10 n\u00f6mr\u0259li m\u0259kt\u0259bin direktorudur. M\u0259n Samuxda ya\u015fay\u0131ram, o, G\u0259nc\u0259d\u0259dir. N\u0259 fikir&hellip;","_links":{"self":[{"href":"https:\/\/arantv.az\/index.php?rest_route=\/wp\/v2\/posts\/37643"}],"collection":[{"href":"https:\/\/arantv.az\/index.php?rest_route=\/wp\/v2\/posts"}],"about":[{"href":"https:\/\/arantv.az\/index.php?rest_route=\/wp\/v2\/types\/post"}],"author":[{"embeddable":true,"href":"https:\/\/arantv.az\/index.php?rest_route=\/wp\/v2\/users\/2"}],"replies":[{"embeddable":true,"href":"https:\/\/arantv.az\/index.php?rest_route=%2Fwp%2Fv2%2Fcomments&post=37643"}],"version-history":[{"count":0,"href":"https:\/\/arantv.az\/index.php?rest_route=\/wp\/v2\/posts\/37643\/revisions"}],"wp:featuredmedia":[{"embeddable":true,"href":"https:\/\/arantv.az\/index.php?rest_route=\/wp\/v2\/media\/37644"}],"wp:attachment":[{"href":"https:\/\/arantv.az\/index.php?rest_route=%2Fwp%2Fv2%2Fmedia&parent=37643"}],"wp:term":[{"taxonomy":"category","embeddable":true,"href":"https:\/\/arantv.az\/index.php?rest_route=%2Fwp%2Fv2%2Fcategories&post=37643"},{"taxonomy":"post_tag","embeddable":true,"href":"https:\/\/arantv.az\/index.php?rest_route=%2Fwp%2Fv2%2Ftags&post=37643"}],"curies":[{"name":"wp","href":"https:\/\/api.w.org\/{rel}","templated":true}]}}