{"id":37659,"date":"2019-02-11T11:43:23","date_gmt":"2019-02-11T08:43:23","guid":{"rendered":"http:\/\/arantv.az\/?p=37659"},"modified":"2019-02-11T11:43:23","modified_gmt":"2019-02-11T08:43:23","slug":"erm%c9%99nistan-s%c9%99firliyin%c9%99-mubarizin-posteri-asildi-sok-video","status":"publish","type":"post","link":"https:\/\/arantv.az\/?p=37659","title":{"rendered":"Erm\u0259nistan s\u0259firliyin\u0259 M\u00fcbarizin posteri as\u0131ld\u0131 \u2013 \u015eok video"},"content":{"rendered":"<div id=\"entry\" class=\"entry\">G\u00fcrc\u00fcstanda ya\u015fayan soyda\u015flar\u0131m\u0131z bu \u00f6lk\u0259d\u0259 Xocal\u0131 soyq\u0131r\u0131m\u0131n\u0131n i\u015ftirak\u00e7\u0131s\u0131, Qaraba\u011fda m\u00fclki \u0259halini q\u0259tl\u0259 yetir\u0259n erm\u0259ni terror\u00e7u Mixail Avaqyan\u0131n b\u00fcst\u00fcn\u00fcn qoyulmas\u0131na M\u00fcbariz \u0130brahimovun ad\u0131 il\u0259 cavab veribl\u0259r.<\/p>\n<p><b>ARANTV.AZ\u00a0<\/b> axar.az-a istinad\u0259n x\u0259b\u0259r verir ki, soyda\u015flar\u0131m\u0131z Milli Q\u0259hr\u0259man M\u00fcbariz \u0130brahimovun b\u00f6y\u00fck plakatlar\u0131n\u0131 Tiflis \u015f\u0259h\u0259rind\u0259ki m\u0259\u015fhur S\u00fclh k\u00f6rp\u00fcs\u00fcn\u00fcn \u00fcst\u00fcnd\u0259n as\u0131blar.<\/p>\n<p>H\u0259m\u00e7inin, Tiflisd\u0259ki Erm\u0259nistan s\u0259firliyinin hasar\u0131na M\u00fcbariz \u0130brahimovun b\u00f6y\u00fck posterl\u0259ri vurulub.<\/p>\n<div id=\"AdributorNativeVideo0\" class=\"AdributorNativeVideo\"><\/div>\n<p>Hadis\u0259nin 4 fevral s\u0259h\u0259r saatlar\u0131nda oldu\u011fu qeyd edilib.<br \/>\n<ins><\/p>\n<div id=\"beacon_7a95670d31\"><img loading=\"lazy\" src=\"https:\/\/ads2.newmedia.az\/www\/delivery\/lg.php?bannerid=0&amp;campaignid=0&amp;zoneid=975&amp;loc=https%3A%2F%2Fbig.az%2F344115-ermenistan_sefirliyine_mubarizin_posteri_asildi_sok_video.html&amp;referer=https%3A%2F%2Fbig.az%2F&amp;cb=7a95670d31\" alt=\"\" width=\"0\" height=\"0\" \/><\/div>\n<p><\/ins><br \/>\nXat\u0131rladaq ki, 20 yanvar 2019-cu ild\u0259 G\u00fcrc\u00fcstan\u0131n Axalkalaki rayonunun Buqa\u015fen k\u0259ndind\u0259 Abxaziya v\u0259 Qaraba\u011f\u0131n i\u015f\u011fal\u0131nda i\u015ftirak etmi\u015f, Xocal\u0131 soyq\u0131r\u0131m\u0131n\u0131 t\u00f6r\u0259d\u0259n cinay\u0259tkarlardan olan separatc\u0131 Mixail Avaqyana abid\u0259 ucald\u0131l\u0131b. Bu add\u0131m soyda\u015flar\u0131m\u0131z\u0131n ciddi etiraz\u0131na s\u0259b\u0259b olub.<\/p>\n<div class=\"embed-responsive embed-responsive-16by9\"><iframe loading=\"lazy\" id=\"nmqembedid\" class=\"embed-responsive-item\" title=\"video player\" src=\"https:\/\/izle.az\/embed\/qyyxzXONyrVMyjPMNnEFAA~~\" width=\"600\" height=\"340\" frameborder=\"0\" scrolling=\"no\" allowfullscreen=\"allowfullscreen\" data-mce-fragment=\"1\"><\/iframe><\/div>\n<div class=\"embed-responsive embed-responsive-16by9\"><iframe loading=\"lazy\" id=\"nmqembedid\" class=\"embed-responsive-item\" title=\"video player\" src=\"https:\/\/izle.az\/embed\/qyyx9czTLXdLNwqo8HYFAA~~\" width=\"600\" height=\"340\" frameborder=\"0\" scrolling=\"no\" allowfullscreen=\"allowfullscreen\" data-mce-fragment=\"1\"><\/iframe><\/div>\n<\/div>\n<p>&nbsp;<\/p>\n","protected":false},"excerpt":{"rendered":"<p>G\u00fcrc\u00fcstanda ya\u015fayan soyda\u015flar\u0131m\u0131z bu \u00f6lk\u0259d\u0259 Xocal\u0131 soyq\u0131r\u0131m\u0131n\u0131n i\u015ftirak\u00e7\u0131s\u0131, Qaraba\u011fda m\u00fclki \u0259halini q\u0259tl\u0259 yetir\u0259n erm\u0259ni terror\u00e7u Mixail Avaqyan\u0131n b\u00fcst\u00fcn\u00fcn qoyulmas\u0131na M\u00fcbariz \u0130brahimovun ad\u0131 il\u0259 cavab veribl\u0259r. ARANTV.AZ\u00a0 axar.az-a istinad\u0259n x\u0259b\u0259r verir ki, soyda\u015flar\u0131m\u0131z Milli Q\u0259hr\u0259man M\u00fcbariz \u0130brahimovun b\u00f6y\u00fck plakatlar\u0131n\u0131 Tiflis \u015f\u0259h\u0259rind\u0259ki m\u0259\u015fhur S\u00fclh k\u00f6rp\u00fcs\u00fcn\u00fcn \u00fcst\u00fcnd\u0259n as\u0131blar. H\u0259m\u00e7inin, Tiflisd\u0259ki Erm\u0259nistan s\u0259firliyinin hasar\u0131na M\u00fcbariz \u0130brahimovun b\u00f6y\u00fck posterl\u0259ri vurulub. Hadis\u0259nin 4 fevral s\u0259h\u0259r saatlar\u0131nda oldu\u011fu qeyd edilib. Xat\u0131rladaq ki, 20 yanvar 2019-cu ild\u0259 G\u00fcrc\u00fcstan\u0131n Axalkalaki rayonunun Buqa\u015fen k\u0259ndind\u0259 Abxaziya v\u0259 Qaraba\u011f\u0131n i\u015f\u011fal\u0131nda i\u015ftirak etmi\u015f, Xocal\u0131 soyq\u0131r\u0131m\u0131n\u0131 t\u00f6r\u0259d\u0259n cinay\u0259tkarlardan olan separatc\u0131 Mixail Avaqyana abid\u0259 ucald\u0131l\u0131b.&hellip;<\/p>\n","protected":false},"author":2,"featured_media":37660,"comment_status":"closed","ping_status":"closed","sticky":false,"template":"","format":"standard","meta":{"om_disable_all_campaigns":false,"_monsterinsights_skip_tracking":false,"_monsterinsights_sitenote_active":false,"_monsterinsights_sitenote_note":"","_monsterinsights_sitenote_category":0},"categories":[19],"tags":[],"aioseo_notices":[],"gutentor_comment":0,"rttpg_featured_image_url":{"full":["https:\/\/arantv.az\/wp-content\/uploads\/2019\/02\/mubariz_ibrahimov1-690x450.jpg",649,423,false],"landscape":["https:\/\/arantv.az\/wp-content\/uploads\/2019\/02\/mubariz_ibrahimov1-690x450.jpg",649,423,false],"portraits":["https:\/\/arantv.az\/wp-content\/uploads\/2019\/02\/mubariz_ibrahimov1-690x450.jpg",649,423,false],"thumbnail":["https:\/\/arantv.az\/wp-content\/uploads\/2019\/02\/mubariz_ibrahimov1-690x450-150x150.jpg",150,150,true],"medium":["https:\/\/arantv.az\/wp-content\/uploads\/2019\/02\/mubariz_ibrahimov1-690x450-300x196.jpg",300,196,true],"large":["https:\/\/arantv.az\/wp-content\/uploads\/2019\/02\/mubariz_ibrahimov1-690x450.jpg",640,417,false],"1536x1536":["https:\/\/arantv.az\/wp-content\/uploads\/2019\/02\/mubariz_ibrahimov1-690x450.jpg",649,423,false],"2048x2048":["https:\/\/arantv.az\/wp-content\/uploads\/2019\/02\/mubariz_ibrahimov1-690x450.jpg",649,423,false],"post-thumbnail":["https:\/\/arantv.az\/wp-content\/uploads\/2019\/02\/mubariz_ibrahimov1-690x450-240x172.jpg",240,172,true],"advps-thumb-one":["https:\/\/arantv.az\/wp-content\/uploads\/2019\/02\/mubariz_ibrahimov1-690x450.jpg",649,423,false]},"rttpg_author":{"display_name":"V\u00fcsal Rafiqo\u011flu","author_link":"https:\/\/arantv.az\/?author=2"},"rttpg_comment":0,"rttpg_category":"<a href=\"https:\/\/arantv.az\/?cat=19\" rel=\"category\">G\u00fcnd\u0259m<\/a>","rttpg_excerpt":"G\u00fcrc\u00fcstanda ya\u015fayan soyda\u015flar\u0131m\u0131z bu \u00f6lk\u0259d\u0259 Xocal\u0131 soyq\u0131r\u0131m\u0131n\u0131n i\u015ftirak\u00e7\u0131s\u0131, Qaraba\u011fda m\u00fclki \u0259halini q\u0259tl\u0259 yetir\u0259n erm\u0259ni terror\u00e7u Mixail Avaqyan\u0131n b\u00fcst\u00fcn\u00fcn qoyulmas\u0131na M\u00fcbariz \u0130brahimovun ad\u0131 il\u0259 cavab veribl\u0259r. ARANTV.AZ\u00a0 axar.az-a istinad\u0259n x\u0259b\u0259r verir ki, soyda\u015flar\u0131m\u0131z Milli Q\u0259hr\u0259man M\u00fcbariz \u0130brahimovun b\u00f6y\u00fck plakatlar\u0131n\u0131 Tiflis \u015f\u0259h\u0259rind\u0259ki m\u0259\u015fhur S\u00fclh k\u00f6rp\u00fcs\u00fcn\u00fcn \u00fcst\u00fcnd\u0259n as\u0131blar. H\u0259m\u00e7inin, Tiflisd\u0259ki Erm\u0259nistan s\u0259firliyinin hasar\u0131na M\u00fcbariz \u0130brahimovun b\u00f6y\u00fck posterl\u0259ri vurulub.&hellip;","_links":{"self":[{"href":"https:\/\/arantv.az\/index.php?rest_route=\/wp\/v2\/posts\/37659"}],"collection":[{"href":"https:\/\/arantv.az\/index.php?rest_route=\/wp\/v2\/posts"}],"about":[{"href":"https:\/\/arantv.az\/index.php?rest_route=\/wp\/v2\/types\/post"}],"author":[{"embeddable":true,"href":"https:\/\/arantv.az\/index.php?rest_route=\/wp\/v2\/users\/2"}],"replies":[{"embeddable":true,"href":"https:\/\/arantv.az\/index.php?rest_route=%2Fwp%2Fv2%2Fcomments&post=37659"}],"version-history":[{"count":0,"href":"https:\/\/arantv.az\/index.php?rest_route=\/wp\/v2\/posts\/37659\/revisions"}],"wp:featuredmedia":[{"embeddable":true,"href":"https:\/\/arantv.az\/index.php?rest_route=\/wp\/v2\/media\/37660"}],"wp:attachment":[{"href":"https:\/\/arantv.az\/index.php?rest_route=%2Fwp%2Fv2%2Fmedia&parent=37659"}],"wp:term":[{"taxonomy":"category","embeddable":true,"href":"https:\/\/arantv.az\/index.php?rest_route=%2Fwp%2Fv2%2Fcategories&post=37659"},{"taxonomy":"post_tag","embeddable":true,"href":"https:\/\/arantv.az\/index.php?rest_route=%2Fwp%2Fv2%2Ftags&post=37659"}],"curies":[{"name":"wp","href":"https:\/\/api.w.org\/{rel}","templated":true}]}}