{"id":376777,"date":"2021-09-11T08:24:25","date_gmt":"2021-09-11T05:24:25","guid":{"rendered":"https:\/\/arantv.az\/?p=376777"},"modified":"2021-09-11T08:24:25","modified_gmt":"2021-09-11T05:24:25","slug":"c%c9%99mil-babayevin-taleyi-nec%c9%99-olacaq","status":"publish","type":"post","link":"https:\/\/arantv.az\/?p=376777","title":{"rendered":"C\u0259mil Babayevin taleyi nec\u0259 olacaq?"},"content":{"rendered":"<p><a title=\"xeberler son xeberler 2021\" href=\"https:\/\/big.az\/\" target=\"_blank\" rel=\"noopener\">X\u0259b\u0259r<\/a>\u00a0verdiyimiz kimi, avqustun 25-d\u0259 Az\u0259rbaycan Ordusunun m\u00fcdd\u0259td\u0259n art\u0131q\u00a0<a title=\"xidmetler\" href=\"https:\/\/xidmetler.az\/\" target=\"_blank\" rel=\"noopener\">xidm\u0259t<\/a>\u00a0ed\u0259n h\u0259rbi qulluq\u00e7usu C\u0259mil Babayev Rusiya s\u00fclhm\u0259raml\u0131lar\u0131n\u0131n n\u0259zar\u0259t etdiyi \u0259razid\u0259ki erm\u0259ni separat\u00e7\u0131lar t\u0259r\u0259find\u0259n saxlan\u0131lm\u0131\u015fd\u0131. Sentyabr\u0131n 7-d\u0259 is\u0259 h\u0259rb\u00e7imiz Az\u0259rbaycanla Erm\u0259nistan aras\u0131nda h\u0259rbi \u0259sirl\u0259rin n\u00f6vb\u0259ti m\u00fcbadil\u0259si prosesind\u0259 Rusiya s\u00fclhm\u0259raml\u0131 kontingentinin komandan\u0131 R\u00fcst\u0259m Muradovun vasit\u0259\u00e7iliyi il\u0259 Az\u0259rbaycana qaytar\u0131l\u0131b.<\/p>\n<p>Erm\u0259nistan t\u0259r\u0259finin m\u0259lumat\u0131nda qeyd edilirdi ki, h\u0259rb\u00e7imiz A\u011fd\u0259r\u0259 \u015f\u0259h\u0259rind\u0259ki m\u0259nzill\u0259rd\u0259n birind\u0259 a\u015fkarlan\u0131b. Rusiya s\u00fclhm\u0259raml\u0131lar\u0131n\u0131n n\u0259zar\u0259t etdiyi \u0259razid\u0259ki erm\u0259ni separat\u00e7\u0131lar az\u0259rbaycanl\u0131 h\u0259rb\u00e7iy\u0259 &#8220;cinay\u0259t i\u015fi&#8221; a\u00e7m\u0131\u015fd\u0131lar.<\/p>\n<div id=\"AdviadNativeVideo0\" class=\"AdviadNativeVideo\"><\/div>\n<p>Az\u0259rbaycan M\u00fcdafi\u0259 Nazirliyinin m\u0259lumat\u0131na g\u00f6r\u0259, C.Babayev G\u0259nc\u0259 hospital\u0131n\u0131n psixiatriya b\u00f6lm\u0259sini \u00f6zba\u015f\u0131na t\u0259rk edib. Bu s\u0259b\u0259bd\u0259n onun haqq\u0131nda cinay\u0259t i\u015fi ba\u015flan\u0131l\u0131b, ara\u015fd\u0131rma apar\u0131l\u0131r.<\/p>\n<p>Haz\u0131rda is\u0259 ictimaiyy\u0259t aras\u0131nda m\u00fczakir\u0259 edil\u0259n m\u0259s\u0259l\u0259 C\u0259mil Babayevin g\u0259l\u0259c\u0259k taleyinin nec\u0259 olaca\u011f\u0131 il\u0259 ba\u011fl\u0131d\u0131r. H\u0259l\u0259 ki r\u0259smi qurumlar t\u0259r\u0259find\u0259n bu bar\u0259d\u0259 m\u0259lumat verilm\u0259yib.<\/p>\n<p>H\u0259rb\u00e7i ekspert \u018fdal\u0259t Verdiyev m\u00f6vzu il\u0259 ba\u011fl\u0131 &#8220;Qafqazinfo&#8221; ya bildirib ki, C\u0259mil Babayevin problemi ona h\u0259m Qaraba\u011fdak\u0131 separat\u00e7\u0131 rejim t\u0259r\u0259find\u0259n bir ne\u00e7\u0259 madd\u0259 il\u0259 cinay\u0259t i\u015finin a\u00e7\u0131lmas\u0131, h\u0259m d\u0259 Az\u0259rbaycan t\u0259r\u0259finin d\u0259 ona cinay\u0259t i\u015fi a\u00e7mas\u0131 il\u0259 ba\u011fl\u0131d\u0131r:<\/p>\n<p>&#8220;Onun Erm\u0259nistanda v\u0259 Az\u0259rbaycanda da tutulmaq t\u0259hl\u00fck\u0259si var idi. \u0130ndi C\u0259mil Babayev \u00f6lk\u0259miz\u0259 qaytar\u0131l\u0131b. O, haz\u0131rda x\u00fcsusi xidm\u0259t orqanlar\u0131 t\u0259r\u0259find\u0259n filtirasiyadan ke\u00e7irilir, sor\u011fu-sual edilir. \u00d6lk\u0259miz\u0259 qar\u015fi f\u0259aliyy\u0259tl\u0259r \u00fc\u00e7\u00fcn ona hans\u0131sa bir t\u0259zyiqin olunub-olunmamas\u0131 ayd\u0131nla\u015fd\u0131r\u0131lacaq. Bu proses bir ay da \u00e7\u0259k\u0259 bil\u0259r. \u018fg\u0259r bel\u0259 bir fakt a\u015fkarlanmazsa, bundan sonra prokurorluq ona qar\u015f\u0131 a\u00e7\u0131lm\u0131\u015f cinay\u0259t i\u015fini davam etdir\u0259c\u0259k.<\/p>\n<p>Bu cinay\u0259t i\u015finin gedi\u015fat\u0131nda art\u0131q Prokurorluq v\u0259 D\u00f6vl\u0259t T\u0259hl\u00fck\u0259sizlik Xidm\u0259ti birg\u0259 r\u0259smi a\u00e7\u0131qlama ver\u0259 bil\u0259r. T\u0259cr\u00fcb\u0259d\u0259 ad\u0259t\u0259n bizim r\u0259smi qurumlar t\u0259r\u0259find\u0259n h\u0259rbi m\u0259s\u0259l\u0259l\u0259rl\u0259 ba\u011fl\u0131 \u00e7ox da informasiya verilmir. Ona g\u00f6r\u0259 d\u0259 g\u00f6zl\u0259m\u0259kd\u0259n ba\u015fqa \u00e7ar\u0259miz qalm\u0131r.<\/p>\n<p>B\u00fct\u00fcn hallarda C\u0259mil Babayevi ist\u0259r Erm\u0259nistanda, ist\u0259rs\u0259 d\u0259 burada yax\u015f\u0131 he\u00e7 n\u0259 g\u00f6zl\u0259mirdi. M\u00fcdafi\u0259 Nazirliyinin verdiyi m\u0259lumata istinad ets\u0259k, f\u0259rarilik etmi\u015f \u015f\u0259xs tutulmal\u0131d\u0131r. R\u00fcst\u0259m Muradovla birg\u0259 yay\u0131mlanan \u015f\u0259kild\u0259 bir anormall\u0131q hiss olunurdu, amma bu anormall\u0131q erm\u0259nil\u0259r t\u0259r\u0259find\u0259n ona edil\u0259n t\u0259zyiql\u0259 ba\u011fl\u0131 da ola bil\u0259r.<\/p>\n<p>Nazirlik bildirir ki, \u0259sg\u0259r psixiatriya b\u00f6lm\u0259sind\u0259n qa\u00e7\u0131b. Ancaq m\u0259n G\u0259nc\u0259 hospital\u0131na z\u0259ng vururam, bildirirl\u0259r ki, bizd\u0259 psixiatriya \u015f\u00f6b\u0259si yox, nevrologiya b\u00f6lm\u0259si var. \u018fg\u0259r \u0259sg\u0259r psixiatriya \u015f\u00f6b\u0259sind\u0259n qa\u00e7\u0131rsa, niy\u0259 o \u0259sg\u0259r formas\u0131nda olub? Bu m\u0259s\u0259l\u0259d\u0259 bir s\u0131ra suallar olsa da, ancaq h\u0259l\u0259 ki bir cavab yoxdur&#8221;.<\/p>\n","protected":false},"excerpt":{"rendered":"<p>X\u0259b\u0259r\u00a0verdiyimiz kimi, avqustun 25-d\u0259 Az\u0259rbaycan Ordusunun m\u00fcdd\u0259td\u0259n art\u0131q\u00a0xidm\u0259t\u00a0ed\u0259n h\u0259rbi qulluq\u00e7usu C\u0259mil Babayev Rusiya s\u00fclhm\u0259raml\u0131lar\u0131n\u0131n n\u0259zar\u0259t etdiyi \u0259razid\u0259ki erm\u0259ni separat\u00e7\u0131lar t\u0259r\u0259find\u0259n saxlan\u0131lm\u0131\u015fd\u0131. Sentyabr\u0131n 7-d\u0259 is\u0259 h\u0259rb\u00e7imiz Az\u0259rbaycanla Erm\u0259nistan aras\u0131nda h\u0259rbi \u0259sirl\u0259rin n\u00f6vb\u0259ti m\u00fcbadil\u0259si prosesind\u0259 Rusiya s\u00fclhm\u0259raml\u0131 kontingentinin komandan\u0131 R\u00fcst\u0259m Muradovun vasit\u0259\u00e7iliyi il\u0259 Az\u0259rbaycana qaytar\u0131l\u0131b. Erm\u0259nistan t\u0259r\u0259finin m\u0259lumat\u0131nda qeyd edilirdi ki, h\u0259rb\u00e7imiz A\u011fd\u0259r\u0259 \u015f\u0259h\u0259rind\u0259ki m\u0259nzill\u0259rd\u0259n birind\u0259 a\u015fkarlan\u0131b. Rusiya s\u00fclhm\u0259raml\u0131lar\u0131n\u0131n n\u0259zar\u0259t etdiyi \u0259razid\u0259ki erm\u0259ni separat\u00e7\u0131lar az\u0259rbaycanl\u0131 h\u0259rb\u00e7iy\u0259 &#8220;cinay\u0259t i\u015fi&#8221; a\u00e7m\u0131\u015fd\u0131lar. Az\u0259rbaycan M\u00fcdafi\u0259 Nazirliyinin m\u0259lumat\u0131na g\u00f6r\u0259, C.Babayev G\u0259nc\u0259 hospital\u0131n\u0131n psixiatriya b\u00f6lm\u0259sini \u00f6zba\u015f\u0131na t\u0259rk edib. Bu s\u0259b\u0259bd\u0259n onun haqq\u0131nda cinay\u0259t i\u015fi ba\u015flan\u0131l\u0131b, ara\u015fd\u0131rma apar\u0131l\u0131r. Haz\u0131rda&hellip;<\/p>\n","protected":false},"author":2,"featured_media":376778,"comment_status":"closed","ping_status":"closed","sticky":false,"template":"","format":"standard","meta":{"om_disable_all_campaigns":false,"_monsterinsights_skip_tracking":false,"_monsterinsights_sitenote_active":false,"_monsterinsights_sitenote_note":"","_monsterinsights_sitenote_category":0},"categories":[26],"tags":[],"aioseo_notices":[],"gutentor_comment":0,"rttpg_featured_image_url":{"full":["https:\/\/arantv.az\/wp-content\/uploads\/2021\/09\/cemil_61631301387.jpg",637,400,false],"landscape":["https:\/\/arantv.az\/wp-content\/uploads\/2021\/09\/cemil_61631301387.jpg",637,400,false],"portraits":["https:\/\/arantv.az\/wp-content\/uploads\/2021\/09\/cemil_61631301387.jpg",637,400,false],"thumbnail":["https:\/\/arantv.az\/wp-content\/uploads\/2021\/09\/cemil_61631301387-500x280.jpg",500,280,true],"medium":["https:\/\/arantv.az\/wp-content\/uploads\/2021\/09\/cemil_61631301387-581x365.jpg",581,365,true],"large":["https:\/\/arantv.az\/wp-content\/uploads\/2021\/09\/cemil_61631301387.jpg",637,400,false],"1536x1536":["https:\/\/arantv.az\/wp-content\/uploads\/2021\/09\/cemil_61631301387.jpg",637,400,false],"2048x2048":["https:\/\/arantv.az\/wp-content\/uploads\/2021\/09\/cemil_61631301387.jpg",637,400,false],"post-thumbnail":["https:\/\/arantv.az\/wp-content\/uploads\/2021\/09\/cemil_61631301387-240x172.jpg",240,172,true],"advps-thumb-one":["https:\/\/arantv.az\/wp-content\/uploads\/2021\/09\/cemil_61631301387.jpg",637,400,false]},"rttpg_author":{"display_name":"V\u00fcsal Rafiqo\u011flu","author_link":"https:\/\/arantv.az\/?author=2"},"rttpg_comment":0,"rttpg_category":"<a href=\"https:\/\/arantv.az\/?cat=26\" rel=\"category\">Sosial<\/a>","rttpg_excerpt":"X\u0259b\u0259r\u00a0verdiyimiz kimi, avqustun 25-d\u0259 Az\u0259rbaycan Ordusunun m\u00fcdd\u0259td\u0259n art\u0131q\u00a0xidm\u0259t\u00a0ed\u0259n h\u0259rbi qulluq\u00e7usu C\u0259mil Babayev Rusiya s\u00fclhm\u0259raml\u0131lar\u0131n\u0131n n\u0259zar\u0259t etdiyi \u0259razid\u0259ki erm\u0259ni separat\u00e7\u0131lar t\u0259r\u0259find\u0259n saxlan\u0131lm\u0131\u015fd\u0131. Sentyabr\u0131n 7-d\u0259 is\u0259 h\u0259rb\u00e7imiz Az\u0259rbaycanla Erm\u0259nistan aras\u0131nda h\u0259rbi \u0259sirl\u0259rin n\u00f6vb\u0259ti m\u00fcbadil\u0259si prosesind\u0259 Rusiya s\u00fclhm\u0259raml\u0131 kontingentinin komandan\u0131 R\u00fcst\u0259m Muradovun vasit\u0259\u00e7iliyi il\u0259 Az\u0259rbaycana qaytar\u0131l\u0131b. Erm\u0259nistan t\u0259r\u0259finin m\u0259lumat\u0131nda qeyd edilirdi ki, h\u0259rb\u00e7imiz A\u011fd\u0259r\u0259 \u015f\u0259h\u0259rind\u0259ki m\u0259nzill\u0259rd\u0259n birind\u0259 a\u015fkarlan\u0131b.&hellip;","_links":{"self":[{"href":"https:\/\/arantv.az\/index.php?rest_route=\/wp\/v2\/posts\/376777"}],"collection":[{"href":"https:\/\/arantv.az\/index.php?rest_route=\/wp\/v2\/posts"}],"about":[{"href":"https:\/\/arantv.az\/index.php?rest_route=\/wp\/v2\/types\/post"}],"author":[{"embeddable":true,"href":"https:\/\/arantv.az\/index.php?rest_route=\/wp\/v2\/users\/2"}],"replies":[{"embeddable":true,"href":"https:\/\/arantv.az\/index.php?rest_route=%2Fwp%2Fv2%2Fcomments&post=376777"}],"version-history":[{"count":0,"href":"https:\/\/arantv.az\/index.php?rest_route=\/wp\/v2\/posts\/376777\/revisions"}],"wp:featuredmedia":[{"embeddable":true,"href":"https:\/\/arantv.az\/index.php?rest_route=\/wp\/v2\/media\/376778"}],"wp:attachment":[{"href":"https:\/\/arantv.az\/index.php?rest_route=%2Fwp%2Fv2%2Fmedia&parent=376777"}],"wp:term":[{"taxonomy":"category","embeddable":true,"href":"https:\/\/arantv.az\/index.php?rest_route=%2Fwp%2Fv2%2Fcategories&post=376777"},{"taxonomy":"post_tag","embeddable":true,"href":"https:\/\/arantv.az\/index.php?rest_route=%2Fwp%2Fv2%2Ftags&post=376777"}],"curies":[{"name":"wp","href":"https:\/\/api.w.org\/{rel}","templated":true}]}}