{"id":376781,"date":"2021-09-11T08:25:56","date_gmt":"2021-09-11T05:25:56","guid":{"rendered":"https:\/\/arantv.az\/?p=376781"},"modified":"2021-09-11T08:25:56","modified_gmt":"2021-09-11T05:25:56","slug":"abs-20-il-sonra-11-sentyabr-hucumlarinin-qurbanlarini-anir","status":"publish","type":"post","link":"https:\/\/arantv.az\/?p=376781","title":{"rendered":"AB\u015e 20 il sonra 11 sentyabr h\u00fccumlar\u0131n\u0131n qurbanlar\u0131n\u0131 an\u0131r"},"content":{"rendered":"<p>Bu g\u00fcn 20 il \u0259vv\u0259l AB\u015e-da ba\u015f ver\u0259n d\u0259h\u015f\u0259tli terror h\u00fccumlar\u0131n\u0131n ild\u00f6n\u00fcm\u00fcd\u00fcr. Faci\u0259 n\u0259tic\u0259sind\u0259 t\u0259xmin\u0259n 3 min insan h\u0259yat\u0131n\u0131 itirib.<\/p>\n<p>Bununla \u0259laq\u0259dar olaraq AB\u015e-da 11 sentyabr 2001-ci il h\u00fccumlar\u0131n\u0131n qurbanlar\u0131n\u0131n xatir\u0259sin\u0259 AB\u015e Prezidenti Co Baydenin i\u015ftirak\u0131 il\u0259 bir s\u0131ra an\u0131m t\u0259dbirl\u0259ri ke\u00e7iril\u0259c\u0259k.<\/p>\n<div id=\"AdviadNativeVideo0\" class=\"AdviadNativeVideo\"><\/div>\n<p>Qeyd edilir ki, \u0259n\u0259n\u0259vi an\u0131m g\u00fcn\u00fc bu il siyasi m\u0259na qazan\u0131r, \u00e7\u00fcnki 20 ild\u0259 ilk d\u0259f\u0259 \u018ffqan\u0131standa \u201cTaliban\u201d h\u0259r\u0259kat\u0131 yenid\u0259n hakimiyy\u0259td\u0259dir.\u00a0\u201cTaliban\u201d 2001-ci ild\u0259 h\u00fccuma cavabdeh olan \u201c\u018fl-Qaid\u0259\u201d yaraql\u0131lar\u0131n\u0131 Va\u015finqtona t\u0259hvil verm\u0259kd\u0259n imtina edib (bununla da m\u00fcharib\u0259nin ba\u015flamas\u0131na s\u0259b\u0259b olub).<\/p>\n<p>M\u0259nb\u0259: TASS<\/p>\n","protected":false},"excerpt":{"rendered":"<p>Bu g\u00fcn 20 il \u0259vv\u0259l AB\u015e-da ba\u015f ver\u0259n d\u0259h\u015f\u0259tli terror h\u00fccumlar\u0131n\u0131n ild\u00f6n\u00fcm\u00fcd\u00fcr. Faci\u0259 n\u0259tic\u0259sind\u0259 t\u0259xmin\u0259n 3 min insan h\u0259yat\u0131n\u0131 itirib. Bununla \u0259laq\u0259dar olaraq AB\u015e-da 11 sentyabr 2001-ci il h\u00fccumlar\u0131n\u0131n qurbanlar\u0131n\u0131n xatir\u0259sin\u0259 AB\u015e Prezidenti Co Baydenin i\u015ftirak\u0131 il\u0259 bir s\u0131ra an\u0131m t\u0259dbirl\u0259ri ke\u00e7iril\u0259c\u0259k. Qeyd edilir ki, \u0259n\u0259n\u0259vi an\u0131m g\u00fcn\u00fc bu il siyasi m\u0259na qazan\u0131r, \u00e7\u00fcnki 20 ild\u0259 ilk d\u0259f\u0259 \u018ffqan\u0131standa \u201cTaliban\u201d h\u0259r\u0259kat\u0131 yenid\u0259n hakimiyy\u0259td\u0259dir.\u00a0\u201cTaliban\u201d 2001-ci ild\u0259 h\u00fccuma cavabdeh olan \u201c\u018fl-Qaid\u0259\u201d yaraql\u0131lar\u0131n\u0131 Va\u015finqtona t\u0259hvil verm\u0259kd\u0259n imtina edib (bununla da m\u00fcharib\u0259nin ba\u015flamas\u0131na s\u0259b\u0259b olub). M\u0259nb\u0259: TASS<\/p>\n","protected":false},"author":2,"featured_media":376782,"comment_status":"closed","ping_status":"closed","sticky":false,"template":"","format":"standard","meta":{"om_disable_all_campaigns":false,"_monsterinsights_skip_tracking":false,"_monsterinsights_sitenote_active":false,"_monsterinsights_sitenote_note":"","_monsterinsights_sitenote_category":0},"categories":[7],"tags":[],"aioseo_notices":[],"gutentor_comment":0,"rttpg_featured_image_url":{"full":["https:\/\/arantv.az\/wp-content\/uploads\/2021\/09\/9-11-1-1.jpg",620,413,false],"landscape":["https:\/\/arantv.az\/wp-content\/uploads\/2021\/09\/9-11-1-1.jpg",620,413,false],"portraits":["https:\/\/arantv.az\/wp-content\/uploads\/2021\/09\/9-11-1-1.jpg",620,413,false],"thumbnail":["https:\/\/arantv.az\/wp-content\/uploads\/2021\/09\/9-11-1-1-500x280.jpg",500,280,true],"medium":["https:\/\/arantv.az\/wp-content\/uploads\/2021\/09\/9-11-1-1-548x365.jpg",548,365,true],"large":["https:\/\/arantv.az\/wp-content\/uploads\/2021\/09\/9-11-1-1.jpg",620,413,false],"1536x1536":["https:\/\/arantv.az\/wp-content\/uploads\/2021\/09\/9-11-1-1.jpg",620,413,false],"2048x2048":["https:\/\/arantv.az\/wp-content\/uploads\/2021\/09\/9-11-1-1.jpg",620,413,false],"post-thumbnail":["https:\/\/arantv.az\/wp-content\/uploads\/2021\/09\/9-11-1-1-240x172.jpg",240,172,true],"advps-thumb-one":["https:\/\/arantv.az\/wp-content\/uploads\/2021\/09\/9-11-1-1.jpg",620,413,false]},"rttpg_author":{"display_name":"V\u00fcsal Rafiqo\u011flu","author_link":"https:\/\/arantv.az\/?author=2"},"rttpg_comment":0,"rttpg_category":"<a href=\"https:\/\/arantv.az\/?cat=7\" rel=\"category\">D\u00fcnya<\/a>","rttpg_excerpt":"Bu g\u00fcn 20 il \u0259vv\u0259l AB\u015e-da ba\u015f ver\u0259n d\u0259h\u015f\u0259tli terror h\u00fccumlar\u0131n\u0131n ild\u00f6n\u00fcm\u00fcd\u00fcr. Faci\u0259 n\u0259tic\u0259sind\u0259 t\u0259xmin\u0259n 3 min insan h\u0259yat\u0131n\u0131 itirib. Bununla \u0259laq\u0259dar olaraq AB\u015e-da 11 sentyabr 2001-ci il h\u00fccumlar\u0131n\u0131n qurbanlar\u0131n\u0131n xatir\u0259sin\u0259 AB\u015e Prezidenti Co Baydenin i\u015ftirak\u0131 il\u0259 bir s\u0131ra an\u0131m t\u0259dbirl\u0259ri ke\u00e7iril\u0259c\u0259k. Qeyd edilir ki, \u0259n\u0259n\u0259vi an\u0131m g\u00fcn\u00fc bu il siyasi m\u0259na qazan\u0131r, \u00e7\u00fcnki 20&hellip;","_links":{"self":[{"href":"https:\/\/arantv.az\/index.php?rest_route=\/wp\/v2\/posts\/376781"}],"collection":[{"href":"https:\/\/arantv.az\/index.php?rest_route=\/wp\/v2\/posts"}],"about":[{"href":"https:\/\/arantv.az\/index.php?rest_route=\/wp\/v2\/types\/post"}],"author":[{"embeddable":true,"href":"https:\/\/arantv.az\/index.php?rest_route=\/wp\/v2\/users\/2"}],"replies":[{"embeddable":true,"href":"https:\/\/arantv.az\/index.php?rest_route=%2Fwp%2Fv2%2Fcomments&post=376781"}],"version-history":[{"count":0,"href":"https:\/\/arantv.az\/index.php?rest_route=\/wp\/v2\/posts\/376781\/revisions"}],"wp:featuredmedia":[{"embeddable":true,"href":"https:\/\/arantv.az\/index.php?rest_route=\/wp\/v2\/media\/376782"}],"wp:attachment":[{"href":"https:\/\/arantv.az\/index.php?rest_route=%2Fwp%2Fv2%2Fmedia&parent=376781"}],"wp:term":[{"taxonomy":"category","embeddable":true,"href":"https:\/\/arantv.az\/index.php?rest_route=%2Fwp%2Fv2%2Fcategories&post=376781"},{"taxonomy":"post_tag","embeddable":true,"href":"https:\/\/arantv.az\/index.php?rest_route=%2Fwp%2Fv2%2Ftags&post=376781"}],"curies":[{"name":"wp","href":"https:\/\/api.w.org\/{rel}","templated":true}]}}