{"id":376800,"date":"2021-09-11T09:58:27","date_gmt":"2021-09-11T06:58:27","guid":{"rendered":"https:\/\/arantv.az\/?p=376800"},"modified":"2021-09-11T09:58:27","modified_gmt":"2021-09-11T06:58:27","slug":"siyasi-dialoqun-inkisafi-dovl%c9%99t-siyas%c9%99tinin-prioritet-istiqam%c9%99tl%c9%99rind%c9%99n-biridir-vuqar-r%c9%99himzad%c9%99","status":"publish","type":"post","link":"https:\/\/arantv.az\/?p=376800","title":{"rendered":"Siyasi dialoqun inki\u015faf\u0131 d\u00f6vl\u0259t siyas\u0259tinin prioritet istiqam\u0259tl\u0259rind\u0259n biridir &#8211; V\u00fcqar R\u0259himzad\u0259"},"content":{"rendered":"<p>\u00abAz\u0259rbaycan demokratik, h\u00fcquqi, d\u00fcny\u0259vi d\u00f6vl\u0259tdir. \u00d6lk\u0259mizd\u0259 demokratik c\u0259miyy\u0259tin varl\u0131\u011f\u0131n\u0131 t\u0259sdiql\u0259y\u0259n b\u00fct\u00fcn atributlar\u0131n m\u00f6vcudlu\u011fu \u00fc\u00e7\u00fcn z\u0259ruri add\u0131mlar at\u0131l\u0131r, onlar\u0131n d\u00f6vr\u00fcn, zaman\u0131n t\u0259l\u0259bl\u0259rin\u0259 uy\u011fun t\u0259kmill\u0259\u015fdirilm\u0259si daim diqq\u0259t m\u0259rk\u0259zind\u0259 saxlan\u0131l\u0131r. \u00a0Siyasi m\u00fcnasib\u0259tl\u0259rd\u0259 dialoq m\u00fchitinin d\u0259st\u0259kl\u0259nm\u0259si d\u0259 \u00a0demokratik \u0259n\u0259n\u0259l\u0259rin inki\u015faf\u0131na xidm\u0259t ed\u0259n add\u0131mlar s\u0131ras\u0131ndad\u0131r. \u00a0Az\u0259rbaycan hakimiyy\u0259ti \u00a0m\u00fcxt\u0259lif t\u0259\u015f\u0259bb\u00fcsl\u0259r vasit\u0259sil\u0259 dialoq m\u0259fhumunun aktuall\u0131\u011f\u0131n\u0131n qorunmas\u0131n\u0131 t\u0259min edir. D\u00f6vl\u0259t ba\u015f\u00e7\u0131s\u0131 \u0130lham \u018fliyev 2018-ci il\u00a0 prezident se\u00e7kil\u0259rind\u0259 parlaq q\u0259l\u0259b\u0259sind\u0259n sonra andi\u00e7m\u0259 m\u0259rasimind\u0259 qar\u015f\u0131dak\u0131 d\u00f6vrd\u0259 h\u0259yata ke\u00e7iril\u0259c\u0259k islahatlar\u0131n anonsunu vermi\u015fdir.\u00a0 Bu fikir daim \u00f6n\u0259 \u00e7\u0259kilir ki, islahatlar\u0131n h\u0259yata ke\u00e7irilm\u0259si lab\u00fcdd\u00fcr. Ona g\u00f6r\u0259 ki, \u00a0h\u0259yat yerind\u0259 durmur, daim qar\u015f\u0131ya yeni v\u0259zif\u0259l\u0259r qoyulur. \u00d6lk\u0259 Prezidentinin r\u0259hb\u0259rliyi il\u0259 reall\u0131\u011fa \u00e7evril\u0259n sistemli islahatlar \u00f6z n\u00f6vb\u0259sind\u0259 \u00a0siyasi m\u00fcnasib\u0259tl\u0259r sistemini d\u0259 \u0259hat\u0259 edir. Siyasi sistemin t\u0259kmill\u0259\u015fdirilm\u0259si,\u00a0 siyasi m\u00fcnasib\u0259tl\u0259rin sa\u011flam z\u0259mind\u0259 qurulmas\u0131 istiqam\u0259tind\u0259 \u00a0\u00f6n\u0259mli add\u0131mlar at\u0131l\u0131r v\u0259 bu prosesin \u00a0davaml\u0131 olaca\u011f\u0131 bildirilir. \u00a0B\u00fct\u00fcn bunlar\u0131n n\u0259tic\u0259sidir ki, \u00f6lk\u0259mizin art\u0131q g\u00fcnd\u0259lik siyasi t\u0259cr\u00fcb\u0259sin\u0259 daxil olmu\u015f iqtidar-m\u00fcxalif\u0259t dialoqu davaml\u0131 \u015f\u0259kild\u0259 inki\u015faf edir.\u00bb<\/p>\n<p><em><strong>Bu fikirl\u0259ri YAP X\u0259tai rayon t\u0259\u015fkilat\u0131n\u0131n s\u0259dri, siyasi elml\u0259r doktoru V\u00fcqar R\u0259himzad\u0259 K\u0130V-\u0259 a\u00e7\u0131qlamas\u0131nda bildirib.<\/strong><\/em><\/p>\n<p>V.R\u0259himzad\u0259 qeyd edib ki,\u00a0 \u00fcmummilli maraqlar v\u0259 xalq\u0131n \u00a0rifah\u0131 namin\u0259 \u00f6lk\u0259d\u0259 siyasi dialoq m\u00fchitinin d\u0259st\u0259kl\u0259nm\u0259si strateji \u0259h\u0259miyy\u0259t\u0259 malikdir: \u00abH\u0259r sah\u0259d\u0259 t\u0259cr\u00fcb\u0259si n\u00fcmun\u0259 olan Az\u0259rbaycan\u0131n\u00a0 siyasi dialoq m\u00fchitinin formala\u015fd\u0131r\u0131lmas\u0131 istiqam\u0259tind\u0259 d\u0259 t\u0259qdim etdiyi model beyn\u0259lxalq s\u0259viyy\u0259d\u0259 t\u0259qdir olunur. Bu model bel\u0259 bir \u00a0\u00fcmumi m\u0259nz\u0259r\u0259ni ortaya qoyur ki, \u00f6lk\u0259mizd\u0259 dayan\u0131ql\u0131 inki\u015faf\u0131n, siyasi sabitliyin, h\u0259mr\u0259ylik m\u00fchitinin v\u0259 demokratik \u0259n\u0259n\u0259l\u0259rin t\u0259minat\u00e7\u0131s\u0131 olan siyasi dialoqun\u00a0 inki\u015faf\u0131 d\u00f6vl\u0259t siyas\u0259tinin prioritet istiqam\u0259tl\u0259rind\u0259n biridir.\u00bb<\/p>\n<p>Diqq\u0259ti Prezident Adminitsrasiyas\u0131n\u0131n Siyasi partiyalar v\u0259 qanunvericilik hakimiyy\u0259ti il\u0259 \u0259laq\u0259l\u0259r \u015f\u00f6b\u0259sinin m\u00fcdiri \u018fdal\u0259t V\u0259liyevin m\u00fct\u0259madi olaraq siyasi partiyalar\u0131n r\u0259hb\u0259rl\u0259ri il\u0259 g\u00f6r\u00fc\u015fl\u0259rin\u0259 y\u00f6n\u0259ld\u0259n V\u00fcqar R\u0259himzad\u0259 qeyd edib ki, \u00a0bu t\u0259dbirl\u0259r siyasi dialoq m\u00fchitinin daha sa\u011flam z\u0259mind\u0259 \u00a0formala\u015fmas\u0131na \u00f6z m\u00fcsb\u0259t t\u0259sirini g\u00f6st\u0259rir. Bu bax\u0131mdan h\u0259r bir g\u00f6r\u00fc\u015f\u00fcn d\u00f6vr\u00fcn aktual m\u0259s\u0259l\u0259l\u0259rinin m\u00fczakir\u0259sin\u0259 h\u0259sr edilm\u0259si t\u0259qdir\u0259layiq add\u0131md\u0131r. Reall\u0131q budur ki,\u00a0 d\u00f6vl\u0259t ba\u015f\u00e7\u0131s\u0131n\u0131n siyasi irad\u0259si v\u0259 demokratik d\u0259y\u0259rl\u0259r\u0259 sadiqliyi n\u0259tic\u0259sind\u0259 \u00f6lk\u0259mizd\u0259 dialoq m\u00fchiti durmadan \u00a0inki\u015faf edir: \u00abQeyd ediyimiz kimi, V\u0259t\u0259n m\u00fcharib\u0259si d\u00f6vr\u00fcnd\u0259 d\u00fcnya ictimaiyy\u0259ti Az\u0259rbaycanda m\u00fctl\u0259q siyasi h\u0259mr\u0259yliyin, h\u0259m\u00e7inin b\u00fct\u00fcn xalq\u0131n bir yumruq olaraq b\u00f6y\u00fck Q\u0259l\u0259b\u0259 namin\u0259 Prezident, Ali Ba\u015f Komandan \u00a0\u0130lham \u018fliyevin \u0259traf\u0131nda s\u0131x birl\u0259\u015fm\u0259sinin \u015fahidi oldu. Haz\u0131rda \u00a0demokratik d\u0259y\u0259rl\u0259rin t\u0259\u015fviqin\u0259 xidm\u0259t ed\u0259n bu kimi t\u0259\u015f\u0259bb\u00fcsl\u0259rin icras\u0131 u\u011furla davam etdirilir. Z\u0259nnimc\u0259, sentyabr\u0131n 9-da \u00a0Prezident Administrasiyas\u0131n\u0131n Siyasi partiyalar v\u0259 qanunvericilik hakimiyy\u0259ti il\u0259 \u0259laq\u0259l\u0259r \u015f\u00f6b\u0259sind\u0259 \u00f6lk\u0259d\u0259 f\u0259aliyy\u0259t g\u00f6st\u0259r\u0259n 45 siyasi partiyan\u0131n r\u0259hb\u0259rl\u0259ri il\u0259 \u201cSiyasi partiyalar: Z\u0259f\u0259r, yeni reall\u0131q v\u0259 dialoq\u201d m\u00f6vzusunda g\u00f6r\u00fc\u015f\u00fcn ke\u00e7irilm\u0259sini bu prosesin n\u00f6vb\u0259ti m\u0259rh\u0259l\u0259si hesab etm\u0259k olar.\u00bb<\/p>\n<p>Ba\u015f redaktor son vaxtlarda \u00a0siyasi partiyalar aras\u0131nda birliyin, h\u0259mr\u0259yliyin yarad\u0131lmas\u0131 fonunda onlar\u0131n f\u0259aliyy\u0259tinin daha da \u00a0t\u0259kmill\u0259\u015fdirilm\u0259si istiqam\u0259tind\u0259 at\u0131lan add\u0131mlardan da b\u0259hs edib. Bildirib ki, \u0259ks\u0259r siyasi partiyalar\u0131n ofisl\u0259rinin yenid\u0259n b\u0259rpas\u0131, qurultaylar\u0131n\u0131n ke\u00e7irilm\u0259si \u00fc\u00e7\u00fcn z\u0259ruri yerl\u0259rin m\u00fc\u0259yy\u0259nl\u0259\u015fdirilm\u0259si, bir ne\u00e7\u0259 partiyan\u0131n qeydiyyat\u0131n\u0131n t\u0259min olunmas\u0131 bu diqq\u0259t v\u0259 qay\u011f\u0131n\u0131n t\u0259rkib hiss\u0259l\u0259ridir: \u00ab\u018fn \u0259sas\u0131 \u00abSiyasi partiyalar haqq\u0131nda\u00bb yeni qanunun q\u0259bul olunmas\u0131 z\u0259rur\u0259ti \u00a0g\u00fcnd\u0259m\u0259 g\u0259tirilib v\u0259 bununla ba\u011fl\u0131 konstruktiv \u00a0t\u0259klifl\u0259r ir\u0259li s\u00fcr\u00fclm\u0259kd\u0259dir. Hesab edir\u0259m ki, bug\u00fcnk\u00fc reall\u0131qlar\u0131m\u0131z fonunda \u00a0\u00abSiyasi partiyalar haqq\u0131nda\u00bb yeni qanunun q\u0259bul edilm\u0259si d\u0259 d\u00f6vr\u00fcn aktual \u00e7a\u011f\u0131r\u0131\u015flar\u0131 s\u0131ras\u0131ndad\u0131r. At\u0131lan add\u0131mlar \u00a0siyasi dialoq m\u00fchitinin t\u0259kmill\u0259\u015fdirilm\u0259sinin d\u00f6vl\u0259t siyas\u0259tinin prioritet istiqam\u0259tl\u0259rind\u0259n biri oldu\u011funu \u00a0n\u00fcmayi\u015f etdirir.\u00bb<\/p>\n","protected":false},"excerpt":{"rendered":"<p>\u00abAz\u0259rbaycan demokratik, h\u00fcquqi, d\u00fcny\u0259vi d\u00f6vl\u0259tdir. \u00d6lk\u0259mizd\u0259 demokratik c\u0259miyy\u0259tin varl\u0131\u011f\u0131n\u0131 t\u0259sdiql\u0259y\u0259n b\u00fct\u00fcn atributlar\u0131n m\u00f6vcudlu\u011fu \u00fc\u00e7\u00fcn z\u0259ruri add\u0131mlar at\u0131l\u0131r, onlar\u0131n d\u00f6vr\u00fcn, zaman\u0131n t\u0259l\u0259bl\u0259rin\u0259 uy\u011fun t\u0259kmill\u0259\u015fdirilm\u0259si daim diqq\u0259t m\u0259rk\u0259zind\u0259 saxlan\u0131l\u0131r. \u00a0Siyasi m\u00fcnasib\u0259tl\u0259rd\u0259 dialoq m\u00fchitinin d\u0259st\u0259kl\u0259nm\u0259si d\u0259 \u00a0demokratik \u0259n\u0259n\u0259l\u0259rin inki\u015faf\u0131na xidm\u0259t ed\u0259n add\u0131mlar s\u0131ras\u0131ndad\u0131r. \u00a0Az\u0259rbaycan hakimiyy\u0259ti \u00a0m\u00fcxt\u0259lif t\u0259\u015f\u0259bb\u00fcsl\u0259r vasit\u0259sil\u0259 dialoq m\u0259fhumunun aktuall\u0131\u011f\u0131n\u0131n qorunmas\u0131n\u0131 t\u0259min edir. D\u00f6vl\u0259t ba\u015f\u00e7\u0131s\u0131 \u0130lham \u018fliyev 2018-ci il\u00a0 prezident se\u00e7kil\u0259rind\u0259 parlaq q\u0259l\u0259b\u0259sind\u0259n sonra andi\u00e7m\u0259 m\u0259rasimind\u0259 qar\u015f\u0131dak\u0131 d\u00f6vrd\u0259 h\u0259yata ke\u00e7iril\u0259c\u0259k islahatlar\u0131n anonsunu vermi\u015fdir.\u00a0 Bu fikir daim \u00f6n\u0259 \u00e7\u0259kilir ki, islahatlar\u0131n h\u0259yata ke\u00e7irilm\u0259si lab\u00fcdd\u00fcr. Ona g\u00f6r\u0259 ki, \u00a0h\u0259yat yerind\u0259 durmur, daim qar\u015f\u0131ya yeni&hellip;<\/p>\n","protected":false},"author":2,"featured_media":376801,"comment_status":"closed","ping_status":"closed","sticky":false,"template":"","format":"standard","meta":{"om_disable_all_campaigns":false,"_monsterinsights_skip_tracking":false,"_monsterinsights_sitenote_active":false,"_monsterinsights_sitenote_note":"","_monsterinsights_sitenote_category":0},"categories":[4],"tags":[],"aioseo_notices":[],"gutentor_comment":0,"rttpg_featured_image_url":{"full":["https:\/\/arantv.az\/wp-content\/uploads\/2021\/09\/bdb6920a159178118174866699910063716-1.jpg",975,540,false],"landscape":["https:\/\/arantv.az\/wp-content\/uploads\/2021\/09\/bdb6920a159178118174866699910063716-1.jpg",975,540,false],"portraits":["https:\/\/arantv.az\/wp-content\/uploads\/2021\/09\/bdb6920a159178118174866699910063716-1.jpg",975,540,false],"thumbnail":["https:\/\/arantv.az\/wp-content\/uploads\/2021\/09\/bdb6920a159178118174866699910063716-1-500x280.jpg",500,280,true],"medium":["https:\/\/arantv.az\/wp-content\/uploads\/2021\/09\/bdb6920a159178118174866699910063716-1-660x365.jpg",660,365,true],"large":["https:\/\/arantv.az\/wp-content\/uploads\/2021\/09\/bdb6920a159178118174866699910063716-1-840x465.jpg",640,354,true],"1536x1536":["https:\/\/arantv.az\/wp-content\/uploads\/2021\/09\/bdb6920a159178118174866699910063716-1.jpg",975,540,false],"2048x2048":["https:\/\/arantv.az\/wp-content\/uploads\/2021\/09\/bdb6920a159178118174866699910063716-1.jpg",975,540,false],"post-thumbnail":["https:\/\/arantv.az\/wp-content\/uploads\/2021\/09\/bdb6920a159178118174866699910063716-1-240x172.jpg",240,172,true],"advps-thumb-one":["https:\/\/arantv.az\/wp-content\/uploads\/2021\/09\/bdb6920a159178118174866699910063716-1.jpg",975,540,false]},"rttpg_author":{"display_name":"V\u00fcsal Rafiqo\u011flu","author_link":"https:\/\/arantv.az\/?author=2"},"rttpg_comment":0,"rttpg_category":"<a href=\"https:\/\/arantv.az\/?cat=4\" rel=\"category\">Siyas\u0259t<\/a>","rttpg_excerpt":"\u00abAz\u0259rbaycan demokratik, h\u00fcquqi, d\u00fcny\u0259vi d\u00f6vl\u0259tdir. \u00d6lk\u0259mizd\u0259 demokratik c\u0259miyy\u0259tin varl\u0131\u011f\u0131n\u0131 t\u0259sdiql\u0259y\u0259n b\u00fct\u00fcn atributlar\u0131n m\u00f6vcudlu\u011fu \u00fc\u00e7\u00fcn z\u0259ruri add\u0131mlar at\u0131l\u0131r, onlar\u0131n d\u00f6vr\u00fcn, zaman\u0131n t\u0259l\u0259bl\u0259rin\u0259 uy\u011fun t\u0259kmill\u0259\u015fdirilm\u0259si daim diqq\u0259t m\u0259rk\u0259zind\u0259 saxlan\u0131l\u0131r. \u00a0Siyasi m\u00fcnasib\u0259tl\u0259rd\u0259 dialoq m\u00fchitinin d\u0259st\u0259kl\u0259nm\u0259si d\u0259 \u00a0demokratik \u0259n\u0259n\u0259l\u0259rin inki\u015faf\u0131na xidm\u0259t ed\u0259n add\u0131mlar s\u0131ras\u0131ndad\u0131r. \u00a0Az\u0259rbaycan hakimiyy\u0259ti \u00a0m\u00fcxt\u0259lif t\u0259\u015f\u0259bb\u00fcsl\u0259r vasit\u0259sil\u0259 dialoq m\u0259fhumunun aktuall\u0131\u011f\u0131n\u0131n qorunmas\u0131n\u0131 t\u0259min edir. D\u00f6vl\u0259t ba\u015f\u00e7\u0131s\u0131 \u0130lham \u018fliyev&hellip;","_links":{"self":[{"href":"https:\/\/arantv.az\/index.php?rest_route=\/wp\/v2\/posts\/376800"}],"collection":[{"href":"https:\/\/arantv.az\/index.php?rest_route=\/wp\/v2\/posts"}],"about":[{"href":"https:\/\/arantv.az\/index.php?rest_route=\/wp\/v2\/types\/post"}],"author":[{"embeddable":true,"href":"https:\/\/arantv.az\/index.php?rest_route=\/wp\/v2\/users\/2"}],"replies":[{"embeddable":true,"href":"https:\/\/arantv.az\/index.php?rest_route=%2Fwp%2Fv2%2Fcomments&post=376800"}],"version-history":[{"count":0,"href":"https:\/\/arantv.az\/index.php?rest_route=\/wp\/v2\/posts\/376800\/revisions"}],"wp:featuredmedia":[{"embeddable":true,"href":"https:\/\/arantv.az\/index.php?rest_route=\/wp\/v2\/media\/376801"}],"wp:attachment":[{"href":"https:\/\/arantv.az\/index.php?rest_route=%2Fwp%2Fv2%2Fmedia&parent=376800"}],"wp:term":[{"taxonomy":"category","embeddable":true,"href":"https:\/\/arantv.az\/index.php?rest_route=%2Fwp%2Fv2%2Fcategories&post=376800"},{"taxonomy":"post_tag","embeddable":true,"href":"https:\/\/arantv.az\/index.php?rest_route=%2Fwp%2Fv2%2Ftags&post=376800"}],"curies":[{"name":"wp","href":"https:\/\/api.w.org\/{rel}","templated":true}]}}